{"id":156191,"date":"2018-11-22T10:30:44","date_gmt":"2018-11-22T10:30:44","guid":{"rendered":"https:\/\/dievolkswirtschaft.ch\/main-focus-posts\/dossier-11-2018-2\/"},"modified":"2018-11-22T10:30:44","modified_gmt":"2018-11-22T10:30:44","slug":"dossier-11-2018-2","status":"publish","type":"main_focus_post","link":"https:\/\/dievolkswirtschaft.ch\/de\/schwerpunkte\/dossier-11-2018-2\/","title":{"rendered":"Arbeitsintegration koordinieren"},"content":{"rendered":"<p>Bei der beruflichen Integration von Arbeitslosen, IV-Bez\u00fcgern und Fl\u00fcchtlingen sind h\u00e4ufig mehrere Institutionen involviert. Die kantonale und nationale Zusammenarbeit von Invalidenversicherung, Arbeitslosenversicherung und Sozialhilfe erh\u00f6ht die Effizienz und verbessert die Betreuung, wie ein Aargauer Pilotprojekt zeigt.<\/p>","protected":false},"author":4624,"featured_media":156196,"template":"","acf":{"main_focus_post_central_image":156194,"main_focus_posts_list":[105653,105802,105784,105815,105797,105754],"animation":null},"_links":{"self":[{"href":"https:\/\/dievolkswirtschaft.ch\/de\/wp-json\/wp\/v2\/main_focus_post\/156191"}],"collection":[{"href":"https:\/\/dievolkswirtschaft.ch\/de\/wp-json\/wp\/v2\/main_focus_post"}],"about":[{"href":"https:\/\/dievolkswirtschaft.ch\/de\/wp-json\/wp\/v2\/types\/main_focus_post"}],"author":[{"embeddable":true,"href":"https:\/\/dievolkswirtschaft.ch\/de\/wp-json\/wp\/v2\/users\/4624"}],"version-history":[{"count":0,"href":"https:\/\/dievolkswirtschaft.ch\/de\/wp-json\/wp\/v2\/main_focus_post\/156191\/revisions"}],"acf:post":[{"embeddable":true,"href":"https:\/\/dievolkswirtschaft.ch\/de\/wp-json\/wp\/v2\/posts\/105754"},{"embeddable":true,"href":"https:\/\/dievolkswirtschaft.ch\/de\/wp-json\/wp\/v2\/posts\/105797"},{"embeddable":true,"href":"https:\/\/dievolkswirtschaft.ch\/de\/wp-json\/wp\/v2\/posts\/105815"},{"embeddable":true,"href":"https:\/\/dievolkswirtschaft.ch\/de\/wp-json\/wp\/v2\/posts\/105784"},{"embeddable":true,"href":"https:\/\/dievolkswirtschaft.ch\/de\/wp-json\/wp\/v2\/posts\/105802"},{"embeddable":true,"href":"https:\/\/dievolkswirtschaft.ch\/de\/wp-json\/wp\/v2\/posts\/105653"}],"wp:featuredmedia":[{"embeddable":true,"href":"https:\/\/dievolkswirtschaft.ch\/de\/wp-json\/wp\/v2\/media\/156196"}],"wp:attachment":[{"href":"https:\/\/dievolkswirtschaft.ch\/de\/wp-json\/wp\/v2\/media?parent=156191"}],"curies":[{"name":"wp","href":"https:\/\/api.w.org\/{rel}","templated":true}]}}