{"id":156325,"date":"2017-09-25T11:00:12","date_gmt":"2017-09-25T11:00:12","guid":{"rendered":"https:\/\/dievolkswirtschaft.ch\/main-focus-posts\/oekonomische-perspektiven-der-berggebiete\/"},"modified":"2017-09-25T11:00:12","modified_gmt":"2017-09-25T11:00:12","slug":"oekonomische-perspektiven-der-berggebiete","status":"publish","type":"main_focus_post","link":"https:\/\/dievolkswirtschaft.ch\/de\/schwerpunkte\/oekonomische-perspektiven-der-berggebiete\/","title":{"rendered":"\u00d6konomische Perspektiven der Berggebiete"},"content":{"rendered":"<p>Alpen und Jura \u2013 die Berge pr\u00e4gen das Bild unseres Landes im Inland wie im Ausland. Doch die Bergregionen stehen wirtschaftlich unter Druck. Der starke Franken und die Klimaerw\u00e4rmung setzen dem traditionellen Tourismussektor zu. Hinzu kommen die in Zukunft unsicheren Einnahmen aus den Wasserzinsen. Und die Zweitwohnungsinitiative bremst die Baut\u00e4tigkeit im Bausektor. Viele Junge wandern in die St\u00e4dte ab. Was k\u00f6nnen die Bergregionen dagegen tun? Lesen Sie in diesem Fokus, mit welchen Strategien die Bergregionen ihre Zukunft gestalten k\u00f6nnen und wie der Bund sie dabei unterst\u00fctzt.<\/p>","protected":false},"author":4119,"featured_media":156330,"template":"","acf":{"main_focus_post_central_image":156328,"main_focus_posts_list":[108860,108809,108826,108898,108843,108877,108665,108920],"animation":null},"_links":{"self":[{"href":"https:\/\/dievolkswirtschaft.ch\/de\/wp-json\/wp\/v2\/main_focus_post\/156325"}],"collection":[{"href":"https:\/\/dievolkswirtschaft.ch\/de\/wp-json\/wp\/v2\/main_focus_post"}],"about":[{"href":"https:\/\/dievolkswirtschaft.ch\/de\/wp-json\/wp\/v2\/types\/main_focus_post"}],"author":[{"embeddable":true,"href":"https:\/\/dievolkswirtschaft.ch\/de\/wp-json\/wp\/v2\/users\/4119"}],"version-history":[{"count":0,"href":"https:\/\/dievolkswirtschaft.ch\/de\/wp-json\/wp\/v2\/main_focus_post\/156325\/revisions"}],"acf:post":[{"embeddable":true,"href":"https:\/\/dievolkswirtschaft.ch\/de\/wp-json\/wp\/v2\/posts\/108920"},{"embeddable":true,"href":"https:\/\/dievolkswirtschaft.ch\/de\/wp-json\/wp\/v2\/posts\/108665"},{"embeddable":true,"href":"https:\/\/dievolkswirtschaft.ch\/de\/wp-json\/wp\/v2\/posts\/108877"},{"embeddable":true,"href":"https:\/\/dievolkswirtschaft.ch\/de\/wp-json\/wp\/v2\/posts\/108843"},{"embeddable":true,"href":"https:\/\/dievolkswirtschaft.ch\/de\/wp-json\/wp\/v2\/posts\/108898"},{"embeddable":true,"href":"https:\/\/dievolkswirtschaft.ch\/de\/wp-json\/wp\/v2\/posts\/108826"},{"embeddable":true,"href":"https:\/\/dievolkswirtschaft.ch\/de\/wp-json\/wp\/v2\/posts\/108809"},{"embeddable":true,"href":"https:\/\/dievolkswirtschaft.ch\/de\/wp-json\/wp\/v2\/posts\/108860"}],"wp:featuredmedia":[{"embeddable":true,"href":"https:\/\/dievolkswirtschaft.ch\/de\/wp-json\/wp\/v2\/media\/156330"}],"wp:attachment":[{"href":"https:\/\/dievolkswirtschaft.ch\/de\/wp-json\/wp\/v2\/media?parent=156325"}],"curies":[{"name":"wp","href":"https:\/\/api.w.org\/{rel}","templated":true}]}}