{"id":187238,"date":"2023-12-12T07:00:02","date_gmt":"2023-12-12T06:00:02","guid":{"rendered":"https:\/\/dievolkswirtschaft.ch\/?post_type=main_focus_post&#038;p=187238"},"modified":"2023-12-12T09:51:11","modified_gmt":"2023-12-12T08:51:11","slug":"was-haelt-die-schweiz-zusammen","status":"publish","type":"main_focus_post","link":"https:\/\/dievolkswirtschaft.ch\/de\/schwerpunkte\/was-haelt-die-schweiz-zusammen\/","title":{"rendered":"Was h\u00e4lt die Schweiz zusammen?"},"content":{"rendered":"<p>Was meinen Sie: Was h\u00e4lt unseren Bundesstaat seit 175 Jahren zusammen? Ist es der F\u00f6deralismus, die Wirtschaft oder gar der Service public? Oder vielleicht eben doch \u2026? Wir haben nachgefragt und ein Potpourri an Antworten erhalten.<\/p>","protected":false},"author":3988,"featured_media":192870,"template":"","acf":{"main_focus_post_central_image":192868,"main_focus_posts_list":[192708,193323,193028,192733,192720,193013,192742,192726,192748,193267,192729,193031,192736,193326,192745,192723,192711,193016,193271,192753,194363,194364],"animation":192868},"_links":{"self":[{"href":"https:\/\/dievolkswirtschaft.ch\/de\/wp-json\/wp\/v2\/main_focus_post\/187238"}],"collection":[{"href":"https:\/\/dievolkswirtschaft.ch\/de\/wp-json\/wp\/v2\/main_focus_post"}],"about":[{"href":"https:\/\/dievolkswirtschaft.ch\/de\/wp-json\/wp\/v2\/types\/main_focus_post"}],"author":[{"embeddable":true,"href":"https:\/\/dievolkswirtschaft.ch\/de\/wp-json\/wp\/v2\/users\/3988"}],"version-history":[{"count":7,"href":"https:\/\/dievolkswirtschaft.ch\/de\/wp-json\/wp\/v2\/main_focus_post\/187238\/revisions"}],"predecessor-version":[{"id":193956,"href":"https:\/\/dievolkswirtschaft.ch\/de\/wp-json\/wp\/v2\/main_focus_post\/187238\/revisions\/193956"}],"acf:post":[{"embeddable":true,"href":"https:\/\/dievolkswirtschaft.ch\/de\/wp-json\/wp\/v2\/revision\/194363"},{"embeddable":true,"href":"https:\/\/dievolkswirtschaft.ch\/de\/wp-json\/wp\/v2\/posts\/192753"},{"embeddable":true,"href":"https:\/\/dievolkswirtschaft.ch\/de\/wp-json\/wp\/v2\/posts\/193271"},{"embeddable":true,"href":"https:\/\/dievolkswirtschaft.ch\/de\/wp-json\/wp\/v2\/posts\/193016"},{"embeddable":true,"href":"https:\/\/dievolkswirtschaft.ch\/de\/wp-json\/wp\/v2\/posts\/192711"},{"embeddable":true,"href":"https:\/\/dievolkswirtschaft.ch\/de\/wp-json\/wp\/v2\/posts\/192723"},{"embeddable":true,"href":"https:\/\/dievolkswirtschaft.ch\/de\/wp-json\/wp\/v2\/posts\/192745"},{"embeddable":true,"href":"https:\/\/dievolkswirtschaft.ch\/de\/wp-json\/wp\/v2\/posts\/193326"},{"embeddable":true,"href":"https:\/\/dievolkswirtschaft.ch\/de\/wp-json\/wp\/v2\/posts\/192736"},{"embeddable":true,"href":"https:\/\/dievolkswirtschaft.ch\/de\/wp-json\/wp\/v2\/posts\/193031"},{"embeddable":true,"href":"https:\/\/dievolkswirtschaft.ch\/de\/wp-json\/wp\/v2\/posts\/192729"},{"embeddable":true,"href":"https:\/\/dievolkswirtschaft.ch\/de\/wp-json\/wp\/v2\/posts\/193267"},{"embeddable":true,"href":"https:\/\/dievolkswirtschaft.ch\/de\/wp-json\/wp\/v2\/posts\/192748"},{"embeddable":true,"href":"https:\/\/dievolkswirtschaft.ch\/de\/wp-json\/wp\/v2\/posts\/192726"},{"embeddable":true,"href":"https:\/\/dievolkswirtschaft.ch\/de\/wp-json\/wp\/v2\/posts\/192742"},{"embeddable":true,"href":"https:\/\/dievolkswirtschaft.ch\/de\/wp-json\/wp\/v2\/posts\/193013"},{"embeddable":true,"href":"https:\/\/dievolkswirtschaft.ch\/de\/wp-json\/wp\/v2\/posts\/192720"},{"embeddable":true,"href":"https:\/\/dievolkswirtschaft.ch\/de\/wp-json\/wp\/v2\/posts\/192733"},{"embeddable":true,"href":"https:\/\/dievolkswirtschaft.ch\/de\/wp-json\/wp\/v2\/posts\/193028"},{"embeddable":true,"href":"https:\/\/dievolkswirtschaft.ch\/de\/wp-json\/wp\/v2\/posts\/193323"},{"embeddable":true,"href":"https:\/\/dievolkswirtschaft.ch\/de\/wp-json\/wp\/v2\/posts\/192708"}],"wp:featuredmedia":[{"embeddable":true,"href":"https:\/\/dievolkswirtschaft.ch\/de\/wp-json\/wp\/v2\/media\/192870"}],"wp:attachment":[{"href":"https:\/\/dievolkswirtschaft.ch\/de\/wp-json\/wp\/v2\/media?parent=187238"}],"curies":[{"name":"wp","href":"https:\/\/api.w.org\/{rel}","templated":true}]}}