{"id":198621,"date":"2024-05-07T09:29:46","date_gmt":"2024-05-07T07:29:46","guid":{"rendered":"https:\/\/dievolkswirtschaft.ch\/?post_type=main_focus_post&#038;p=198621"},"modified":"2024-05-07T09:37:36","modified_gmt":"2024-05-07T07:37:36","slug":"begehrter-wohnraum-in-der-schweiz","status":"publish","type":"main_focus_post","link":"https:\/\/dievolkswirtschaft.ch\/de\/schwerpunkte\/begehrter-wohnraum-in-der-schweiz\/","title":{"rendered":"Begehrter Wohnraum in der Schweiz"},"content":{"rendered":"<p>In der Schweiz wird der Wohnraum allm\u00e4hlich knapp. Das Bev\u00f6lkerungswachstum, kleiner werdende Haushalte und gr\u00f6ssere Wohnfl\u00e4chen sind die wichtigsten Treiber. Wir gehen im Schwerpunkt den Fragen nach, warum trotz hoher Nachfrage nicht mehr gebaut wird und wie Markt und Staat beim Thema Wohnen interagieren.<\/p>","protected":false},"author":9862,"featured_media":198887,"template":"","acf":{"main_focus_post_central_image":198883,"main_focus_posts_list":[197815,197585,197590,197710,197595,197600,197606,197697,198012],"animation":198883},"_links":{"self":[{"href":"https:\/\/dievolkswirtschaft.ch\/de\/wp-json\/wp\/v2\/main_focus_post\/198621"}],"collection":[{"href":"https:\/\/dievolkswirtschaft.ch\/de\/wp-json\/wp\/v2\/main_focus_post"}],"about":[{"href":"https:\/\/dievolkswirtschaft.ch\/de\/wp-json\/wp\/v2\/types\/main_focus_post"}],"author":[{"embeddable":true,"href":"https:\/\/dievolkswirtschaft.ch\/de\/wp-json\/wp\/v2\/users\/9862"}],"version-history":[{"count":6,"href":"https:\/\/dievolkswirtschaft.ch\/de\/wp-json\/wp\/v2\/main_focus_post\/198621\/revisions"}],"predecessor-version":[{"id":198895,"href":"https:\/\/dievolkswirtschaft.ch\/de\/wp-json\/wp\/v2\/main_focus_post\/198621\/revisions\/198895"}],"acf:post":[{"embeddable":true,"href":"https:\/\/dievolkswirtschaft.ch\/de\/wp-json\/wp\/v2\/posts\/198012"},{"embeddable":true,"href":"https:\/\/dievolkswirtschaft.ch\/de\/wp-json\/wp\/v2\/posts\/197697"},{"embeddable":true,"href":"https:\/\/dievolkswirtschaft.ch\/de\/wp-json\/wp\/v2\/posts\/197606"},{"embeddable":true,"href":"https:\/\/dievolkswirtschaft.ch\/de\/wp-json\/wp\/v2\/posts\/197600"},{"embeddable":true,"href":"https:\/\/dievolkswirtschaft.ch\/de\/wp-json\/wp\/v2\/posts\/197595"},{"embeddable":true,"href":"https:\/\/dievolkswirtschaft.ch\/de\/wp-json\/wp\/v2\/posts\/197710"},{"embeddable":true,"href":"https:\/\/dievolkswirtschaft.ch\/de\/wp-json\/wp\/v2\/posts\/197590"},{"embeddable":true,"href":"https:\/\/dievolkswirtschaft.ch\/de\/wp-json\/wp\/v2\/posts\/197585"},{"embeddable":true,"href":"https:\/\/dievolkswirtschaft.ch\/de\/wp-json\/wp\/v2\/posts\/197815"}],"wp:featuredmedia":[{"embeddable":true,"href":"https:\/\/dievolkswirtschaft.ch\/de\/wp-json\/wp\/v2\/media\/198887"}],"wp:attachment":[{"href":"https:\/\/dievolkswirtschaft.ch\/de\/wp-json\/wp\/v2\/media?parent=198621"}],"curies":[{"name":"wp","href":"https:\/\/api.w.org\/{rel}","templated":true}]}}