{"id":214112,"date":"2025-10-07T09:38:05","date_gmt":"2025-10-07T07:38:05","guid":{"rendered":"https:\/\/dievolkswirtschaft.ch\/?post_type=main_focus_post&#038;p=214112"},"modified":"2025-10-07T09:38:05","modified_gmt":"2025-10-07T07:38:05","slug":"schweizer-berufsbildung-internationales-vorbild","status":"publish","type":"main_focus_post","link":"https:\/\/dievolkswirtschaft.ch\/de\/schwerpunkte\/schweizer-berufsbildung-internationales-vorbild\/","title":{"rendered":"Schweizer Berufsbildung: Internationales Vorbild"},"content":{"rendered":"<p>Die Berufsbildung ist ein Trumpf der Schweiz. Auch andere L\u00e4nder wie etwa die USA interessieren sich daf\u00fcr. Doch das System ist ein komplexes Gef\u00fcge. In der Schweiz greifen alle Zahnr\u00e4der gut ineinander. In unserem Schwerpunkt kl\u00e4ren wir, was Staaten in der Berufsbildung voneinander lernen k\u00f6nnen und ob das duale Bildungssystem der Schweiz die Jugendarbeitslosigkeit hierzulande tief h\u00e4lt.<\/p>","protected":false},"author":3988,"featured_media":214193,"template":"","acf":{"main_focus_post_central_image":214195,"main_focus_posts_list":[213573,213579,213046,213953,213804,213795,213584,214107,213946,213582,213959,213798,213587,213949],"animation":214195},"_links":{"self":[{"href":"https:\/\/dievolkswirtschaft.ch\/de\/wp-json\/wp\/v2\/main_focus_post\/214112"}],"collection":[{"href":"https:\/\/dievolkswirtschaft.ch\/de\/wp-json\/wp\/v2\/main_focus_post"}],"about":[{"href":"https:\/\/dievolkswirtschaft.ch\/de\/wp-json\/wp\/v2\/types\/main_focus_post"}],"author":[{"embeddable":true,"href":"https:\/\/dievolkswirtschaft.ch\/de\/wp-json\/wp\/v2\/users\/3988"}],"version-history":[{"count":5,"href":"https:\/\/dievolkswirtschaft.ch\/de\/wp-json\/wp\/v2\/main_focus_post\/214112\/revisions"}],"predecessor-version":[{"id":214495,"href":"https:\/\/dievolkswirtschaft.ch\/de\/wp-json\/wp\/v2\/main_focus_post\/214112\/revisions\/214495"}],"acf:post":[{"embeddable":true,"href":"https:\/\/dievolkswirtschaft.ch\/de\/wp-json\/wp\/v2\/posts\/213949"},{"embeddable":true,"href":"https:\/\/dievolkswirtschaft.ch\/de\/wp-json\/wp\/v2\/posts\/213587"},{"embeddable":true,"href":"https:\/\/dievolkswirtschaft.ch\/de\/wp-json\/wp\/v2\/posts\/213798"},{"embeddable":true,"href":"https:\/\/dievolkswirtschaft.ch\/de\/wp-json\/wp\/v2\/posts\/213959"},{"embeddable":true,"href":"https:\/\/dievolkswirtschaft.ch\/de\/wp-json\/wp\/v2\/posts\/213582"},{"embeddable":true,"href":"https:\/\/dievolkswirtschaft.ch\/de\/wp-json\/wp\/v2\/posts\/213946"},{"embeddable":true,"href":"https:\/\/dievolkswirtschaft.ch\/de\/wp-json\/wp\/v2\/posts\/214107"},{"embeddable":true,"href":"https:\/\/dievolkswirtschaft.ch\/de\/wp-json\/wp\/v2\/posts\/213584"},{"embeddable":true,"href":"https:\/\/dievolkswirtschaft.ch\/de\/wp-json\/wp\/v2\/posts\/213795"},{"embeddable":true,"href":"https:\/\/dievolkswirtschaft.ch\/de\/wp-json\/wp\/v2\/posts\/213804"},{"embeddable":true,"href":"https:\/\/dievolkswirtschaft.ch\/de\/wp-json\/wp\/v2\/posts\/213953"},{"embeddable":true,"href":"https:\/\/dievolkswirtschaft.ch\/de\/wp-json\/wp\/v2\/posts\/213046"},{"embeddable":true,"href":"https:\/\/dievolkswirtschaft.ch\/de\/wp-json\/wp\/v2\/posts\/213579"},{"embeddable":true,"href":"https:\/\/dievolkswirtschaft.ch\/de\/wp-json\/wp\/v2\/posts\/213573"}],"wp:featuredmedia":[{"embeddable":true,"href":"https:\/\/dievolkswirtschaft.ch\/de\/wp-json\/wp\/v2\/media\/214193"}],"wp:attachment":[{"href":"https:\/\/dievolkswirtschaft.ch\/de\/wp-json\/wp\/v2\/media?parent=214112"}],"curies":[{"name":"wp","href":"https:\/\/api.w.org\/{rel}","templated":true}]}}