{"id":101793,"date":"2020-06-19T15:30:06","date_gmt":"2020-06-19T15:30:06","guid":{"rendered":"https:\/\/dievolkswirtschaft.ch\/2020\/06\/pasche-07-2020fr\/"},"modified":"2024-03-27T11:58:31","modified_gmt":"2024-03-27T10:58:31","slug":"uhren-botschafter-der-schweiz","status":"publish","type":"post","link":"https:\/\/dievolkswirtschaft.ch\/de\/2020\/06\/uhren-botschafter-der-schweiz\/","title":{"rendered":"Uhren \u2013 Botschafter der Schweiz"},"content":{"rendered":"<p>Wer \u00abUhren\u00bb h\u00f6rt, denkt an die Schweiz \u2013 wer \u00abSchweiz\u00bb h\u00f6rt, denkt an Uhren. Seit beinahe vier Jahrhunderten profitiert dieses Zweigespann von den gegenseitigen Qualit\u00e4ten. Deshalb erstaunt es nicht, dass \u00abSwiss made\u00bb f\u00fcr die Uhrenbranche besonders wichtig ist und dass sich die Branche dezidiert f\u00fcr eine St\u00e4rkung des Labels im Rahmen des Projekts \u00abSwissness\u00bb eingesetzt hat. Denn gegen\u00fcber den Kunden gilt es zu garantieren, dass die Uhren mehrheitlich in der Schweiz hergestellt werden, sowohl was den Wert als auch die Herstellungsschritte betrifft.<\/p>\n<p>Uhren tragen das Label \u00abSwiss made\u00bb in die Welt hinaus: 50\u00a0Prozent gehen nach Asien (insbesondere Hongkong, China und Japan), rund 30\u00a0Prozent nach Europa und 15\u00a0Prozent nach Amerika, vorwiegend in die USA. Beeindruckend ist das Wachstum seit der Jahrtausendwende in China. Doch das Uhrengesch\u00e4ft erlebte auch immer wieder st\u00fcrmische Zeiten in Form von strukturellen Krisen wie in den Siebziger- und Achtzigerjahren sowie konjunkturelle Einbr\u00fcche wie 2008 bis 2009. Nach einer erneuten Durststrecke in den Jahren 2015 bis 2016, insbesondere aufgrund des starken Frankens, konnte der Sektor in den folgenden drei Gesch\u00e4ftsjahren erneut gute Resultate vorweisen. Insgesamt \u00fcberzeugt die Branche: In den vergangenen 50 Jahren hat sich ihr Umsatz versiebenfacht. 2019 belief sich das Exportvolumen auf 21,7 Milliarden Franken.<\/p>\n<p>Derzeit leidet die Schweizer Uhrenbranche wie die gesamte Weltwirtschaft unter dem Konjunktureinbruch aufgrund der Corona-Pandemie. Die Zukunft bleibt ungewiss, wir sind jedoch \u00fcberzeugt, dass die Branche auf den Wachstumspfad zur\u00fcckfinden wird. Vieles spricht daf\u00fcr, dass sie sich als Nummer 1 auf dem Weltmarkt behaupten wird: der Markenwert, die Qualit\u00e4t von Produktion und Ausbildung, aber auch die technische und \u00e4sthetische Innovationskraft sowie das Vertriebsnetz.<\/p>\n<h2>Exporte sind \u00fcberlebenswichtig<\/h2>\n<p>Die Schweizer Uhren m\u00fcssen sich vor allem im unteren und mittleren Preissegment gegen ausl\u00e4ndische Konkurrenz durchsetzen. Diese kommt auch aus der EU, vor allem aber aus Asien, insbesondere China, Hongkong, Japan und Indien. Im oberen Preissegment findet der Wettbewerb, mit wenigen Ausnahmen, vorwiegend unter den Schweizer Marken selbst statt. Aus China und der EU importiert die Schweiz ebenfalls g\u00fcnstige Uhren und Komponenten \u2013 vor allem aber in den unteren Preisklassen.<\/p>\n<p>F\u00fcr eine zukunftstr\u00e4chtige Entwicklung muss die Branche exportieren und neue M\u00e4rkte erschliessen. Oder sie muss ihre Position ausbauen: etwa in Indien, Indonesien oder in den Mercosur-Staaten. Die Optimierung der Rahmenbedingungen in diesen Regionen insbesondere mittels Freihandelsvertr\u00e4gen ist unverzichtbar. Denn diese sind f\u00fcr die exportabh\u00e4ngige Uhrenbranche \u00fcberlebenswichtig. Zwar gehen fast 80\u00a0Prozent der Exporte in L\u00e4nder, mit denen solche Abkommen bereits bestehen (EU, China, Hongkong, Japan, Singapur, S\u00fcdkorea, Mexiko usw.). Von den grossen M\u00e4rkten fehlen derzeit nur die USA. Abkommen mit M\u00e4rkten wie Indien, Indonesien oder Mercosur w\u00fcrden es der Uhrenbranche aber wesentlich erleichtern, Fuss zu fassen und l\u00e4ngerfristig zu wachsen.<\/p>","protected":false},"excerpt":{"rendered":"<p>Wer \u00abUhren\u00bb h\u00f6rt, denkt an die Schweiz \u2013 wer \u00abSchweiz\u00bb h\u00f6rt, denkt an Uhren. Seit beinahe vier Jahrhunderten profitiert dieses Zweigespann von den gegenseitigen Qualit\u00e4ten. Deshalb erstaunt es nicht, dass \u00abSwiss made\u00bb f\u00fcr die Uhrenbranche besonders wichtig ist und dass sich die Branche dezidiert f\u00fcr eine St\u00e4rkung des Labels im Rahmen des Projekts \u00abSwissness\u00bb eingesetzt [&hellip;]<\/p>","protected":false},"author":5041,"featured_media":195413,"comment_status":"closed","ping_status":"closed","sticky":false,"template":"","format":"standard","meta":{"_acf_changed":false,"om_disable_all_campaigns":false,"ep_exclude_from_search":false,"footnotes":""},"post__type":[67,69],"post_opinion":[71],"post_serie":[],"post_content_category":[97],"post_content_subject":[],"acf":{"seco_author":5041,"seco_co_author":"","author_override":"","seco_author_post_ocupation_year":"","seco_author_post_occupation_de":"Pr\u00e4sident des Verbands der Schweizerischen Uhrenindustrie (FH), Biel","seco_author_post_occupation_fr":"Pr\u00e9sident de la F\u00e9d\u00e9ration de l\u2019industrie horlog\u00e8re suisse (FH), Bienne (BE)","seco_co_authors_post_ocupation":null,"short_title":"Uhren repr\u00e4sentieren die Schweiz","post_lead":"Die Schweizer Uhrenbranche exportiert in die ganze Welt. F\u00fcr ihr weiteres Wachstum sind Freihandelsabkommen zentral.","post_hero_image_description":"","post_hero_image_description_copyright_de":"","post_hero_image_description_copyright_fr":"","post_references_literature":"","post_kasten":null,"post_notes_for_print":"","first_teaser_header_de":"","first_teaser_header_fr":"","first_teaser_text_de":"","first_teaser_text_fr":"","second_teaser_header_de":"","second_teaser_header_fr":"","second_teaser_text_de":"","second_teaser_text_fr":"","kseason_de":"","kseason_fr":"","post_in_pdf":101796,"main_focus":[155988,156797],"serie_email":null,"frontpage_slider_bild":"","artikel_bild-slider":null,"legacy_id":"95616","post_abstract":"","magazine_issue":"20200701","seco_author_reccomended_post":"","redaktoren":[3988],"korrektor":"","planned_publication_date":"2020-06-19 13:30:06","original_files":null,"external_release_for_author":"20200529","external_release_for_author_time":"00:00:00","link_for_external_authors":"https:\/\/dievolkswirtschaft.ch\/exedit\/5eba6660cfb1b"},"_links":{"self":[{"href":"https:\/\/dievolkswirtschaft.ch\/de\/wp-json\/wp\/v2\/posts\/101793"}],"collection":[{"href":"https:\/\/dievolkswirtschaft.ch\/de\/wp-json\/wp\/v2\/posts"}],"about":[{"href":"https:\/\/dievolkswirtschaft.ch\/de\/wp-json\/wp\/v2\/types\/post"}],"author":[{"embeddable":true,"href":"https:\/\/dievolkswirtschaft.ch\/de\/wp-json\/wp\/v2\/users\/5041"}],"replies":[{"embeddable":true,"href":"https:\/\/dievolkswirtschaft.ch\/de\/wp-json\/wp\/v2\/comments?post=101793"}],"version-history":[{"count":2,"href":"https:\/\/dievolkswirtschaft.ch\/de\/wp-json\/wp\/v2\/posts\/101793\/revisions"}],"predecessor-version":[{"id":197382,"href":"https:\/\/dievolkswirtschaft.ch\/de\/wp-json\/wp\/v2\/posts\/101793\/revisions\/197382"}],"acf:user":[{"embeddable":true,"href":"https:\/\/dievolkswirtschaft.ch\/de\/wp-json\/wp\/v2\/users\/3988"},{"embeddable":true,"href":"https:\/\/dievolkswirtschaft.ch\/de\/wp-json\/wp\/v2\/users\/5041"}],"acf:post":[{"embeddable":true,"href":"https:\/\/dievolkswirtschaft.ch\/de\/wp-json\/wp\/v2\/main_focus_post\/156797"},{"embeddable":true,"href":"https:\/\/dievolkswirtschaft.ch\/de\/wp-json\/wp\/v2\/main_focus_post\/155988"}],"wp:featuredmedia":[{"embeddable":true,"href":"https:\/\/dievolkswirtschaft.ch\/de\/wp-json\/wp\/v2\/media\/195413"}],"wp:attachment":[{"href":"https:\/\/dievolkswirtschaft.ch\/de\/wp-json\/wp\/v2\/media?parent=101793"}],"wp:term":[{"taxonomy":"post__type","embeddable":true,"href":"https:\/\/dievolkswirtschaft.ch\/de\/wp-json\/wp\/v2\/post__type?post=101793"},{"taxonomy":"post_opinion","embeddable":true,"href":"https:\/\/dievolkswirtschaft.ch\/de\/wp-json\/wp\/v2\/post_opinion?post=101793"},{"taxonomy":"post_serie","embeddable":true,"href":"https:\/\/dievolkswirtschaft.ch\/de\/wp-json\/wp\/v2\/post_serie?post=101793"},{"taxonomy":"post_content_category","embeddable":true,"href":"https:\/\/dievolkswirtschaft.ch\/de\/wp-json\/wp\/v2\/post_content_category?post=101793"},{"taxonomy":"post_content_subject","embeddable":true,"href":"https:\/\/dievolkswirtschaft.ch\/de\/wp-json\/wp\/v2\/post_content_subject?post=101793"}],"curies":[{"name":"wp","href":"https:\/\/api.w.org\/{rel}","templated":true}]}}