{"id":108575,"date":"2017-10-24T08:36:02","date_gmt":"2017-10-24T08:36:02","guid":{"rendered":"https:\/\/dievolkswirtschaft.ch\/2017\/10\/kaufmann-11-2017fr\/"},"modified":"2023-08-23T23:05:21","modified_gmt":"2023-08-23T21:05:21","slug":"kaufmann-11-2017","status":"publish","type":"post","link":"https:\/\/dievolkswirtschaft.ch\/de\/2017\/10\/kaufmann-11-2017\/","title":{"rendered":"Mindestkursaufhebung trifft Industrie"},"content":{"rendered":"<p>Die schubweise Aufwertung des Frankens im Januar 2015 stellt Schweizer Industrieunternehmen vor grosse Herausforderungen. Nach der Aufhebung des Mindestkurses durch die Schweizerische Nationalbank (SNB) verteuerten sich viele Schweizer Produkte quasi \u00fcber Nacht um 10 Prozent.&#13;<br \/>\n&#13;<br \/>\nEine Analyse der KOF Konjunkturforschungsstelle der ETH Z\u00fcrich im Auftrag des Staatssekretariats f\u00fcr Wirtschaft (Seco) zeigt: In den folgenden zwei Jahren reduzierte ein durchschnittliches Industrieunternehmen in der untersuchten Stichprobe die Zahl der Besch\u00e4ftigten um 4,6 Prozent.<a href=\"#footnote_1\" id=\"footnote-anchor_1\" class=\"inline-footnote__anchor\">[1]<\/a> Die Gesamtbesch\u00e4ftigung des Sektors \u00abVerarbeitendes Gewerbe\/Herstellung von Waren\u00bb ging im selben Zeitraum um 2,5 Prozent zur\u00fcck.&#13;<br \/>\n&#13;<br \/>\nDaf\u00fcr kommen verschiedene Ursachen infrage: Der R\u00fcckgang k\u00f6nnte darauf zur\u00fcckzuf\u00fchren sein, dass Unternehmen nach der Aufwertung versuchten, die Lohnkosten in der Schweiz zu senken, um die Profitmargen wieder zu steigern oder um die Produktion an den R\u00fcckgang der Nachfrage nach Schweizer Produkten anzupassen. Der Besch\u00e4ftigungsr\u00fcckgang k\u00f6nnte allerdings auch auf l\u00e4ngerfristige Trends zur\u00fcckzuf\u00fchren sein, die nicht mit der Aufwertung zusammenh\u00e4ngen. So beobachten wir in vielen entwickelten Volkswirtschaften, dass der Anteil der Industrie in der Gesamtbesch\u00e4ftigung seit \u00fcber 20 Jahren stetig abnimmt. Der Besch\u00e4ftigungsr\u00fcckgang k\u00f6nnte somit nicht auf die Aufwertung des Frankens, sondern vielmehr auf die Globalisierung, den Aufstieg von China zur Industrienation, aber auch auf technischen Fortschritt und die damit zusammenh\u00e4ngende Automatisierung von Produktionsprozessen zur\u00fcckzuf\u00fchren sein.&#13;<\/p>\n<h2><strong>Aufwertung 2015 f\u00fchrt zu Besch\u00e4ftigungsr\u00fcckgang<\/strong><\/h2>\n<p>&#13;<br \/>\nUm den Effekt der Aufwertung zu sch\u00e4tzen, wurden Schweizer Unternehmen mit einer Kontrollgruppe in \u00d6sterreich verglichen, die von denselben sektoralen und internationalen Entwicklungen, nicht jedoch von einer W\u00e4hrungsaufwertung betroffen waren.<a href=\"#footnote_2\" id=\"footnote-anchor_2\" class=\"inline-footnote__anchor\">[2]<\/a> Es zeigt sich: Vor der Aufhebung des Mindestkurses entwickelte sich die durchschnittliche Besch\u00e4ftigung in \u00d6sterreich \u2013 abgesehen von etwas st\u00e4rkeren Saisonschwankungen \u2013 parallel zur Besch\u00e4ftigung in der Schweiz (siehe <em>Abbildung<\/em>). Direkt danach beobachtet man einen deutlichen Unterschied, der als kausaler Effekt der Aufwertung interpretiert werden kann.&#13;<\/p>\n<h3 class=\"text__graphic-title\"><strong>Durchschnittliche Besch\u00e4ftigungsentwicklung in Firmen des verarbeitenden Gewerbes in der Schweiz und in \u00d6sterreich (2013\u20132016)<\/strong><\/h3>\n<p>&#13;<br \/>\n<div class='chart chart--normal' id='Kaufmann_Renkin_de_1'>\n\n<\/div>\n\n<script>\n$(function () {\n    $('#Kaufmann_Renkin_de_1').highcharts({\n\n chart: {\n        type: 'line'\n     \n    },\n    title: {\n        text: ''\n    },\n   \n    xAxis: {\n      tickInterval: 300 * 24 * 3600 * 1000,\n            type: 'datetime',\n            dateTimeLabelFormats: { \/\/ don't display the dummy year\n                \/\/month: '%e. %b',\n                year: '%Y'\n            },\n plotLines: [{ \/\/ mark the weekend\n            color: 'black',\n            width: 2,\n            value: Date.UTC(2015,1 ),\n label: {\ntext: 'SNB hebt Mindestkurs <br>auf',\nrotation: 0,\n                y: 15,\n          \n        },\n\n     \n    },\n\n],\n       \n        title: {\n            text: ''\n        },\n       \n    },\n    yAxis: {\n    \n        title: {\n            text: 'Logarithmierte Besch\u00e4ftigung (Q4 2014 = 0)'\n        },\n          \n    },\n   \nplotOptions: {\n           \n\n\n        line: {\n        \n         marker: {\n                enabled: false\n            }\n        }\n    },\n    \n\n    series: [{\n        name: 'Schweiz',\n           color:'#e84066',\n\n        data: [\n [Date.UTC(2013,2), -0.007],\n  [Date.UTC(2013,5), -0.011],\n  [Date.UTC(2013,8), -0.005],\n  [Date.UTC(2013,11), -0.005],\n  [Date.UTC(2014,2), -0.005],\n  [Date.UTC(2014,5),\t-0.002],\n  [Date.UTC(2014,8),\t0.001],\n  [Date.UTC(2014,11), 0],\n  [Date.UTC(2015,2), -0.006],\n  [Date.UTC(2015,5), -0.011],\n  [Date.UTC(2015,8), -0.017],\n  [Date.UTC(2015,11), -0.023],\n  [Date.UTC(2016,2), -0.035],\n  [Date.UTC(2016,5), -0.038],\n  [Date.UTC(2016,8), -0.038],\n  [Date.UTC(2016,11), -0.049]\n        ]\n    }, {\n        name: 'Oberes Unsicherheitsintervall',\n                color:'#e84066',\n\n\n        dashStyle: 'dot',\n        data: [\n             [Date.UTC(2013,2), 0.0028 ],\n  [Date.UTC(2013,5), 0.00076 ],\n  [Date.UTC(2013,8), 0.00676 ],\n  [Date.UTC(2013,11), 0.00676 ],\n  [Date.UTC(2014,2), 0.0048 ],\n  [Date.UTC(2014,5), 0.00388 ],\n  [Date.UTC(2014,8), 0.00688],\n  [Date.UTC(2014,11), 0 ],\n  [Date.UTC(2015,2), -0.00012 ],\n  [Date.UTC(2015,5), -0.00316 ],\n  [Date.UTC(2015,8), -0.0072 ],\n  [Date.UTC(2015,11), -0.0132 ],\n  [Date.UTC(2016,2), -0.02324 ],\n  [Date.UTC(2016,5), -0.02624 ],\n  [Date.UTC(2016,8), -0.02428 ],\n  [Date.UTC(2016,11), -0.03332 ]\n        ]\n    }, {\n        name: 'Unteres Unsicherheitsintervall',\n        color:'#e84066',\n        dashStyle: 'dot',\n        data: [\n              [Date.UTC(2013,2), -0.0168],\n  [Date.UTC(2013,5), -0.02276\t],\n  [Date.UTC(2013,8), -0.01676\t],\n  [Date.UTC(2013,11), -0.01676\t],\n  [Date.UTC(2014,2), -0.0148\t],\n  [Date.UTC(2014,5), -0.00788\t],\n  [Date.UTC(2014,8), -0.00488\t],\n  [Date.UTC(2014,11), 0\t],\n  [Date.UTC(2015,2), -0.01188\t],\n  [Date.UTC(2015,5), -0.01884\t],\n  [Date.UTC(2015,8), -0.0268\t],\n  [Date.UTC(2015,11), -0.0328\t],\n  [Date.UTC(2016,2), -0.04676\t],\n  [Date.UTC(2016,5), -0.04976\t],\n  [Date.UTC(2016,8), -0.05172\t],\n  [Date.UTC(2016,11), -0.06468]\n        ]\n    },{\n        name: '\u00d6sterreich',\n   color:'#88c0d3',\n        data: [\n   [Date.UTC(2013,2), -0.013],\n  [Date.UTC(2013,5), -0.011],\n  [Date.UTC(2013,8), 0.001],\n  [Date.UTC(2013,11), -0.006],\n  [Date.UTC(2014,2), -0.004],\n  [Date.UTC(2014,5), 0],\n  [Date.UTC(2014,8), 0.01],\n  [Date.UTC(2014,11), 0],\n  [Date.UTC(2015,2), -0.002],\n  [Date.UTC(2015,5), 0],\n  [Date.UTC(2015,8), 0.005],\n  [Date.UTC(2015,11), -0.004],\n  [Date.UTC(2016,2), -0.001],\n  [Date.UTC(2016,5), -0.002],\n  [Date.UTC(2016,8), 0.002],\n  [Date.UTC(2016,11), -0.008]\n        ]\n    }, {\n        name: 'Oberes Unsicherheitsintervall',\n        dashStyle: 'dot',\n        color:'#88c0d3',\n        data: [\n             [Date.UTC(2013,2), -0.00712],\n[Date.UTC(2013,5), -0.00708],\n[Date.UTC(2013,8), 0.00492],\n[Date.UTC(2013,11), -0.00208],\n[Date.UTC(2014,2), -8.00E-05],\n[Date.UTC(2014,5), 0.00392],\n[Date.UTC(2014,8), 0.01196],\n[Date.UTC(2014,11), 0],\n[Date.UTC(2015,2), 0.00192],\n[Date.UTC(2015,5), 0.00392],\n[Date.UTC(2015,8), 0.00892],\n[Date.UTC(2015,11), -8.00E-05],\n[Date.UTC(2016,2), 0.00488],\n[Date.UTC(2016,5), 0.00388],\n[Date.UTC(2016,8), 0.00788],\n[Date.UTC(2016,11), -0.00212]\n        ]\n    }, {\n        name: 'Unteres Unsicherheitsintervall',\n        color:'#88c0d3',\n        dashStyle: 'dot',\n        data: [\n               [Date.UTC(2013,2), -0.01888],\n  [Date.UTC(2013,5), -0.01492],\n  [Date.UTC(2013,8), -0.00292],\n  [Date.UTC(2013,11), -0.00992],\n  [Date.UTC(2014,2), -0.00792],\n  [Date.UTC(2014,5), -0.00392],\n  [Date.UTC(2014,8), 0.00804],\n  [Date.UTC(2014,11), 0],\n  [Date.UTC(2015,2), -0.00592],\n  [Date.UTC(2015,5), -0.00392],\n  [Date.UTC(2015,8), 0.00108],\n  [Date.UTC(2015,11), -0.00792],\n  [Date.UTC(2016,2), -0.00688],\n  [Date.UTC(2016,5), -0.00788],\n  [Date.UTC(2016,8), -0.00388],\n  [Date.UTC(2016,11), -0.01388\t]\n        ]\n    }]\n   \n\n\n\n});\n});\n\n<\/script>\n&#13;<br \/>\n&#13;<br \/>\n<span class=\"text__legend\">Anmerkung: Die Daten sind logarithmiert und vor der Aufhebung des Mindestkurses im vierten Quartal 2014 auf null normalisiert.<\/span>&#13;<br \/>\n&#13;<br \/>\n<span class=\"text__quelle--ground\">Quelle: Besta, ASSD; Berechnungen: Kaufmann und Renkin (2017) \/ Die Volkswirtschaft&#13;<br \/>\n<\/span>&#13;<br \/>\n&#13;<br \/>\nBereits nach einem Quartal ist eine gewisse Divergenz zu beobachten \u2013 und \u00fcber zwei Jahre verursacht die Aufwertung einen R\u00fcckgang der Besch\u00e4ftigung in der Industrie relativ zur Kontrollgruppe um 4 Prozent. Der gr\u00f6sste Teil des zu Beginn erw\u00e4hnten Besch\u00e4ftigungsr\u00fcckgangs von 4,6 Prozent ist somit nicht auf l\u00e4ngerfristige Trends, sondern auf die kurzfristigen Auswirkungen der pl\u00f6tzlichen Aufwertung zur\u00fcckzuf\u00fchren.<a href=\"#footnote_3\" id=\"footnote-anchor_3\" class=\"inline-footnote__anchor\">[3]<\/a>&#13;<br \/>\n&#13;<br \/>\nObwohl der Besch\u00e4ftigungsr\u00fcckgang selbst eher langsam vonstattenging, haben Schweizer Firmen bereits direkt nach der Aufwertung Sofortmassnahmen ergriffen. Die Analyse zeigt weiter, dass die Anzahl offener Stellen im ersten Quartal 2015 im Durchschnitt um 15 Prozent gesunken ist und sich erst nach einem Jahr wieder normalisiert hat.&#13;<\/p>\n<h2><strong>Auch inlandorientierte Sektoren bauen ab<\/strong><\/h2>\n<p>&#13;<br \/>\nDie Aufwertung hat nicht nur exportorientierte Industrieunternehmen getroffen. In Sektoren, die gem\u00e4ss der KOF-Innovationsumfrage relativ wenig Umsatz mit Exporten generieren, sank die Besch\u00e4ftigung etwa gleich stark wie in den \u00fcbrigen Sektoren. Auch auf Firmenebene weisen die Resultate darauf hin, dass die Besch\u00e4ftigung in Firmen, die haupts\u00e4chlich f\u00fcr den Inlandmarkt produzieren, etwa gleich stark gesunken ist wie in Firmen, die auch exportieren. Eine m\u00f6gliche Erkl\u00e4rung f\u00fcr dieses Resultat ist, dass die Importpreise deutlich st\u00e4rker gesunken sind als die Preise von inl\u00e4ndischen Unternehmen. Somit litten diese Unternehmen vermehrt unter der Importkonkurrenz.&#13;<br \/>\n&#13;<br \/>\nDie Auswirkungen auf diverse exportorientierte Sektoren fielen dagegen unterschiedlich aus. Stark betroffen waren zum Beispiel Produzenten von Datenverarbeitungsger\u00e4ten, elektronischen und optischen Erzeugnissen (inklusive Uhrenindustrie), aber auch die chemische Industrie. Die Pharmaindustrie hingegen \u2013 ein Sektor mit hohem Exportanteil, aber auch hohen Margen \u2013 hat ihre Besch\u00e4ftigung relativ zur Kontrollgruppe nicht reduziert.&#13;<\/p>\n<h2><strong>Pharma als Ausnahme<\/strong><\/h2>\n<p>&#13;<br \/>\nDas Beispiel Pharma l\u00e4sst vermuten, dass erfolgreiche und produktive Firmen eine Aufwertung gegen\u00fcber dem Euro ohne gr\u00f6ssere Entlassungen \u00fcberstehen k\u00f6nnen. Die Untersuchung zeigt jedoch, dass die Pharmabranche eher eine Ausnahme darstellt: Gerade gr\u00f6ssere und erfolgreiche Firmen haben ihre Besch\u00e4ftigung stark reduziert. So weisen grosse Unternehmen einen durchschnittlichen Besch\u00e4ftigungsr\u00fcckgang um 7 Prozent auf, bei den mittelgrossen Unternehmen sind es 4 Prozent. F\u00fcr kleine Firmen beobachten wir hingegen keinen signifikanten R\u00fcckgang \u2013 was allerdings damit zusammenh\u00e4ngen k\u00f6nnte, dass kleine Firmen ihre Produktion ganz einstellten, was von der Studie nicht erfasst wird.&#13;<br \/>\n&#13;<br \/>\nBesonders stark betroffen waren gr\u00f6ssere Unternehmen, die im Jahr vor der Aufwertung stark expandiert haben. In dieser Gruppe betr\u00e4gt der Besch\u00e4ftigungsr\u00fcckgang relativ zur Kontrollgruppe 11 Prozent. Schliesslich beobachtet man in Sektoren, die f\u00fcr innovative Hightech-Produkte bekannt sind, einen R\u00fcckgang der Besch\u00e4ftigung um gut 5 Prozent, was sogar etwas \u00fcber dem Wert in den \u00fcbrigen Sektoren liegt.&#13;<br \/>\n&#13;<br \/>\nDie Zukunftserwartungen in der Industrie bleiben eingetr\u00fcbt. Nachdem die Anzahl Firmen, die angeben, im n\u00e4chsten Quartal die Besch\u00e4ftigung zu erh\u00f6hen, im Jahr 2015 gesunken war, legte sie bis Ende 2016 nicht zu \u2013 obwohl sich die Besch\u00e4ftigungsverluste gem\u00e4ss den Sch\u00e4tzungen gegen Ende 2016 stabilisiert haben und auch die Anzahl offener Stellen wieder auf ihr urspr\u00fcngliches Niveau zur\u00fcckgekehrt sind. Es bleibt abzuwarten, ob die j\u00fcngste Abwertung des Frankens gegen\u00fcber dem Euro bereits ausreicht, um die Industrieunternehmen wieder optimistischer in die Zukunft blicken zu lassen.<\/p>\n<ol class=\"footnote\"><li id=\"footnote_1\" class=\"footnote--item\">Kaufmann und Renkin (2017); die Zahlen beziehen sich auf ein durchschnittliches Industrieunternehmen im verarbeitenden Gewerbe. Aufgrund der Sch\u00e4tzmethode beschr\u00e4nkt sich die Analyse auf Firmen, die mindestens 10 Angestellte haben und die zwischen 2014 und 2016 durchgehend befragt wurden. Dadurch ist die Stichprobe zwar nicht mehr repr\u00e4sentativ f\u00fcr die Gesamtheit der Unternehmen des verarbeitenden Gewerbes, umfasst aber 46 Prozent der Besch\u00e4ftigten in diesem Sektor. Nicht Teil der Analyse waren sowohl der Dienstleistungssektor als auch der Energie-, Bau- und Landwirtschaftssektor.&nbsp;<a href=\"#footnote-anchor_1\" class=\"inline-footnote__anchor hidden-print\">[<span class=\"icon-arrow-up\"><\/span>]<\/a><\/li><li id=\"footnote_2\" class=\"footnote--item\">Sch\u00e4tzungen basieren auf Besta-\/ASSD-Firmendaten, siehe Kaufmann und Renkin (2017) sowie Zweim\u00fcller et al. (2009).&nbsp;<a href=\"#footnote-anchor_2\" class=\"inline-footnote__anchor hidden-print\">[<span class=\"icon-arrow-up\"><\/span>]<\/a><\/li><li id=\"footnote_3\" class=\"footnote--item\">F\u00fcr die mittelfristigen Effekte einer Wechselkurs\u00e4nderung auf die Besch\u00e4ftigung in allen Sektoren siehe den <a href=\"http:\/\/dievolkswirtschaft.ch2017\/10\/egger-11-2017\/\">Artikel<\/a> von Egger et al. in dieser Ausgabe&nbsp;<a href=\"#footnote-anchor_3\" class=\"inline-footnote__anchor hidden-print\">[<span class=\"icon-arrow-up\"><\/span>]<\/a><\/li><\/ol>","protected":false},"excerpt":{"rendered":"<p>Die schubweise Aufwertung des Frankens im Januar 2015 stellt Schweizer Industrieunternehmen vor grosse Herausforderungen. Nach der Aufhebung des Mindestkurses durch die Schweizerische Nationalbank (SNB) verteuerten sich viele Schweizer Produkte quasi \u00fcber Nacht um 10 Prozent.&#13; &#13; Eine Analyse der KOF Konjunkturforschungsstelle der ETH Z\u00fcrich im Auftrag des Staatssekretariats f\u00fcr Wirtschaft (Seco) zeigt: In den folgenden [&hellip;]<\/p>","protected":false},"author":4599,"featured_media":24461,"comment_status":"closed","ping_status":"closed","sticky":false,"template":"","format":"standard","meta":{"_acf_changed":false,"om_disable_all_campaigns":false,"ep_exclude_from_search":false,"footnotes":""},"post__type":[69,66],"post_opinion":[],"post_serie":[],"post_content_category":[213],"post_content_subject":[],"acf":{"seco_author":4599,"seco_co_author":[4600,0],"author_override":"","seco_author_post_ocupation_year":"","seco_author_post_occupation_de":"Professor f\u00fcr Angewandte Makro\u00f6konomie, Universit\u00e4t Neuenburg, und Research Fellow, KOF Konjunkturforschungsstelle der ETH Z\u00fcrich","seco_author_post_occupation_fr":"Professeur assistant de macro\u00e9conomie appliqu\u00e9e \u00e0 l\u2019Universit\u00e9 de Neuch\u00e2tel, chercheur associ\u00e9 au Centre de recherches conjoncturelles (KOF) de l\u2019\u00c9cole polytechnique f\u00e9d\u00e9rale de Zurich (EPFZ)","seco_co_authors_post_ocupation":[{"seco_co_author":4600,"seco_co_author_post_occupation_year":"","seco_co_author_post_occupation_de":"Doktorand, Universit\u00e4t Z\u00fcrich, und KOF Konjunkturforschungsstelle der ETH Z\u00fcrich","seco_co_author_post_occupation_fr":"Doctorant, universit\u00e9 de Zurich et Centre de recherches conjoncturelles (KOF) de l\u2019EPFZ"}],"short_title":"Mindestkursaufhebung trifft Industrie","post_lead":"Die Aufwertung des Frankens nach der Aufhebung des Mindestkurses im Januar 2015 hat zumindest tempor\u00e4r zu einem Stellenabbau bei Schweizer Industrieunternehmen gef\u00fchrt. Dies zeigt eine KOF-Studie.","post_hero_image_description":"Folgenschwerer Entscheid: SNB-Pr\u00e4sident Thomas Jordan erkl\u00e4rt am 15. Januar 2015 die Aufhebung des Euro-Mindestkurses.","post_hero_image_description_copyright_de":"Keystone","post_hero_image_description_copyright_fr":"","post_references_literature":"<ul>&#13;\n \t<li>Kaufmann, Daniel und Tobias Renkin (2017). Manufacturing Prices and Employment After the Swiss Franc Shock, <a href=\"https:\/\/www.seco.admin.ch\/seco\/de\/home\/Publikationen_Dienstleistungen\/Publikationen_und_Formulare\/Strukturwandel_Wachstum\/Strukturwandel.html\">Studie im Auftrag des Seco<\/a>.<\/li>&#13;\n \t<li>Zweim\u00fcller, Josef, Rudolf Winter-Ebmer, Raphael Lalive, Andreas Kuhn, Jean-Philippe Wuellrich, Oliver Ruf, und Simon B\u00fcchi (2009). Austrian Social Security Database, NRN: The Austrian Center for Labor Economics and the Analysis of the Welfare State, Working Paper 0903.<\/li>&#13;\n<\/ul>","post_kasten":null,"post_notes_for_print":"","first_teaser_header_de":"","first_teaser_header_fr":"","first_teaser_text_de":"","first_teaser_text_fr":"","second_teaser_header_de":"","second_teaser_header_fr":"","second_teaser_text_de":"","second_teaser_text_fr":"","kseason_de":"","kseason_fr":"","post_in_pdf":108578,"main_focus":[156311,157028],"serie_email":null,"frontpage_slider_bild":108582,"artikel_bild-slider":null,"legacy_id":"72162","post_abstract":"Globalisierung und technologischer Fortschritt gehen auch in der Schweiz mit einer langfristigen Reduktion der Industriebesch\u00e4ftigung relativ zum Dienstleistungssektor einher. Doch der Besch\u00e4ftigungsr\u00fcckgang nach der Aufhebung des Mindestkurses durch die Nationalbank im Januar 2015 war besonders ausgepr\u00e4gt. Eine Untersuchung der KOF Konjunkturforschungsstelle der ETH Z\u00fcrich im Auftrag des Staatssekretariats f\u00fcr Wirtschaft (Seco) kommt zum Schluss, dass der Besch\u00e4ftigungsr\u00fcckgang in den zwei darauffolgenden Jahren, der in einer durchschnittlichen Industriefirma \u00fcber 4 Prozent betrug, in erster Linie auf die Aufwertung des Frankens zur\u00fcckzuf\u00fchren ist. Die Aufwertung hat nicht nur exportorientierte, sondern auch inlandorientierte Unternehmen getroffen, die unter verst\u00e4rkter Importkonkurrenz litten. Inwiefern die j\u00fcngste Abwertung diesen Besch\u00e4ftigungsr\u00fcckgang kompensieren kann, bleibt abzuwarten.","magazine_issue":"11-2017","seco_author_reccomended_post":null,"redaktoren":[4127,0],"korrektor":4139,"planned_publication_date":"20171025","original_files":[{"file":108590},{"file":108594}],"external_release_for_author":"20170929","external_release_for_author_time":"17:00:00","link_for_external_authors":"https:\/\/dievolkswirtschaft.ch\/exedit\/599c5caa5aa97"},"_links":{"self":[{"href":"https:\/\/dievolkswirtschaft.ch\/de\/wp-json\/wp\/v2\/posts\/108575"}],"collection":[{"href":"https:\/\/dievolkswirtschaft.ch\/de\/wp-json\/wp\/v2\/posts"}],"about":[{"href":"https:\/\/dievolkswirtschaft.ch\/de\/wp-json\/wp\/v2\/types\/post"}],"author":[{"embeddable":true,"href":"https:\/\/dievolkswirtschaft.ch\/de\/wp-json\/wp\/v2\/users\/4599"}],"replies":[{"embeddable":true,"href":"https:\/\/dievolkswirtschaft.ch\/de\/wp-json\/wp\/v2\/comments?post=108575"}],"version-history":[{"count":1,"href":"https:\/\/dievolkswirtschaft.ch\/de\/wp-json\/wp\/v2\/posts\/108575\/revisions"}],"predecessor-version":[{"id":126341,"href":"https:\/\/dievolkswirtschaft.ch\/de\/wp-json\/wp\/v2\/posts\/108575\/revisions\/126341"}],"acf:user":[{"embeddable":true,"href":"https:\/\/dievolkswirtschaft.ch\/de\/wp-json\/wp\/v2\/users\/4139"},{"embeddable":true,"href":"https:\/\/dievolkswirtschaft.ch\/de\/wp-json\/wp\/v2\/users\/4127"},{"embeddable":true,"href":"https:\/\/dievolkswirtschaft.ch\/de\/wp-json\/wp\/v2\/users\/0"},{"embeddable":true,"href":"https:\/\/dievolkswirtschaft.ch\/de\/wp-json\/wp\/v2\/users\/4600"},{"embeddable":true,"href":"https:\/\/dievolkswirtschaft.ch\/de\/wp-json\/wp\/v2\/users\/4599"}],"acf:post":[{"embeddable":true,"href":"https:\/\/dievolkswirtschaft.ch\/de\/wp-json\/wp\/v2\/main_focus_post\/157028"},{"embeddable":true,"href":"https:\/\/dievolkswirtschaft.ch\/de\/wp-json\/wp\/v2\/main_focus_post\/156311"}],"wp:featuredmedia":[{"embeddable":true,"href":"https:\/\/dievolkswirtschaft.ch\/de\/wp-json\/wp\/v2\/media\/24461"}],"wp:attachment":[{"href":"https:\/\/dievolkswirtschaft.ch\/de\/wp-json\/wp\/v2\/media?parent=108575"}],"wp:term":[{"taxonomy":"post__type","embeddable":true,"href":"https:\/\/dievolkswirtschaft.ch\/de\/wp-json\/wp\/v2\/post__type?post=108575"},{"taxonomy":"post_opinion","embeddable":true,"href":"https:\/\/dievolkswirtschaft.ch\/de\/wp-json\/wp\/v2\/post_opinion?post=108575"},{"taxonomy":"post_serie","embeddable":true,"href":"https:\/\/dievolkswirtschaft.ch\/de\/wp-json\/wp\/v2\/post_serie?post=108575"},{"taxonomy":"post_content_category","embeddable":true,"href":"https:\/\/dievolkswirtschaft.ch\/de\/wp-json\/wp\/v2\/post_content_category?post=108575"},{"taxonomy":"post_content_subject","embeddable":true,"href":"https:\/\/dievolkswirtschaft.ch\/de\/wp-json\/wp\/v2\/post_content_subject?post=108575"}],"curies":[{"name":"wp","href":"https:\/\/api.w.org\/{rel}","templated":true}]}}