{"id":108915,"date":"2017-09-25T10:30:01","date_gmt":"2017-09-25T10:30:01","guid":{"rendered":"https:\/\/dievolkswirtschaft.ch\/2017\/09\/infografik-10-2017fr\/"},"modified":"2023-08-23T23:05:14","modified_gmt":"2023-08-23T21:05:14","slug":"infografik-10-2017","status":"publish","type":"post","link":"https:\/\/dievolkswirtschaft.ch\/de\/2017\/09\/infografik-10-2017\/","title":{"rendered":"Drei Warengruppen verantworten gesamten Handels\u00fcberschuss"},"content":{"rendered":"<p><a href=\"http:\/\/dievolkswirtschaft.ch\/content\/uploads\/2017\/09\/Infografik_10-2017_DE.pdf\"><img fetchpriority=\"high\" decoding=\"async\" class=\"alignnone wp-image-72951 size-large\" src=\"http:\/\/dievolkswirtschaft.ch\/content\/uploads\/2017\/09\/Infografik_10-2017_DE-849x1170.png\" alt=\"\" width=\"849\" height=\"1170\" \/><\/a><\/p>","protected":false},"excerpt":{"rendered":"","protected":false},"author":4197,"featured_media":24835,"comment_status":"closed","ping_status":"closed","sticky":false,"template":"","format":"standard","meta":{"_acf_changed":false,"om_disable_all_campaigns":false,"ep_exclude_from_search":false,"footnotes":""},"post__type":[68],"post_opinion":[],"post_serie":[222],"post_content_category":[],"post_content_subject":[],"acf":{"seco_author":4197,"seco_co_author":null,"author_override":"","seco_author_post_ocupation_year":"","seco_author_post_occupation_de":"","seco_author_post_occupation_fr":"","seco_co_authors_post_ocupation":null,"short_title":"Drei Warengruppen verantworten gesamten Handels\u00fcberschuss","post_lead":"Seit 1993 weist die schweizerische Handelsbilanz im grenz\u00fcberschreitenden Warenverkehr fast durchgehend einen \u00dcberschuss aus. Im Vergleich zum Dienstleistungshandel ist der \u00dcberschuss beim Warenhandel rund doppelt so hoch: Im vergangenen Jahr waren es rekordhohe 36,9 Milliarden Franken. Bezeichnend ist, dass nur drei der zw\u00f6lf Hauptgruppen zum \u00dcberschuss beitrugen. In den Bereichen Chemikalien und Pharmazeutika, Pr\u00e4zisionsinstrumente und Uhren sowie in der Maschinen- und Elektronikindustrie exportiert die Schweiz wertm\u00e4ssig mehr, als sie importiert.","post_hero_image_description":"","post_hero_image_description_copyright_de":"","post_hero_image_description_copyright_fr":"","post_references_literature":"","post_kasten":null,"post_notes_for_print":"","first_teaser_header_de":"","first_teaser_header_fr":"","first_teaser_text_de":"","first_teaser_text_fr":"","second_teaser_header_de":"","second_teaser_header_fr":"","second_teaser_text_de":"","second_teaser_text_fr":"","kseason_de":"","kseason_fr":"","post_in_pdf":108918,"main_focus":null,"serie_email":null,"frontpage_slider_bild":"","artikel_bild-slider":null,"legacy_id":"71825","post_abstract":"","magazine_issue":"10\/2017","seco_author_reccomended_post":null,"redaktoren":[3988,0],"korrektor":4139,"planned_publication_date":"20170926","original_files":null,"external_release_for_author":"19700101","external_release_for_author_time":"00:00:00","link_for_external_authors":"https:\/\/dievolkswirtschaft.ch\/exedit\/597b041acfecf"},"_links":{"self":[{"href":"https:\/\/dievolkswirtschaft.ch\/de\/wp-json\/wp\/v2\/posts\/108915"}],"collection":[{"href":"https:\/\/dievolkswirtschaft.ch\/de\/wp-json\/wp\/v2\/posts"}],"about":[{"href":"https:\/\/dievolkswirtschaft.ch\/de\/wp-json\/wp\/v2\/types\/post"}],"author":[{"embeddable":true,"href":"https:\/\/dievolkswirtschaft.ch\/de\/wp-json\/wp\/v2\/users\/4197"}],"replies":[{"embeddable":true,"href":"https:\/\/dievolkswirtschaft.ch\/de\/wp-json\/wp\/v2\/comments?post=108915"}],"version-history":[{"count":1,"href":"https:\/\/dievolkswirtschaft.ch\/de\/wp-json\/wp\/v2\/posts\/108915\/revisions"}],"predecessor-version":[{"id":126361,"href":"https:\/\/dievolkswirtschaft.ch\/de\/wp-json\/wp\/v2\/posts\/108915\/revisions\/126361"}],"acf:user":[{"embeddable":true,"href":"https:\/\/dievolkswirtschaft.ch\/de\/wp-json\/wp\/v2\/users\/4139"},{"embeddable":true,"href":"https:\/\/dievolkswirtschaft.ch\/de\/wp-json\/wp\/v2\/users\/0"},{"embeddable":true,"href":"https:\/\/dievolkswirtschaft.ch\/de\/wp-json\/wp\/v2\/users\/3988"},{"embeddable":true,"href":"https:\/\/dievolkswirtschaft.ch\/de\/wp-json\/wp\/v2\/users\/4197"}],"wp:featuredmedia":[{"embeddable":true,"href":"https:\/\/dievolkswirtschaft.ch\/de\/wp-json\/wp\/v2\/media\/24835"}],"wp:attachment":[{"href":"https:\/\/dievolkswirtschaft.ch\/de\/wp-json\/wp\/v2\/media?parent=108915"}],"wp:term":[{"taxonomy":"post__type","embeddable":true,"href":"https:\/\/dievolkswirtschaft.ch\/de\/wp-json\/wp\/v2\/post__type?post=108915"},{"taxonomy":"post_opinion","embeddable":true,"href":"https:\/\/dievolkswirtschaft.ch\/de\/wp-json\/wp\/v2\/post_opinion?post=108915"},{"taxonomy":"post_serie","embeddable":true,"href":"https:\/\/dievolkswirtschaft.ch\/de\/wp-json\/wp\/v2\/post_serie?post=108915"},{"taxonomy":"post_content_category","embeddable":true,"href":"https:\/\/dievolkswirtschaft.ch\/de\/wp-json\/wp\/v2\/post_content_category?post=108915"},{"taxonomy":"post_content_subject","embeddable":true,"href":"https:\/\/dievolkswirtschaft.ch\/de\/wp-json\/wp\/v2\/post_content_subject?post=108915"}],"curies":[{"name":"wp","href":"https:\/\/api.w.org\/{rel}","templated":true}]}}