{"id":124709,"date":"2006-07-01T12:00:00","date_gmt":"2006-07-01T12:00:00","guid":{"rendered":"https:\/\/dievolkswirtschaft.ch\/2006\/07\/gerber-14\/"},"modified":"2023-08-23T23:47:23","modified_gmt":"2023-08-23T21:47:23","slug":"gerber-13","status":"publish","type":"post","link":"https:\/\/dievolkswirtschaft.ch\/de\/2006\/07\/gerber-13\/","title":{"rendered":"Mit Subtilit\u00e4t f\u00fcr eine offene Schweiz"},"content":{"rendered":"<p>Bundesrat Joseph Deiss ist ein Politiker, der nicht mit lauten und plakativ vorgetragenen Forderungen, sondern subtil, ausdauernd und sehr sachkundig gewirkt hat. So hat er als Aussenminister die Mitb\u00fcrgerinnen und Mitb\u00fcrger von einem UNO-Beitritt der Schweiz \u00fcberzeugt, als Wirtschaftsminister mit einer neuen aussenwirtschaftspolitischen Strategie zukunftstr\u00e4chtige M\u00e4rkte f\u00fcr Schweizer Unternehmen anvisiert und mit einer Liberalisierung des Binnenmarktes f\u00fcr mehr Wettbewerb in der Schweiz gesorgt.\u00a0Bundesrat Deiss hat den Wandel, der mit der Globalisierung verbunden ist, getreu seiner liberal-sozialen Werteordnung begleitet und sich f\u00fcr offene Grenzen eingesetzt. F\u00fcr den \u00d6konomen im Bundesrat ist Wachstum die Grundlage daf\u00fcr, dass der Staat sozial handeln kann &#8211; \u00fcber die Sozialwerke, f\u00fcr die Regionen und f\u00fcr Menschen in schwierigen Situationen. Deshalb hat er sich ins Zeug gelegt und in der ganzen Schweiz f\u00fcr ein Ja zu den zweiten bilateralen Vertr\u00e4gen mit der EU gek\u00e4mpft. Mit viel Engagement hat er auch mit einer Vielzahl von Staaten Freihandelsabkommen eingeleitet, sich in n\u00e4chtelangen Sitzungen in der Welthandelsorganisation (WTO) f\u00fcr eine optimale Ausgangsposition f\u00fcr die Schweiz eingesetzt und mit dem agrarpolitischen Reformpaket AP 2011 eine Antwort auf die Herausforderungen der WTO und der Globalisierung gesucht. Dar\u00fcber hinaus hat er sich f\u00fcr eine neue Bildungsverfassung und ein neues Berufsbildungsgesetz stark gemacht und mit einer neuen Regionalpolitik f\u00fcr die Belebung der Rand-, Berg- und Grenzregionen engagiert.\u00a0Diese Reformen, die unter der Leitung von Bundesrat Deiss abseits der grossen Schlagzeilen entstanden und konsequent weiterverfolgt wurden, haben die Schweiz in eine gute Ausgangsposition gebracht. Nat\u00fcrlich sind es nicht allein die politischen Reformen in unserem Lande, die zu mehr Wachstum und Wohlstand f\u00fchren, sondern auch die weltweite wirtschaftliche Erholung. Aber Bundesrat Deiss hat mit seiner Hartn\u00e4ckigkeit dazu beigetragen, ein Klima zu schaffen, das sowohl der Wirtschaft als auch den B\u00fcrgerinnen und B\u00fcrgern nach langen Jahren der Stagnation den Glauben an die Reformf\u00e4higkeit der Schweiz zur\u00fcckgegeben hat. \u00a0Bundesrat Deiss hat die Schweiz auf die Zukunft vorbereitet, in der \u00dcberzeugung, dass diese Zukunft nur durch eine weitere \u00d6ffnung der Schweiz gegen\u00fcber Europa und der Welt sowie mit einem intensiven Wettbewerb auf dem Binnenmarkt aktiv und zu Gunsten der Mitb\u00fcrgerinnen und Mitb\u00fcrger gestaltet werden kann.\u00a0F\u00fcr Ihr Engagement, Herr Bundesrat, danken wir Ihnen herzlich.<\/p>","protected":false},"excerpt":{"rendered":"<p>Bundesrat Joseph Deiss ist ein Politiker, der nicht mit lauten und plakativ vorgetragenen Forderungen, sondern subtil, ausdauernd und sehr sachkundig gewirkt hat. So hat er als Aussenminister die Mitb\u00fcrgerinnen und Mitb\u00fcrger von einem UNO-Beitritt der Schweiz \u00fcberzeugt, als Wirtschaftsminister mit einer neuen aussenwirtschaftspolitischen Strategie zukunftstr\u00e4chtige M\u00e4rkte f\u00fcr Schweizer Unternehmen anvisiert und mit einer Liberalisierung des [&hellip;]<\/p>","protected":false},"author":2838,"featured_media":0,"comment_status":"open","ping_status":"closed","sticky":false,"template":"","format":"standard","meta":{"_acf_changed":false,"om_disable_all_campaigns":false,"ep_exclude_from_search":false,"footnotes":""},"post__type":[66],"post_opinion":[],"post_serie":[],"post_content_category":[154],"post_content_subject":[],"acf":{"seco_author":2838,"seco_co_author":null,"author_override":"","seco_author_post_ocupation_year":"","seco_author_post_occupation_de":"Ehemaliger Direktor des Staatssekretariats f\u00fcr Wirtschaft (2004 bis 2011)","seco_author_post_occupation_fr":"Ancien directeur du Secr\u00e9tariat d'\u00c9tat \u00e0 l'\u00e9conomie (Seco), Berne","seco_co_authors_post_ocupation":null,"short_title":"","post_lead":"","post_hero_image_description":"","post_hero_image_description_copyright_de":"","post_hero_image_description_copyright_fr":"","post_references_literature":"","post_kasten":null,"post_notes_for_print":"","first_teaser_header_de":"","first_teaser_header_fr":"","first_teaser_text_de":"","first_teaser_text_fr":"","second_teaser_header_de":"","second_teaser_header_fr":"","second_teaser_text_de":"","second_teaser_text_fr":"","kseason_de":"","kseason_fr":"","post_in_pdf":124712,"main_focus":null,"serie_email":null,"frontpage_slider_bild":"","artikel_bild-slider":null,"legacy_id":"9287","post_abstract":"","magazine_issue":null,"seco_author_reccomended_post":null,"redaktoren":null,"korrektor":null,"planned_publication_date":null,"original_files":null,"external_release_for_author":"19700101","external_release_for_author_time":"00:00:00","link_for_external_authors":"https:\/\/dievolkswirtschaft.ch\/exedit\/55d738084760f"},"_links":{"self":[{"href":"https:\/\/dievolkswirtschaft.ch\/de\/wp-json\/wp\/v2\/posts\/124709"}],"collection":[{"href":"https:\/\/dievolkswirtschaft.ch\/de\/wp-json\/wp\/v2\/posts"}],"about":[{"href":"https:\/\/dievolkswirtschaft.ch\/de\/wp-json\/wp\/v2\/types\/post"}],"author":[{"embeddable":true,"href":"https:\/\/dievolkswirtschaft.ch\/de\/wp-json\/wp\/v2\/users\/2838"}],"replies":[{"embeddable":true,"href":"https:\/\/dievolkswirtschaft.ch\/de\/wp-json\/wp\/v2\/comments?post=124709"}],"version-history":[{"count":1,"href":"https:\/\/dievolkswirtschaft.ch\/de\/wp-json\/wp\/v2\/posts\/124709\/revisions"}],"predecessor-version":[{"id":128398,"href":"https:\/\/dievolkswirtschaft.ch\/de\/wp-json\/wp\/v2\/posts\/124709\/revisions\/128398"}],"acf:user":[{"embeddable":true,"href":"https:\/\/dievolkswirtschaft.ch\/de\/wp-json\/wp\/v2\/users\/2838"}],"wp:attachment":[{"href":"https:\/\/dievolkswirtschaft.ch\/de\/wp-json\/wp\/v2\/media?parent=124709"}],"wp:term":[{"taxonomy":"post__type","embeddable":true,"href":"https:\/\/dievolkswirtschaft.ch\/de\/wp-json\/wp\/v2\/post__type?post=124709"},{"taxonomy":"post_opinion","embeddable":true,"href":"https:\/\/dievolkswirtschaft.ch\/de\/wp-json\/wp\/v2\/post_opinion?post=124709"},{"taxonomy":"post_serie","embeddable":true,"href":"https:\/\/dievolkswirtschaft.ch\/de\/wp-json\/wp\/v2\/post_serie?post=124709"},{"taxonomy":"post_content_category","embeddable":true,"href":"https:\/\/dievolkswirtschaft.ch\/de\/wp-json\/wp\/v2\/post_content_category?post=124709"},{"taxonomy":"post_content_subject","embeddable":true,"href":"https:\/\/dievolkswirtschaft.ch\/de\/wp-json\/wp\/v2\/post_content_subject?post=124709"}],"curies":[{"name":"wp","href":"https:\/\/api.w.org\/{rel}","templated":true}]}}