{"id":166322,"date":"2022-05-10T10:00:42","date_gmt":"2022-05-10T08:00:42","guid":{"rendered":"https:\/\/dievolkswirtschaft.ch\/?p=166322"},"modified":"2023-08-24T01:28:08","modified_gmt":"2023-08-23T23:28:08","slug":"die-ressource-landschaft-wird-wichtiger","status":"publish","type":"post","link":"https:\/\/dievolkswirtschaft.ch\/de\/2022\/05\/die-ressource-landschaft-wird-wichtiger\/","title":{"rendered":"Die Ressource Landschaft wird wichtiger"},"content":{"rendered":"<p>Reisen hatte schon immer eine ambivalente Bedeutung: F\u00fcr die einen war es Ausdruck von Wohlstand und Frieden, f\u00fcr die anderen Flucht aus Krieg und Hoffnungslosigkeit. Die politischen Verwerfungen der letzten Zeit \u2013 insbesondere der Krieg in der Ukraine \u2013 r\u00fccken den Tourismus in ein neues Licht. Ver\u00e4ndert sich nun sein Sehnsuchtsgehalt?<\/p>\n<p>In jedem Falle scheint die Ressource Landschaft einen gr\u00f6sseren Stellenwert einzunehmen. Dies zeigen neue Akzente bei den Schweizer Bergbahnen. Die Toggenburg Bergbahnen haben sich seit 2015 einem konsequent nachhaltigen Umgang mit der Landschaft und einer auf Baukultur ausgerichteten Infrastruktur verschrieben. Die Stiftung Landschaftsschutz Schweiz (SL-FP) hat diese beispielhafte Strategie 2021 mit der Auszeichnung \u00abLandschaft des Jahres\u00bb pr\u00e4miert.<\/p>\n<p>Ebenfalls neue Wege geht die Tourismusorganisation Weisse-Arena-Gruppe in Flims mit einer Neuordnung der Erschliessung der Tektonikarena Sardona: Neue Antriebsmodelle sollen unn\u00f6tige Gondelleerfahrten vermeiden, und die Linienf\u00fchrung der Anlagen wurde eng mit den Umweltverb\u00e4nden erarbeitet. Man setzt auf Zur\u00fcckhaltung und Respekt gegen\u00fcber der Natur. So entsteht das neue Besucherzentrum nicht etwa auf dem exponierten Cassonsgrat, sondern bei der besser erschlossenen Segnesh\u00fctte, wo bereits die entsprechende Infrastruktur besteht. Solche Projekte vermitteln dem ressourcenbewussten Gast neue Narrative. Allerdings: Die beiden Leuchtturmprojekte stehen in der hiesigen Bergbahn-Landschaft bisher noch einsam da.<\/p>\n<p>&nbsp;<\/p>\n<p><span class=\"content-quotes\">Die Corona-Pandemie k\u00f6nnte zu einer Abkehr vom Massentourismus und zu mehr Individualtourismus f\u00fchren<\/span><\/p>\n<p>&nbsp;<\/p>\n<p>&nbsp;<\/p>\n<p>Dennoch zeichnet sich ein Trendwechsel in Richtung von weniger globaler Abh\u00e4ngigkeit und mehr Selbstverantwortung ab. Diese neue Betonung der regionalen Qualit\u00e4ten verlangt nach einem achtsameren Umgang mit unserer heimischen Kultur und Natur, was auch immer st\u00e4rker von den G\u00e4sten nachgefragt wird. Das zeigen Befragungen im Rahmen einer Studie der SL-FP aus dem Jahr 2020: Gem\u00e4ss den Tourismusakteuren k\u00f6nnte die Corona-Pandemie zu einer Abkehr vom Massentourismus und zu mehr Individualtourismus f\u00fchren. Somit muss die bisherige \u00dcberproduktion von global nachgefragten Tourismusangeboten im Sinne des zeitoptimierten Erlebnis&shy;ses von m\u00f6glichst vielen Markern des Einzigartigen hinterfragt werden.<\/p>\n<p>Doch wo ist die Grenze? Ab wann wird Tourismus zum Massentourismus? Der italienische Journalist und Tourismusexperte Marco d&#8217;Eramo beantwortet diese Frage so: \u00abEs kippt in dem Moment, wenn die Einwohner gezwungen sind, die Leistungen zu beanspruchen, die f\u00fcr Touristen gedacht sind.\u00bb Dann verliert die Landschaft ihre Eigenst\u00e4ndigkeit.<\/p>\n<p>Es bleibt zu hoffen, dass nach der Pandemie der Individual- und \u00d6kotourismus auch global verst\u00e4rkt nachgefragt wird. Ein solcher besinnt sich auf Natur, Landschaft und Baukultur, die nicht nur f\u00fcr die G\u00e4ste da sind, sondern einen Eigenwert f\u00fcr alle haben.<\/p>","protected":false},"excerpt":{"rendered":"<p>Reisen hatte schon immer eine ambivalente Bedeutung: F\u00fcr die einen war es Ausdruck von Wohlstand und Frieden, f\u00fcr die anderen Flucht aus Krieg und Hoffnungslosigkeit. Die politischen Verwerfungen der letzten Zeit \u2013 insbesondere der Krieg in der Ukraine \u2013 r\u00fccken den Tourismus in ein neues Licht. Ver\u00e4ndert sich nun sein Sehnsuchtsgehalt? In jedem Falle scheint [&hellip;]<\/p>","protected":false},"author":3496,"featured_media":170264,"comment_status":"open","ping_status":"open","sticky":false,"template":"","format":"standard","meta":{"_acf_changed":false,"om_disable_all_campaigns":false,"ep_exclude_from_search":false,"footnotes":""},"post__type":[67,69],"post_opinion":[71],"post_serie":[],"post_content_category":[154],"post_content_subject":[182,165,129],"acf":{"seco_author":3496,"seco_co_author":"","author_override":"","seco_author_post_ocupation_year":"","seco_author_post_occupation_de":"Dr. phil. biol., Dr. h.c. iur., Gesch\u00e4ftsleiter der Stiftung Landschaftsschutz Schweiz (SL-FP), Bern","seco_author_post_occupation_fr":"Directeur de la Fondation suisse pour la protection et l'am\u00e9nagement du paysage (SL-FP), Berne","seco_co_authors_post_ocupation":null,"short_title":"Die Ressource Landschaft wird wichtiger","post_lead":"","post_hero_image_description":"","post_hero_image_description_copyright_de":"","post_hero_image_description_copyright_fr":"","post_references_literature":"","post_kasten":null,"post_notes_for_print":"","first_teaser_header_de":"","first_teaser_header_fr":"","first_teaser_text_de":"","first_teaser_text_fr":"","second_teaser_header_de":"","second_teaser_header_fr":"","second_teaser_text_de":"","second_teaser_text_fr":"","kseason_de":"","kseason_fr":"","post_in_pdf":"","main_focus":[167032,167035],"serie_email":null,"frontpage_slider_bild":166563,"artikel_bild-slider":null,"legacy_id":"","post_abstract":"","magazine_issue":null,"seco_author_reccomended_post":"","redaktoren":[4306],"korrektor":"","planned_publication_date":"20220510","original_files":null,"external_release_for_author":"20220510","external_release_for_author_time":"00:00:00","link_for_external_authors":"https:\/\/dievolkswirtschaft.ch\/de\/exedit\/627a21b9b7d98"},"_links":{"self":[{"href":"https:\/\/dievolkswirtschaft.ch\/de\/wp-json\/wp\/v2\/posts\/166322"}],"collection":[{"href":"https:\/\/dievolkswirtschaft.ch\/de\/wp-json\/wp\/v2\/posts"}],"about":[{"href":"https:\/\/dievolkswirtschaft.ch\/de\/wp-json\/wp\/v2\/types\/post"}],"author":[{"embeddable":true,"href":"https:\/\/dievolkswirtschaft.ch\/de\/wp-json\/wp\/v2\/users\/3496"}],"replies":[{"embeddable":true,"href":"https:\/\/dievolkswirtschaft.ch\/de\/wp-json\/wp\/v2\/comments?post=166322"}],"version-history":[{"count":12,"href":"https:\/\/dievolkswirtschaft.ch\/de\/wp-json\/wp\/v2\/posts\/166322\/revisions"}],"predecessor-version":[{"id":171731,"href":"https:\/\/dievolkswirtschaft.ch\/de\/wp-json\/wp\/v2\/posts\/166322\/revisions\/171731"}],"acf:user":[{"embeddable":true,"href":"https:\/\/dievolkswirtschaft.ch\/de\/wp-json\/wp\/v2\/users\/4306"},{"embeddable":true,"href":"https:\/\/dievolkswirtschaft.ch\/de\/wp-json\/wp\/v2\/users\/3496"}],"acf:post":[{"embeddable":true,"href":"https:\/\/dievolkswirtschaft.ch\/de\/wp-json\/wp\/v2\/main_focus_post\/167035"},{"embeddable":true,"href":"https:\/\/dievolkswirtschaft.ch\/de\/wp-json\/wp\/v2\/main_focus_post\/167032"}],"wp:featuredmedia":[{"embeddable":true,"href":"https:\/\/dievolkswirtschaft.ch\/de\/wp-json\/wp\/v2\/media\/170264"}],"wp:attachment":[{"href":"https:\/\/dievolkswirtschaft.ch\/de\/wp-json\/wp\/v2\/media?parent=166322"}],"wp:term":[{"taxonomy":"post__type","embeddable":true,"href":"https:\/\/dievolkswirtschaft.ch\/de\/wp-json\/wp\/v2\/post__type?post=166322"},{"taxonomy":"post_opinion","embeddable":true,"href":"https:\/\/dievolkswirtschaft.ch\/de\/wp-json\/wp\/v2\/post_opinion?post=166322"},{"taxonomy":"post_serie","embeddable":true,"href":"https:\/\/dievolkswirtschaft.ch\/de\/wp-json\/wp\/v2\/post_serie?post=166322"},{"taxonomy":"post_content_category","embeddable":true,"href":"https:\/\/dievolkswirtschaft.ch\/de\/wp-json\/wp\/v2\/post_content_category?post=166322"},{"taxonomy":"post_content_subject","embeddable":true,"href":"https:\/\/dievolkswirtschaft.ch\/de\/wp-json\/wp\/v2\/post_content_subject?post=166322"}],"curies":[{"name":"wp","href":"https:\/\/api.w.org\/{rel}","templated":true}]}}