{"id":179761,"date":"2023-02-20T06:45:40","date_gmt":"2023-02-20T05:45:40","guid":{"rendered":"https:\/\/dievolkswirtschaft.ch\/?p=179761"},"modified":"2023-08-24T01:37:06","modified_gmt":"2023-08-23T23:37:06","slug":"eine-schuldenbremse-in-der-ahv","status":"publish","type":"post","link":"https:\/\/dievolkswirtschaft.ch\/de\/2023\/02\/eine-schuldenbremse-in-der-ahv\/","title":{"rendered":"Eine Schuldenbremse in der AHV?"},"content":{"rendered":"<p>Im September 2022 hat das Volk nach \u00fcber 20 Jahren Diskussion und gescheiterten Bem\u00fchungen eine Reform der Alters- und Hinterlassenenversicherung (AHV) angenommen. Doch der finanzielle Druck im Vorsorgewerk steigt weiter, vor allem weil der Anteil Rentnerinnen und Rentner an der Erwerbsbev\u00f6lkerung deutlich zunimmt: W\u00e4hrend er im Jahr 2019 noch rund 35 Prozent betrug, sollen es im Jahr 2070 bereits rund 58 Prozent sein.<a href=\"#footnote_1\" id=\"footnote-anchor_1\" class=\"inline-footnote__anchor\">[1]<\/a><\/p>\n<h2 class=\"text__graphic-title\">Weitere Reformen zwingend<\/h2>\n<p>Gem\u00e4ss den Finanzperspektiven des Bundes \u00fcbersteigen bereits ab dem Jahr 2029 die Ausgaben die Einnahmen, trotz Reform.<a href=\"#footnote_2\" id=\"footnote-anchor_2\" class=\"inline-footnote__anchor\">[2]<\/a> F\u00fcr das Jahr 2032 wird erwartet, dass das Verm\u00f6gen im Ausgleichsfonds AHV\/IV\/EO (AHV-Fonds), dem alle AHV-Beitr\u00e4ge gutgeschrieben und alle Leistungen belastet werden, sogar unter die gesetzlich vorgeschriebenen 100 Prozent der Ausgaben eines Jahres f\u00e4llt. Sp\u00e4testens dann werden neue Massnahmen erforderlich. Jedoch wurden konkrete Reformen trotz des Handlungsbedarfs in der Vergangenheit immer wieder hinausgez\u00f6gert. Es scheint paradox, denn niemand stellt die Bedeutung der langfristigen Sicherung der AHV infrage. Allerdings sind die unmittelbaren Anreize gross, unangenehme Massnahmen zur Konsolidierung der AHV auf die n\u00e4chste Generation von Politikern zu verschieben.<a href=\"#footnote_3\" id=\"footnote-anchor_3\" class=\"inline-footnote__anchor\">[3]<\/a><\/p>\n<p>Dabei spielt auch die Tatsache eine Rolle, dass der von der finanziellen Konsolidierung betroffene Medianw\u00e4hler bereits \u00fcber 55 Jahre alt ist, w\u00e4hrend die profitierenden zuk\u00fcnftigen Generationen noch nicht geboren wurden. Die Situation der heutigen Beitragszahlenden und Rentner wird in der Politik oft st\u00e4rker gewichtet als die morgige Finanzierungsproblematik.<a href=\"#footnote_4\" id=\"footnote-anchor_4\" class=\"inline-footnote__anchor\">[4]<\/a> Im Fachjargon wird dies auch als Zeitinkonsistenz bezeichnet. Um diese zu \u00fcberwinden und die Finanzierung der AHV langfristig zu sichern, wird unter anderem die Einf\u00fchrung eines Navigationsmechanismus diskutiert \u2013 \u00e4hnlich der Schuldenbremse. Die Schuldenbremse hat sich in der Schweizer Finanzpolitik bew\u00e4hrt und gilt international als vorbildlich.<a href=\"#footnote_5\" id=\"footnote-anchor_5\" class=\"inline-footnote__anchor\">[5]<\/a> Endlose Budgetdiskussionen ohne konkrete Massnahmen werden so in Schranken gehalten.<\/p>\n<h2 class=\"text__graphic-title\">Unterschiedliche Steuerungsmechanismen<\/h2>\n<p>Weil der Handlungsbedarf in den kommenden Jahren hoch bleiben wird, lohnt es sich, die von Feld, Schaltegger und Weder vor \u00fcber zehn Jahren verschriftlichte Idee erneut aufzugreifen und mit den neusten Zahlen zu aktualisieren.<a href=\"#footnote_6\" id=\"footnote-anchor_6\" class=\"inline-footnote__anchor\">[6]<\/a> \u00a0Die Grundidee: Die nachhaltige Finanzierung der AHV wird durch einen Steuerungsmechanismus gesichert. Der Mechanismus tritt in Kraft, sobald ein vorg\u00e4ngig definierter Schwellenwert f\u00fcr die finanzielle Nachhaltigkeit der AHV verletzt wird. Dies k\u00f6nnen zum Beispiel ein AHV-Fondsbestand von unter 70 Prozent oder ein negatives Umlageergebnis \u2013 die Ausgaben eines Jahres \u00fcbersteigen die Einnahmen \u2013 sein.<\/p>\n<p>Grunds\u00e4tzlich gibt es zwei Arten von Steuerungsmechanismen: Automatismen und Navigationshilfen. Bei den Automatismen handelt es sich \u2013 wie es der Name vermuten l\u00e4sst \u2013 um gesetzliche Steuerungsmechanismen, die automatisch ausgel\u00f6st werden, sobald die AHV nicht mehr nachhaltig finanziert ist. Sie stellen sicher, dass ohne Zutun der Politik vorg\u00e4ngig definierte Massnahmen umgesetzt werden. Die Politik hat aber nat\u00fcrlich weiterhin die M\u00f6glichkeit, jederzeit Ver\u00e4nderungen an den Leistungen oder Finanzierungsquellen vorzunehmen und damit die gesetzlichen Automatismen \u00fcberfl\u00fcssig zu machen. Bei der Navigationshilfe hingegen verbleiben die gesetzlichen Anpassungen in einer ersten Phase im politischen Prozess. Erst in weiteren Phasen kommen Automatismen in Form von Rentenalter- und Mehrwertsteuererh\u00f6hungen zum Einsatz.<\/p>\n<h2 class=\"text__graphic-title\">Drei Modelle<\/h2>\n<p>Konkret lassen sich drei Modelle unterscheiden, die zu unterschiedlichen Zeitpunkten ausgel\u00f6st und anhand verschiedener Instrumente umgesetzt werden (siehe Abbildung 1).<\/p>\n<p>Die Modelle 1 und 2 sind als Autopiloten konzipiert. Sie steuern gleichermassen auf der Einnahme- und der Ausgabenseite, Massnahmen werden jeweils bei einem negativen Umlageergebnis ausgel\u00f6st. In Modell 1 werden das Rentenalter in Monatsschritten und die Lohnbeitr\u00e4ge in Zehntelprozenten so lange erh\u00f6ht, bis das Umlageergebnis nicht mehr negativ ist. In Modell 2 werden die Renten linear gek\u00fcrzt und mit einer Erh\u00f6hung der Mehrwertsteuer im gleichen Ausmass kombiniert.<\/p>\n<p>Im Gegensatz zu den beiden ersten Modellen ist das dritte Modell als Navigationshilfe ausgestaltet. Die erste Phase, die dem politischen Prozess unterworfenen gesetzlichen Anpassungen, tritt ein, sobald der AHV-Fonds unter 70 Prozent der Ausgaben eines Jahres f\u00e4llt. Sobald diese Schwelle erreicht wird, erh\u00e4lt der Bundesrat den gesetzlichen Auftrag, innert Jahresfrist eine Vorlage auszuarbeiten. Die Systematik dieses Modells ist sehr \u00e4hnlich wie die Schuldenbremse.<a href=\"#footnote_7\" id=\"footnote-anchor_7\" class=\"inline-footnote__anchor\">[7]<\/a><\/p>\n<h2 class=\"text__graphic-title\">Abb. 1: Inhalt und Funktionsweise der Steuerungsmechanismen f\u00fcr die AHV<\/h2>\n<p><img fetchpriority=\"high\" decoding=\"async\" class=\"alignnone wp-image-180417 size-full\" src=\"https:\/\/dievolkswirtschaft.ch\/content\/uploads\/2023\/02\/DV_01-23_Haener_2G.png\" alt=\"\" width=\"1284\" height=\"544\" srcset=\"https:\/\/dievolkswirtschaft.ch\/content\/uploads\/2023\/02\/DV_01-23_Haener_2G.png 1284w, https:\/\/dievolkswirtschaft.ch\/content\/uploads\/2023\/02\/DV_01-23_Haener_2G-300x127.png 300w, https:\/\/dievolkswirtschaft.ch\/content\/uploads\/2023\/02\/DV_01-23_Haener_2G-1024x434.png 1024w, https:\/\/dievolkswirtschaft.ch\/content\/uploads\/2023\/02\/DV_01-23_Haener_2G-768x325.png 768w\" sizes=\"(max-width: 1284px) 100vw, 1284px\" \/><\/p>\n<h6 class=\"content-copy\">Quelle: Eigene Darstellung basierend auf Feld et al. (2012) \/ Die Volkswirtschaft<\/h6>\n<h2 class=\"text__graphic-title\">Nachhaltige Finanzierung der AHV \u2013 eine Simulation<\/h2>\n<p>Was gesch\u00e4he nun konkret, wenn ab dem Jahr 2024 einer der beiden Automatismen eingef\u00fchrt werden w\u00fcrde? Gem\u00e4ss den Finanzperspektiven wird das Umlageergebnis im Jahr 2029 negativ im Ausmass von 584 Millionen Schweizer Franken (siehe Abbildung 2). Eine automatische gesetzliche Anpassung w\u00fcrde erstmals im Jahr 2029 stattfinden. Mit der Erh\u00f6hung der Lohnbeitr\u00e4ge von 0,1 Prozent und einer Erh\u00f6hung des Rentenalters um einen Monat w\u00fcrden rund 770 Millionen Schweizer Franken gespart werden. Bis ins Jahr 2032 w\u00fcrden unter Modell 1 die Lohnbeitr\u00e4ge um total 0,3 Prozentpunkte angehoben und das Rentenalter um total 4 Monate erh\u00f6ht.<\/p>\n<p>Unter Modell 2 w\u00fcrden die Erh\u00f6hung der Mehrwertsteuer im Jahr 2029 um 0,1 Prozentpunkte und die K\u00fcrzung der Renten um 1 Prozent das Umlageergebnis um rund 1,07 Milliarden Schweizer Franken steigern. Um die Finanzierung bis ins Jahr 2032 zu sichern, m\u00fcssten in diesem Modell die Renten um 2 Prozent gek\u00fcrzt und die Mehrwertsteuer um 0,2 Prozentpunkte erh\u00f6ht werden. Wie Abbildung 2 zeigt, f\u00fchren beide Automatismen zu einem ausgeglichenen Umlageergebnis.<\/p>\n<p>Gem\u00e4ss den aktuellen Finanzperspektiven bleibt der Fondsbestand bis zum Jahr 2032 deutlich \u00fcber 70 Prozent, weshalb sich ein Inkrafttreten dieser Navigationshilfe aktuell nicht simulieren l\u00e4sst.<\/p>\n<h2 class=\"text__graphic-title\">Abb. 2: Umlageergebnis in den verschiedenen Szenarien bis 2032 (in Millionen Schweizer Franken)<\/h2>\n<div class=\"chart chart--normal\" id=\"2G-2023_HAENER-ERHARDT-SCHALTEGGER_Abb2_DE\"><\/div>\n<script>\n\n\n$(function () {\n    $('#2G-2023_HAENER-ERHARDT-SCHALTEGGER_Abb2_DE').highcharts({     \n\n    chart: {\n        type: 'line'\n    },\n    title: {\n        text: ''\n    },\n    subtitle: {\n        text: ''\n    },\n    xAxis: {\n    \n    title: {\n                text: ''\n            },\n        categories: [\n        \n2021,2022,2023,2024,2025,2026,2027,2028,2029,2030,2031,2032\n\n],\n\n    },\n    yAxis: {\n        title: {\n            text: ''\n        },plotLines: [{\n                color: '#000000',\n                dashStyle: 'dot', \/\/ Spline = Linie, Dot = gepunktete Linie\n                width: 1,\n                value: 0, \/\/ Wert, wo vertikale Linie eingeblendet werden soll\n                label: {\n                    rotation: 0,\n\n                y: -3,\n                    text: ''\n                },\n                zIndex: 3\n            }],\n        \n         labels: {\n\tformatter: function() {\n\t\treturn Highcharts.numberFormat(this.value,0);\n\t}\n},\n       \n    },\n    tooltip: {\n     headerFormat: '<b>{point.x}<\/b><br>',\n     valueSuffix: ' Mio. Franken '\n   \n   \n        },\n    plotOptions: {\n        line: {\n    \n\n            dataLabels: {\n                enabled: false\n            },\n            enableMouseTracking: true\n        },\n        series: {\nmarker: {\nenabled: false\n}\n}\n    },\n    series: [{\n        name: 'Finanzperspektiven 2022',\n        data: [\n        880,1349,1066,2098,1356,1338,1026,1064,-584,-828,-2512,-2671 \n\n\n\n],color: '#327775'\n    }, {\n        name: 'Modell 1',\n        data: [\n        null,null,null,null,null,null,null,1064,195.4,-44.6,-607.5,2.4\n\n\n\n\n],color: '#9c92bf'\n       \n           },   \n           {\n        name: 'Modell 2',\n        data: [\n       null,null,null,null,null,null,null,1064,459.9,252.7,-184.4,383.8\n\n\n\n],color: '#655c99'\n    }\n           \n           \n           ]\n});\n\n\n\n});\n\n<\/script>\n<h6 class=\"content-copy\">Quellen: Bundesamt f\u00fcr Sozialversicherungen (2022) \/ Eigene Berechnungen basierend auf Feld et al. (2012) \/ Die Volkswirtschaft<\/h6>\n<h6 class=\"content-copy\">Anmerkung:<\/h6>\n<h6 class=\"content-copy\">Modell 1: Zwischen 2029 und 2032: Schrittweise Erh\u00f6hung der Lohnbeitr\u00e4ge um total 0,3 Prozent, Rentenaltererh\u00f6hung um total 4 Monate<\/h6>\n<h6 class=\"content-copy\">Modell 2: Zwischen 2029 und 2032: Erh\u00f6hung Mehrwertsteuer um insgesamt 0,2 Prozentpunkte, Rentenk\u00fcrzung um insgesamt 2 Prozent<\/h6>\n<h2 class=\"text__graphic-title\">Wie weiter?<\/h2>\n<p>Die Simulationen zeigen, dass Steuerungsmechanismen in der AHV dazu beitragen k\u00f6nnen, die oft beklagte \u00abPfl\u00e4sterlipolitik\u00bb in der Altersvorsorge zu \u00fcberwinden. Aufgrund der steten Versuchung in der Politik, die aktuellen Finanzprobleme der AHV weiter in die Zukunft zu verschieben, werden es solche Vorlagen weiterhin schwer haben. Aus polit\u00f6konomischer Sicht d\u00fcrfte wohl die Navigationshilfe am vielversprechendsten sein, indem der Steuerungsmechanismus in der ersten Phase lediglich sagt, wann Anpassungen stattfinden m\u00fcssen, aber nicht vorgibt, wie dies zu erfolgen hat. Klar ist aber: Ohne Leitplanken ist die Finanzierungssituation der AHV prek\u00e4r. Je fr\u00fcher sie realistisch gesetzt werden, desto weniger einschneidend sind die notwendigen Anpassungen.<\/p>\n<ol class=\"footnote\"><li id=\"footnote_1\" class=\"footnote--item\">Siehe Bundesamt f\u00fcr Statistik (2022).&nbsp;<a href=\"#footnote-anchor_1\" class=\"inline-footnote__anchor hidden-print\">[<span class=\"icon-arrow-up\"><\/span>]<\/a><\/li><li id=\"footnote_2\" class=\"footnote--item\">Siehe Bundesamt f\u00fcr Sozialversicherungen (2022).&nbsp;<a href=\"#footnote-anchor_2\" class=\"inline-footnote__anchor hidden-print\">[<span class=\"icon-arrow-up\"><\/span>]<\/a><\/li><li id=\"footnote_3\" class=\"footnote--item\">Siehe Weaver (2016).&nbsp;<a href=\"#footnote-anchor_3\" class=\"inline-footnote__anchor hidden-print\">[<span class=\"icon-arrow-up\"><\/span>]<\/a><\/li><li id=\"footnote_4\" class=\"footnote--item\">Siehe B\u00f6rsch-Supan et al. (2021) und Praag und Cardoso (2003).&nbsp;<a href=\"#footnote-anchor_4\" class=\"inline-footnote__anchor hidden-print\">[<span class=\"icon-arrow-up\"><\/span>]<\/a><\/li><li id=\"footnote_5\" class=\"footnote--item\">Siehe Salvi et al. (2020).&nbsp;<a href=\"#footnote-anchor_5\" class=\"inline-footnote__anchor hidden-print\">[<span class=\"icon-arrow-up\"><\/span>]<\/a><\/li><li id=\"footnote_6\" class=\"footnote--item\">Siehe Feld et al. (2012).&nbsp;<a href=\"#footnote-anchor_6\" class=\"inline-footnote__anchor hidden-print\">[<span class=\"icon-arrow-up\"><\/span>]<\/a><\/li><li id=\"footnote_7\" class=\"footnote--item\">Weiter werden in allen Mechanismen, bei einem Fondsbestand unter 50 Prozent, automatisch die betroffenen Gr\u00f6ssen (Rentenalter, Lohnbeitr\u00e4ge, MWST, Rentenh\u00f6he) so stark angepasst, bis der AHV-Fonds wieder den Stand von 50 Prozent erreicht. Bei der Navigationshilfe werden f\u00fcr dieses Szenario die Gr\u00f6ssen Rentenalter und MWST ber\u00fccksichtigt.&nbsp;<a href=\"#footnote-anchor_7\" class=\"inline-footnote__anchor hidden-print\">[<span class=\"icon-arrow-up\"><\/span>]<\/a><\/li><\/ol>","protected":false},"excerpt":{"rendered":"<p>Im September 2022 hat das Volk nach \u00fcber 20 Jahren Diskussion und gescheiterten Bem\u00fchungen eine Reform der Alters- und Hinterlassenenversicherung (AHV) angenommen. Doch der finanzielle Druck im Vorsorgewerk steigt weiter, vor allem weil der Anteil Rentnerinnen und Rentner an der Erwerbsbev\u00f6lkerung deutlich zunimmt: W\u00e4hrend er im Jahr 2019 noch rund 35 Prozent betrug, sollen es [&hellip;]<\/p>","protected":false},"author":2807,"featured_media":203459,"comment_status":"open","ping_status":"open","sticky":false,"template":"","format":"standard","meta":{"_acf_changed":false,"om_disable_all_campaigns":false,"ep_exclude_from_search":false,"footnotes":""},"post__type":[69,66],"post_opinion":[],"post_serie":[],"post_content_category":[98],"post_content_subject":[179,133],"acf":{"seco_author":2807,"seco_co_author":[9204,10221],"author_override":"","seco_author_post_ocupation_year":"","seco_author_post_occupation_de":"Prof. Dr., Direktor, Institut f\u00fcr Schweizer Wirtschaftspolitik (IWP) an der Universit\u00e4t Luzern","seco_author_post_occupation_fr":"Directeur, Institut de politique \u00e9conomique suisse (IWP) et professeur d\u2019\u00e9conomie politique, Universit\u00e9 de Lucerne","seco_co_authors_post_ocupation":[{"seco_co_author":9204,"seco_co_author_post_occupation_year":"","seco_co_author_post_occupation_de":"Dr., Bereichsleiterin Sozialpolitik, Institut f\u00fcr Schweizer Wirtschaftspolitik (IWP) an der Universit\u00e4t Luzern","seco_co_author_post_occupation_fr":"Responsable du domaine de la politique sociale, Institut de politique \u00e9conomique suisse (IWP), Universit\u00e9 de Lucerne"},{"seco_co_author":10221,"seco_co_author_post_occupation_year":"","seco_co_author_post_occupation_de":"Doktorandin und wissenschaftliche Assistentin, Institut f\u00fcr Schweizer Wirtschaftspolitik (IWP) an der Universit\u00e4t Luzern","seco_co_author_post_occupation_fr":"Doctorante et assistante scientifique, Institut de politique \u00e9conomique suisse (IWP), Universit\u00e9 de Lucerne"}],"short_title":"","post_lead":"Die Menschen leben immer l\u00e4nger, und immer weniger werden geboren: f\u00fcr die AHV ein Dilemma, weil notwendige Reformen nicht stattfinden. Ein Steuerungsmechanismus, \u00e4hnlich der Schuldenbremse in der Finanzpolitik, ist zu \u00fcberlegen.","post_hero_image_description":"Die Politik neigt dazu, die Finanzprobleme der AHV in die Zukunft zu verschieben. Nationalratssaal in Bern.","post_hero_image_description_copyright_de":"Keystone","post_hero_image_description_copyright_fr":"","post_references_literature":"<ul>\r\n \t<li class=\"content-copy\">B\u00f6rsch-Supan, H. A., H\u00e4rtl, K., Leite, N.D. &amp; Ludwig, A. (2021). <a href=\"https:\/\/ssrn.com\/abstract=3958856\">Preventing Reforming Unequally<\/a>. Available at SSRN.<\/li>\r\n \t<li class=\"content-copy\">Bundesamt f\u00fcr Sozialversicherungen (2022). <a href=\"https:\/\/www.bsv.admin.ch\/dam\/bsv\/de\/dokumente\/ahv\/finanzperspektiven\/finanzperspektiven-ahv-bis-2031.pdf.download.pdf\/Finanzperspektiven%20der%20AHV%20bis%202032.pdf\">Finanzperspektiven der AHV gem\u00e4ss AHV 2021<\/a>.<\/li>\r\n \t<li class=\"content-copy\">Bundesamt f\u00fcr Statistik (BFS) (2022). <a href=\"https:\/\/www.pxweb.bfs.admin.ch\/pxweb\/de\/px-x-0301000000_103\/px-x-0301000000_103\/px-x-0301000000_103.px\/table\/tableViewLayout2\/\">Bev\u00f6lkerungsszenarien<\/a>.<\/li>\r\n \t<li class=\"content-copy\">Feld, L.P., Schaltegger, C.A. &amp; Weder, M. (2012). Steuerungsmechanismen in der AHV. Beitr\u00e4ge zur sozialen Sicherheit. Forschungsbericht Nr. 7\/12.<\/li>\r\n \t<li class=\"content-copy\">Salvi, M., Schaltegger C.A. &amp; Schmid, L. (2020). Fiscal Rules Cause Lower Debt: Evidence from Switzerland\u2019s Federal Debt Containment Rule, Kyklos 73(4), S. 605\u201342.<\/li>\r\n \t<li class=\"content-copy\">Van Praag, B.M.S. und Cardoso, P. (2003). The Mix Between Pay-as-you-go and Funded Pensions and What Demography Has to Do with It. Cesifo Working Paper No. 865.<\/li>\r\n \t<li class=\"content-copy\">Weaver, R. K. (2016). Privileging Policy Change? Sustaining Automatic Stabilizing Mechanisms in Public Pensions. Social Policy &amp; Administration, 50: 148\u2013 164. doi: 10.1111\/spol.12208.<\/li>\r\n<\/ul>","post_kasten":null,"post_notes_for_print":"","first_teaser_header_de":"","first_teaser_header_fr":"","first_teaser_text_de":"","first_teaser_text_fr":"","second_teaser_header_de":"","second_teaser_header_fr":"","second_teaser_text_de":"","second_teaser_text_fr":"","kseason_de":"","kseason_fr":"","post_in_pdf":"","main_focus":[179898,179903,180736,180742],"serie_email":null,"frontpage_slider_bild":"","artikel_bild-slider":null,"legacy_id":"","post_abstract":"","magazine_issue":null,"seco_author_reccomended_post":"","redaktoren":[9757],"korrektor":4139,"planned_publication_date":"20230221","original_files":null,"external_release_for_author":"20230220","external_release_for_author_time":"00:02:00","link_for_external_authors":"https:\/\/dievolkswirtschaft.ch\/de\/exedit\/63c93b759e993"},"_links":{"self":[{"href":"https:\/\/dievolkswirtschaft.ch\/de\/wp-json\/wp\/v2\/posts\/179761"}],"collection":[{"href":"https:\/\/dievolkswirtschaft.ch\/de\/wp-json\/wp\/v2\/posts"}],"about":[{"href":"https:\/\/dievolkswirtschaft.ch\/de\/wp-json\/wp\/v2\/types\/post"}],"author":[{"embeddable":true,"href":"https:\/\/dievolkswirtschaft.ch\/de\/wp-json\/wp\/v2\/users\/2807"}],"replies":[{"embeddable":true,"href":"https:\/\/dievolkswirtschaft.ch\/de\/wp-json\/wp\/v2\/comments?post=179761"}],"version-history":[{"count":25,"href":"https:\/\/dievolkswirtschaft.ch\/de\/wp-json\/wp\/v2\/posts\/179761\/revisions"}],"predecessor-version":[{"id":180593,"href":"https:\/\/dievolkswirtschaft.ch\/de\/wp-json\/wp\/v2\/posts\/179761\/revisions\/180593"}],"acf:user":[{"embeddable":true,"href":"https:\/\/dievolkswirtschaft.ch\/de\/wp-json\/wp\/v2\/users\/4139"},{"embeddable":true,"href":"https:\/\/dievolkswirtschaft.ch\/de\/wp-json\/wp\/v2\/users\/9757"},{"embeddable":true,"href":"https:\/\/dievolkswirtschaft.ch\/de\/wp-json\/wp\/v2\/users\/10221"},{"embeddable":true,"href":"https:\/\/dievolkswirtschaft.ch\/de\/wp-json\/wp\/v2\/users\/9204"},{"embeddable":true,"href":"https:\/\/dievolkswirtschaft.ch\/de\/wp-json\/wp\/v2\/users\/2807"}],"acf:post":[{"embeddable":true,"href":"https:\/\/dievolkswirtschaft.ch\/de\/wp-json\/wp\/v2\/revision\/180742"},{"embeddable":true,"href":"https:\/\/dievolkswirtschaft.ch\/de\/wp-json\/wp\/v2\/revision\/180736"},{"embeddable":true,"href":"https:\/\/dievolkswirtschaft.ch\/de\/wp-json\/wp\/v2\/main_focus_post\/179903"},{"embeddable":true,"href":"https:\/\/dievolkswirtschaft.ch\/de\/wp-json\/wp\/v2\/main_focus_post\/179898"}],"wp:featuredmedia":[{"embeddable":true,"href":"https:\/\/dievolkswirtschaft.ch\/de\/wp-json\/wp\/v2\/media\/203459"}],"wp:attachment":[{"href":"https:\/\/dievolkswirtschaft.ch\/de\/wp-json\/wp\/v2\/media?parent=179761"}],"wp:term":[{"taxonomy":"post__type","embeddable":true,"href":"https:\/\/dievolkswirtschaft.ch\/de\/wp-json\/wp\/v2\/post__type?post=179761"},{"taxonomy":"post_opinion","embeddable":true,"href":"https:\/\/dievolkswirtschaft.ch\/de\/wp-json\/wp\/v2\/post_opinion?post=179761"},{"taxonomy":"post_serie","embeddable":true,"href":"https:\/\/dievolkswirtschaft.ch\/de\/wp-json\/wp\/v2\/post_serie?post=179761"},{"taxonomy":"post_content_category","embeddable":true,"href":"https:\/\/dievolkswirtschaft.ch\/de\/wp-json\/wp\/v2\/post_content_category?post=179761"},{"taxonomy":"post_content_subject","embeddable":true,"href":"https:\/\/dievolkswirtschaft.ch\/de\/wp-json\/wp\/v2\/post_content_subject?post=179761"}],"curies":[{"name":"wp","href":"https:\/\/api.w.org\/{rel}","templated":true}]}}