{"id":185854,"date":"2023-07-14T07:00:09","date_gmt":"2023-07-14T05:00:09","guid":{"rendered":"https:\/\/dievolkswirtschaft.ch\/?p=185854"},"modified":"2023-08-24T01:41:00","modified_gmt":"2023-08-23T23:41:00","slug":"funktionierende-lieferketten-brauchen-keinen-staat","status":"publish","type":"post","link":"https:\/\/dievolkswirtschaft.ch\/de\/2023\/07\/funktionierende-lieferketten-brauchen-keinen-staat\/","title":{"rendered":"Funktionierende Lieferketten brauchen keinen Staat"},"content":{"rendered":"<p>Es ist wohl eine Untertreibung, zu sagen, dass die Welthandelsordnung zurzeit auf dem Pr\u00fcfstand steht. Die Corona-Pandemie und die entstandenen Lieferkettenengp\u00e4sse haben die Verwundbarkeit der internationalen Arbeitsteilung ins Blickfeld ger\u00fcckt. Weitere Turbulenzen f\u00fcr den internationalen Handel entstanden aufgrund des zunehmenden Antagonismus zwischen den USA und China, der in Strafz\u00f6llen m\u00fcndete, und der Sanktionen, die aufgrund des russischen Einmarsches in die Ukraine implementiert wurden. Diese Entwicklungen wecken die Bef\u00fcrchtung, dass sich die Handelsbeziehungen zwischen den L\u00e4ndern und dadurch auch die wirtschaftliche Weiterentwicklung zunehmend entkoppeln.<\/p>\n<p>Im Mai 2023 haben zwar die G-7-L\u00e4nder auf ihrem Gipfel in Japan beschlossen, kein solches \u00abDecoupling\u00bb, sondern nur ein \u00abkluges Derisking\u00bb anzustreben \u2013 wie EU-Kommissions-Pr\u00e4sidentin Ursula von der Leyen und der deutsche Bundeskanzler Olaf Scholz betonten. Decoupling bedeutet, dass man die Abh\u00e4ngigkeit von ausl\u00e4ndischen M\u00e4rkten und Technologien verringern m\u00f6chte, um die nationale Sicherheit zu erh\u00f6hen. Um die heimische Industrie zu sch\u00fctzen, m\u00fcndet das Decoupling dann oft in ein Re-, Near- oder Friendshoring. Beim Derisking zielt man prim\u00e4r darauf, die Risiken einer zu einseitigen Ausrichtung der Zulieferkette zu verringern, um sich beispielsweise nicht von wenigen Anbietern abh\u00e4ngig zu machen. Damit wird die Zulieferkette stabiler und resilienter gegen negative Schocks wie Unterbr\u00fcche auf den Lieferwegen oder Missernten, aber auch gegen regulatorische \u00c4nderungen. Eine Umfrage unter Industrieunternehmen zeigt, dass lokaler und diversifizierter beschafft wird (siehe Abbildung).<\/p>\n<h2 class=\"text__graphic-title\">Anteil Schweizer Industriefirmen, die ihre Lieferketten anpassen wollen (Mai 2022, in&nbsp;%)<\/h2>\n<div class=\"chart chart--normal\" id=\"Foellmi_7-2023_DE\"><\/div>\n<script>\n$(function () {\n    $('#Foellmi_7-2023_DE').highcharts({\nchart: {\n            type: 'bar'\n        },\n        title: {\n            text: ''\n        }, \n\n\ntooltip: {\n            pointFormat: '<b>{point.y:.0f}%<\/b><br\/>',\n            valueSuffix: ''\n        },\n\n        xAxis: {\n            categories: ['Breitere Diversifikation der Lieferanten','Mehr Einkauf bei europ\u00e4ischen Lieferanten','Mehr Einkauf bei inl\u00e4ndischen Lieferanten','Weniger Einkauf bei asiatischen Lieferanten','St\u00e4rkere Konzentration der Lieferanten', 'Mehr Einkauf bei asiatischen Lieferanten','Weniger Einkauf bei europ\u00e4ischen Lieferanten','Weniger Einkauf bei inl\u00e4ndischen Lieferanten','Mehr Einkauf bei US-Lieferanten'\n\n\n\n\n]\n        },\n        yAxis: {\n            min: 0,\n            title: {\n                text: ''\n            },\nlabels: {               \nformat: '{value}%'\n            },\n        },\n        legend: {\n            enabled: false\n        }, \n\n\n\/\/---------->\n  Damit der Farbwechsel funktioniert, muss man colorByPoint einf\u00fcgen   <----------\/\/\nplotOptions: {\n            series: {\n                colorByPoint: false\n                \n            },\n\n        },\n\n        series: [{\n\n            \n            data: [ 33, 22, 18, 13, 8, 3, 1, 1, 1\n\n\n\n],\ncolors:['#d1815f','#d1815f','#d1815f','#d1815f','#d1815f','#d1815f','#d1815f','#7cb8ec','#7cb8ec','#7cb8ec','#7cb8ec','#7cb8ec'\n],\n      \n        }]\n    });\n});\n<\/script>\n<p>Anmerkung: Umfrage bei 154 Firmen. Die Grafik gibt die Anteile der Firmen an, die eine \u00c4nderung angeben, 25% der Firmen nehmen keine \u00c4nderung vor.<\/p>\n<p>Quelle: Procure.ch, Credit Suisse \/ Die Volkswirtschaft<\/p>\n<h2 class=\"text__graphic-title\">Gute Gr\u00fcnde f\u00fcr das Abstandhalten<\/h2>\n<p>In milit\u00e4risch relevanten Industrien etwa sind sicherheitspolitische Bedenken durchaus angebracht, gerade wenn wir uns vor Augen f\u00fchren, dass im Konflikt zwischen China, Russland und dem Westen Autokratien und Demokratien aufeinanderprallen. Da Erstere oft einer zentral gef\u00fchrten Wirtschaft zuneigen, macht es dar\u00fcber hinaus Sinn, aus wettbewerblichen Gr\u00fcnden die Lieferketten zu diversifizieren: Kritische Rohstoffe wie seltene Erden oder andere zentrale Ressourcen sollten nicht in der Hand weniger Akteure liegen.<\/p>\n<p>Aber bei der grossen Mehrheit der \u00fcbrigen G\u00fcter und Dienstleistungen m\u00fcssen die Firmen selbst \u00fcber ihr optimales Derisking entscheiden \u2013 nicht L\u00e4nder. Vielleicht haben die Unternehmer in den letzten Jahren zu stark auf die Kostenvorteile der internationalen Lieferketten mit wenig diversifizierten Lieferanten gesetzt. Viele Firmen sind deshalb nun bereit, aus eigener Markteinsch\u00e4tzung vermehrt eine Versicherungspr\u00e4mie f\u00fcr stabilere Lieferketten zu zahlen (siehe Abbildung).<\/p>\n<p>Forderungen der Politik bergen hingegen die Gefahr, dass Derisking oder gar Decoupling staatlich gewollt sind und alle Branchen erfassen \u2013 nicht nur sicherheitspolitische Schl\u00fcsselindustrien. Das w\u00e4re kontraproduktiv. Denn verschiedene aktuelle Studien<a href=\"#footnote_1\" id=\"footnote-anchor_1\" class=\"inline-footnote__anchor\">[1]<\/a> zeigen, dass \u00f6konomische Desintegration und Reshoring die Stabilit\u00e4t der heimischen Wirtschaft nicht verbessern, sondern eher noch verringern, weil mit dem Handel eine wichtige Versicherungsfunktion wegf\u00e4llt. In der Nahrungsmittelproduktion etwa k\u00f6nnen Rekordernten in der einen Weltregion Missernten anderswo ausgleichen.<\/p>\n<h2 class=\"text__graphic-title\">Moderner Merkantilismus<\/h2>\n<p>So betrachtet \u00e4hneln das moderne Decoupling oder exzessives Derisking einer altert\u00fcmlichen Vorstellung des Wettbewerbs zwischen Nationen, wie sie vom 16. bis ins 19. Jahrhundert verbreitet war: dem Merkantilismus. Dieser strebte viele Exporte, insbesondere in Fertigprodukten, an. Getreu dem Motto \u00abGeld bleibt hier\u00bb will der Merkantilismus m\u00f6glichst wenig importieren und wenn schon importieren, dann vorwiegend in den Zulieferindustrien. Als Resultat wird ein m\u00f6glichst hoher Leistungsbilanz\u00fcberschuss angestrebt.<\/p>\n<p>Doch erstens kann Merkantilismus nicht funktionieren, wenn alle L\u00e4nder dies anstreben. Denn jedes Land w\u00fcrde die f\u00fcr sich strategisch wichtigen G\u00fcter horten, was letztlich zu einem Teufelskreis f\u00fchrt: Die Beschaffung von Produkten w\u00fcrde schwieriger, und in der Konsequenz w\u00fcrden die L\u00e4nder die Vorratshaltung nochmals erh\u00f6hen. Dies m\u00fcndet schliesslich in einer Negativspirale mit gegenseitigem Vertrauensverlust und weiter r\u00fcckl\u00e4ufigem Handel. Der Balanceakt des weltweit wichtigen Mikrochipproduzenten S\u00fcdkorea, der sowohl aus den USA als auch aus China unter Druck steht, keine Chips an die jeweils andere Grossmacht zu liefern, ist nur ein aktuelles Beispiel daf\u00fcr. Nehmen solche F\u00e4lle weiter zu, verliert der internationale Handel seine zentrale Diversifikationsfunktion, die es erlaubt, bei Lieferengp\u00e4ssen in einem Land aus einem anderen zu importieren.<\/p>\n<p>Zweitens verkennt der Merkantilismus fr\u00fcher wie heute, dass die Handelsgewinne oftmals in den Importen liegen. Dank Importen k\u00f6nnen wir Produkte g\u00fcnstiger kaufen, als wir sie selbst produzieren k\u00f6nnen. Wir m\u00fcssen also eine \u00abMake or buy\u00bb-Entscheidung treffen: importieren oder selbst produzieren. Wer nur die eigenen Exporte maximieren will, setzt die eigenen kostbaren Ressourcen m\u00f6glicherweise am falschen Ort ein. Die Schweiz beispielsweise ist nicht nur im Pharmabereich auf wissensintensive Produkte spezialisiert und belegt in Innovationsrankings regelm\u00e4ssig die vordersten Pl\u00e4tze. Dieser beispiellose und breit abgest\u00fctzte Erfolg ist ein Beleg daf\u00fcr, dass die Schweizer Volkswirtschaft im Ganzen ihre \u00abMake or buy\u00bb-Entscheidung gut trifft. Solange wir nicht durch Handelsbarrieren abgeschottet sind, produzieren und exportieren wir dort, wo wir stark sind, und importieren, was wir nur teuer in Eigenregie herstellen k\u00f6nnten.<\/p>\n<h2 class=\"text__graphic-title\">Die Globalisierung ist nicht tot<\/h2>\n<p>Wie soll sich also die Schweiz inmitten dieser Entwicklungen positionieren? Es steht ausser Frage, dass eine kleine offene Volkswirtschaft auf eine multilaterale Handelsarchitektur angewiesen ist, die allen Firmen m\u00f6glichst gleich lange Spiesse erm\u00f6glicht. In Zeiten des Fachkr\u00e4ftemangels k\u00f6nnen wir unm\u00f6glich alle G\u00fcter und Dienstleistungen selbst produzieren.<\/p>\n<p>In der (Aussen-)Wirtschaftspolitik muss die Schweiz deshalb zentralen Grunds\u00e4tzen folgen. Die Standortattraktivit\u00e4t h\u00e4ngt nicht von schwacher W\u00e4hrung oder der Verf\u00fcgbarkeit seltener Erden vor Ort ab, sondern vom Wachstums- und Innovationspotenzial. Gerade f\u00fcr ein kleines Land geht es nicht um den Wettbewerb zwischen Nationen, sondern um den Wettbewerb der Firmen im Weltmarkt. Will heissen: Die Schweiz ist keine Firma und muss sich deshalb nicht mit Lieferkettenstrategien besch\u00e4ftigen oder mit einer Industriepolitik eine national f\u00fchrende Branche k\u00fcren. Vielmehr muss sie f\u00fcr innovative K\u00f6pfe und Firmen attraktiv sein. Voraussetzung daf\u00fcr sind ein flexibler Arbeitsmarkt, attraktive Steuern, ein gutes Bildungssystem f\u00fcr Arbeitskr\u00e4fte sowie optimale Rahmenbedingungen in Forschung, Rechtssicherheit und Marktzugang f\u00fcr Unternehmen.<\/p>\n<p>Eine in vielen Branchen entkoppelte Welt ist weder f\u00fcr den Westen noch f\u00fcr China eine attraktive Option. Wir d\u00fcrfen nicht vergessen: Allen Unkenrufen zum Trotz ist die Globalisierung weiterhin sehr lebendig. Zwar w\u00e4chst der G\u00fcterhandel nicht mehr so dynamisch wie vor 15 Jahren, als Chinas Integration in den Weltmarkt volle Fahrt aufgenommen hat. Aber oft wird vergessen, dass der Dienstleistungssektor den gr\u00f6ssten Teil der Volkswirtschaften ausmacht. Hier sind die Handelsbarrieren noch am h\u00f6chsten, weshalb hier noch viel Potenzial f\u00fcr Liberalisierungen liegt. Stichwort Telearbeit und selbstlernende Software: Das grosse Wachstum des Dienstleistungshandels steht uns noch bevor.<\/p>\n<ol class=\"footnote\"><li id=\"footnote_1\" class=\"footnote--item\">Siehe etwa D\u2019Aguanno et al. (2021) und Felbermayr et al. (2023).&nbsp;<a href=\"#footnote-anchor_1\" class=\"inline-footnote__anchor hidden-print\">[<span class=\"icon-arrow-up\"><\/span>]<\/a><\/li><\/ol>","protected":false},"excerpt":{"rendered":"<p>Es ist wohl eine Untertreibung, zu sagen, dass die Welthandelsordnung zurzeit auf dem Pr\u00fcfstand steht. Die Corona-Pandemie und die entstandenen Lieferkettenengp\u00e4sse haben die Verwundbarkeit der internationalen Arbeitsteilung ins Blickfeld ger\u00fcckt. Weitere Turbulenzen f\u00fcr den internationalen Handel entstanden aufgrund des zunehmenden Antagonismus zwischen den USA und China, der in Strafz\u00f6llen m\u00fcndete, und der Sanktionen, die aufgrund [&hellip;]<\/p>","protected":false},"author":4049,"featured_media":186266,"comment_status":"open","ping_status":"open","sticky":false,"template":"","format":"standard","meta":{"_acf_changed":false,"om_disable_all_campaigns":false,"ep_exclude_from_search":false,"footnotes":""},"post__type":[69,66],"post_opinion":[],"post_serie":[],"post_content_category":[154],"post_content_subject":[130,170,177],"acf":{"seco_author":4049,"seco_co_author":"","author_override":"","seco_author_post_ocupation_year":"","seco_author_post_occupation_de":"Professor f\u00fcr Volkswirtschaftslehre, SIAW-HSG, Universit\u00e4t St. Gallen","seco_author_post_occupation_fr":"Professeur d\u2019\u00e9conomie politique, Institut suisse de recherche en \u00e9conomie internationale et en \u00e9conomie appliqu\u00e9e de l\u2019Universit\u00e9 de St-Gall (SIAW-HSG)","seco_co_authors_post_ocupation":null,"short_title":"","post_lead":"Mit Begriffen wie Derisking, Decoupling und Nearshoring wird zurzeit der globale Wettbewerb infrage gestellt. Die strategische Auswahl von Lieferquellen und Produktionsstandorten ist aber prim\u00e4r eine Aufgabe der Firmen und nicht des Staates.","post_hero_image_description":"Chinas Pr\u00e4sident Xi Jinping und US-Pr\u00e4sident Joe Biden im November 2022 am G-20-Gipfel auf Bali, Indonesien. Die Beziehung zwischen den beiden L\u00e4ndern ist angespannt und tr\u00e4gt zur Blockbildung im internationalen Handel bei.","post_hero_image_description_copyright_de":"Keystone","post_hero_image_description_copyright_fr":"","post_references_literature":"<ul>\r\n \t<li>\r\n<h6 class=\"content-copy\">D\u2019Aguanno L, O. Davies, A. Dogan, R. Freeman, S. Lloyd, D. Reinhardt, R. Sajedi und R. Zymek (2021). Global Value Chains, Volatility and Safe Openness: Is Trade a Double-edged Sword? Financial Stability Paper 46.<\/h6>\r\n<\/li>\r\n \t<li>\r\n<h6 class=\"content-copy\">Felbermayr, G., H. Mahlkow und A. Sandkamp (2023). Cutting Through the Value Chain: The Long-run Effects of Decoupling the East from the West. Empirica 50, 75\u2013108.<\/h6>\r\n<\/li>\r\n<\/ul>","post_kasten":null,"post_notes_for_print":"","first_teaser_header_de":"","first_teaser_header_fr":"","first_teaser_text_de":"","first_teaser_text_fr":"","second_teaser_header_de":"","second_teaser_header_fr":"","second_teaser_text_de":"","second_teaser_text_fr":"","kseason_de":"","kseason_fr":"","post_in_pdf":"","main_focus":[185985,186003],"serie_email":null,"frontpage_slider_bild":"","artikel_bild-slider":null,"legacy_id":"","post_abstract":"","magazine_issue":null,"seco_author_reccomended_post":"","redaktoren":[4306],"korrektor":5357,"planned_publication_date":"2023-07-14 00:00:00","original_files":null,"external_release_for_author":"20230717","external_release_for_author_time":"00:05:00","link_for_external_authors":"https:\/\/dievolkswirtschaft.ch\/de\/exedit\/649bf262aa192"},"_links":{"self":[{"href":"https:\/\/dievolkswirtschaft.ch\/de\/wp-json\/wp\/v2\/posts\/185854"}],"collection":[{"href":"https:\/\/dievolkswirtschaft.ch\/de\/wp-json\/wp\/v2\/posts"}],"about":[{"href":"https:\/\/dievolkswirtschaft.ch\/de\/wp-json\/wp\/v2\/types\/post"}],"author":[{"embeddable":true,"href":"https:\/\/dievolkswirtschaft.ch\/de\/wp-json\/wp\/v2\/users\/4049"}],"replies":[{"embeddable":true,"href":"https:\/\/dievolkswirtschaft.ch\/de\/wp-json\/wp\/v2\/comments?post=185854"}],"version-history":[{"count":19,"href":"https:\/\/dievolkswirtschaft.ch\/de\/wp-json\/wp\/v2\/posts\/185854\/revisions"}],"predecessor-version":[{"id":186438,"href":"https:\/\/dievolkswirtschaft.ch\/de\/wp-json\/wp\/v2\/posts\/185854\/revisions\/186438"}],"acf:user":[{"embeddable":true,"href":"https:\/\/dievolkswirtschaft.ch\/de\/wp-json\/wp\/v2\/users\/5357"},{"embeddable":true,"href":"https:\/\/dievolkswirtschaft.ch\/de\/wp-json\/wp\/v2\/users\/4306"},{"embeddable":true,"href":"https:\/\/dievolkswirtschaft.ch\/de\/wp-json\/wp\/v2\/users\/4049"}],"acf:post":[{"embeddable":true,"href":"https:\/\/dievolkswirtschaft.ch\/de\/wp-json\/wp\/v2\/main_focus_post\/186003"},{"embeddable":true,"href":"https:\/\/dievolkswirtschaft.ch\/de\/wp-json\/wp\/v2\/main_focus_post\/185985"}],"wp:featuredmedia":[{"embeddable":true,"href":"https:\/\/dievolkswirtschaft.ch\/de\/wp-json\/wp\/v2\/media\/186266"}],"wp:attachment":[{"href":"https:\/\/dievolkswirtschaft.ch\/de\/wp-json\/wp\/v2\/media?parent=185854"}],"wp:term":[{"taxonomy":"post__type","embeddable":true,"href":"https:\/\/dievolkswirtschaft.ch\/de\/wp-json\/wp\/v2\/post__type?post=185854"},{"taxonomy":"post_opinion","embeddable":true,"href":"https:\/\/dievolkswirtschaft.ch\/de\/wp-json\/wp\/v2\/post_opinion?post=185854"},{"taxonomy":"post_serie","embeddable":true,"href":"https:\/\/dievolkswirtschaft.ch\/de\/wp-json\/wp\/v2\/post_serie?post=185854"},{"taxonomy":"post_content_category","embeddable":true,"href":"https:\/\/dievolkswirtschaft.ch\/de\/wp-json\/wp\/v2\/post_content_category?post=185854"},{"taxonomy":"post_content_subject","embeddable":true,"href":"https:\/\/dievolkswirtschaft.ch\/de\/wp-json\/wp\/v2\/post_content_subject?post=185854"}],"curies":[{"name":"wp","href":"https:\/\/api.w.org\/{rel}","templated":true}]}}