{"id":193008,"date":"2024-01-08T07:09:09","date_gmt":"2024-01-08T06:09:09","guid":{"rendered":"https:\/\/dievolkswirtschaft.ch\/?p=193008"},"modified":"2024-01-08T11:14:20","modified_gmt":"2024-01-08T10:14:20","slug":"wer-in-der-schweiz-unternehmen-gruendet","status":"publish","type":"post","link":"https:\/\/dievolkswirtschaft.ch\/de\/2024\/01\/wer-in-der-schweiz-unternehmen-gruendet\/","title":{"rendered":"Wer in der Schweiz Unternehmen gr\u00fcndet"},"content":{"rendered":"<p>Die Schweizer Wirtschaftsgeschichte ist auch eine Geschichte der Migration. Dabei lockte die Schweiz nicht nur Arbeitsmigranten an, die oftmals Schwerstarbeit verrichteten. Auch viele vision\u00e4re Unternehmer fanden den Weg in die Schweiz. Diese gaben dem Land mit innovativen Ideen neue Impulse, gr\u00fcndeten weltweit bekannte Firmen und lieferten die Grundsteine f\u00fcr Branchen, die l\u00e4ngst zur DNA der Schweizer Wirtschaft geh\u00f6ren. 13 der 20 im Swiss Market Index (SMI) enthaltenen Grossunternehmen gehen auf die Initiative von Einwanderern zur\u00fcck \u2013 darunter die Schwergewichte Nestl\u00e9, Roche und ABB.<\/p>\n<p>Doch welches Bild zeigt sich heute? Pr\u00e4gen Pioniere mit ausl\u00e4ndischen Wurzeln weiterhin die wirtschaftliche Entwicklung der Schweiz? Um etwas Licht ins Dunkel des ausl\u00e4ndischen Unternehmertums zu bringen, haben wir in einer neuen <a href=\"https:\/\/www.avenir-suisse.ch\/publication\/grenzenlos-innovativ\/\">Studie<\/a><a href=\"#footnote_1\" id=\"footnote-anchor_1\" class=\"inline-footnote__anchor\">[1]<\/a> die Nationalit\u00e4ten der hiesigen Firmengr\u00fcnder ermittelt. Dazu haben wir Handelsregisterdaten und weitere Quellen ausgewertet. Weil die Analyse auf der Staatsangeh\u00f6rigkeit und nicht dem Migrationshintergrund basiert, untersch\u00e4tzen die nachfolgenden Zahlen die effektive Bedeutung der Migration f\u00fcr das Unternehmertum. So liegt der Ausl\u00e4nderanteil an der Bev\u00f6lkerung bei 26 Prozent; einen Migrationshintergrund haben laut Bundesamt f\u00fcr Statistik jedoch 40 Prozent der Bev\u00f6lkerung.<\/p>\n<h2 class=\"text__graphic-title\"><strong>Ausl\u00e4nder gr\u00fcnden die Start-up-Schweiz<\/strong><\/h2>\n<p>Rund drei Viertel aller Neugr\u00fcndungen in der Schweiz betreffen Einzelunternehmen und Gesellschaften mit beschr\u00e4nkter Haftung (GmbH). Im Gegensatz zu Aktiengesellschaften sind die Gr\u00fcnder bei diesen beiden Rechtsformen gut identifizierbar. Von allen 2022 neu gegr\u00fcndeten Einzelfirmen und GmbH haben 37 Prozent einzig ausl\u00e4ndische Gr\u00fcnder (siehe Abbildung 1). Ber\u00fccksichtigt man zudem die gemischten Gr\u00fcndungen (Beteiligung von Schweizern und Ausl\u00e4ndern), so sind ausl\u00e4ndische Staatsangeh\u00f6rige an 45 Prozent aller Unternehmensgr\u00fcndungen beteiligt.<\/p>\n<p>Unter den neu gegr\u00fcndeten Unternehmen spielen Start-ups eine volkswirtschaftlich wichtige Rolle, wobei sie selbst nur rund 1 Prozent der j\u00e4hrlichen Neugr\u00fcndungen ausmachen. Start-ups sind junge Unternehmen, die \u00fcber eine innovative und skalierbare Gesch\u00e4ftsidee mit hohem Wachstumspotenzial verf\u00fcgen. Sie verfolgen oft einen wissenschafts- und technologiebasierten Ansatz und sind in der Regel auf Investoren (Risikokapital) angewiesen. Hierzulande werden drei Viertel der Start-ups von Ausl\u00e4ndern gegr\u00fcndet oder mitgegr\u00fcndet. Knapp jedes dritte Start-up hat sogar ausschliesslich ausl\u00e4ndische Gr\u00fcnder. Bei den Unicorns, also jenen Start-ups, die eine Bewertung von \u00fcber einer Milliarde US-Dollar erreichen, sind Ausl\u00e4nder noch st\u00e4rker involviert.<\/p>\n<p>Eine Aufschl\u00fcsselung der Nationalit\u00e4ten aller Gr\u00fcnder zeichnet ein Abbild der generellen Erwerbsmigration in die Schweiz (siehe Abbildung 2). Die gr\u00f6sste Ausl\u00e4ndergruppe stellen die Deutschen. Alle Nachbarstaaten zusammen machen rund die H\u00e4lfte der ausl\u00e4ndischen Firmengr\u00fcnder aus. Gr\u00fcnder aus aussereurop\u00e4ischen L\u00e4ndern sind insbesondere bei den Unicorns von Bedeutung, was auf die Krypto-Unternehmen zur\u00fcckzuf\u00fchren ist.<\/p>\n<h2 class=\"text__graphic-title\"><strong>Abb. 1: Ausl\u00e4nder gr\u00fcnden in der Schweiz viele Unternehmen<\/strong><\/h2>\n<h6 class=\"copy-small-bold\">INTERAKTIVE GRAFIK<\/h6>\n<div class=\"chart chart--normal\" id=\"01-2024_LEISIBACH_1_DE\"><\/div>\n<script>\n\n\n\n$(function () {\n    $('#01-2024_LEISIBACH_1_DE').highcharts({     \n\n   chart: {\n        type: 'bar'\n    },\n    title: {\n        text: ''\n    },\n    xAxis: {\n        categories: ['Einzelunternehmen \/ GmbH',\n'Start-ups',\n'Unicorns'\n\n\n]\n    },\n    yAxis: {\nlabels: {\n                format: '{value}%'\n            },\n        min: 0,\nmax: 100,\n        title: {\n            text: 'Nationalit\u00e4tenmix bei Unternehmensgr\u00fcndung'\n        },\n        stackLabels: {enabled: false } ,\n    },\n    legend: {\n        reversed: true\n    },\n    plotOptions: {\n        series: {\n            stacking: 'normal'\n        }\n    },\n    \n         tooltip: {\n          valueSuffix: ''\n   \n   \n        },\n    series: [{\n        name: 'Schweiz',\n        color:\"#666666\",\n        data: [55.4,\n27.0,\n12.5\n\n\n\n]\n    }, {\n        name: 'Gemischt (Ausland und Schweiz)',\n        color:\"#327775\",\n        data: [8.1,\n44.0,\n20.8\n\n\n]\n    \n     },  \n     \n     {name: 'Ausland',\n     color:\"#655c99\",\n     data: [\n        \n36.5,\n29.0,\n66.7\n        \n\n]\n    \n     },\n     \n     ]\n});\n\n});\n\n<\/script>\n<h6 class=\"content-copy\">Anmerkungen: Analyse basierend auf allen 2022 neu gegr\u00fcndeten Firmen (Einzelunternehmen und GmbH), dem Top 100 Swiss Start-up Award 2022 (Start-ups) sowie den 50 (Jung-)Unternehmen gem\u00e4ss Liste des Swiss ICT Investor Club (Unicorns).<\/h6>\n<h6 class=\"content-copy\">Quelle: Leisibach (2023) \/ Die Volkswirtschaft.<\/h6>\n<h2 class=\"text__graphic-title\"><strong>Abb. 2: Ausl\u00e4ndische Gr\u00fcnder in der Schweiz stammen h\u00e4ufig aus Europa<\/strong><\/h2>\n<h6 class=\"copy-small-bold\">INTERAKTIVE GRAFIK<\/h6>\n  <div class=\"chart chart--normal\" id=\"01-2024_LEISIBACH_2_DE\"><\/div>\n<script>\n\n\n\n$(function () {\n    $('#01-2024_LEISIBACH_2_DE').highcharts({    \n\n chart: {\n        type: 'bar'\n    },\n    title: {\n        text: ''\n    },\n    xAxis: {\n        categories: ['Einzelunternehmen \/ GmbH',\n'Start-ups',\n'Unicorns'\n\n\n]\n    },\n    yAxis: {\ntitle: {\n            text: ''\n        },\nlabels: {\n                format: '{value}%'\n            },\n        min: 0,\nmax: 100,\n        \n        stackLabels: {enabled: false } ,\n    },\n    legend: {\n        reversed: true\n    },\n    plotOptions: {\n        series: {\n            stacking: 'normal'\n        }\n    },\n    \n         tooltip: {\n          valueSuffix: ''\n   \n   \n        },\n    series: [{\n        name: 'Schweiz',\n        color:\"#666666\",\n        data: [\n        60.6,\n        49.8,\n        22.2\n\n\n\n]\n    }, {\n        name: 'Nicht-Europa',\n        color:\"#7ea8a7\",\n        data: [6.6,\n        9.4,\n        27.4,\n\n\n\n]\n    \n     },  \n     \n     {\n        name: 'Europa',\n        color:\"#327775\",\n        data: [14.9,\n        15.9,\n        23.8\n\n\n\n]\n    \n     },{\n        name: 'Italien',\n        color:\"#cdc5df\",\n        data: [6.1,\n        5.4,\n        0\n\n\n\n]\n    \n     }, {\n        name: 'Frankreich',\n        color:\"#9c92bf\",\n        data: [5.4,\n        8.3,\n        10.7\n\n\n\n]\n    \n     }, {\n        name: 'Deutschland',\n        color:\"#655c99\",\n        data: [6.5,\t\n        11.2,\n        15.9\n\n\n\n]\n    \n     },\n     \n     ]\n});\n\n});\n\n<\/script>\n<h6 class=\"content-copy\">Anmerkungen: Analyse basierend auf allen 2022 neu gegr\u00fcndeten Firmen (Einzelunternehmen und GmbH), dem Top 100 Swiss Start-up Award 2022 (Start-ups) sowie den 50 (Jung-)Unternehmen gem\u00e4ss Liste des Swiss ICT Investor Club (Unicorns).<\/h6>\n<h6 class=\"content-copy\">Quelle: Leisibach (2023) \/ Die Volkswirtschaft.<\/h6>\n<h2 class=\"text__graphic-title\"><strong>Kantonale Unterschiede <\/strong><\/h2>\n<p>Eine Analyse der Firmengr\u00fcndungen nach Kanton offenbart regionale Unterschiede (siehe Abbildung 3). W\u00e4hrend Ausl\u00e4nder in fast allen Kantonen an mindestens jeder dritten Neugr\u00fcndung beteiligt sind, zeichnen sie in den Kantonen Genf, Tessin und Zug sogar f\u00fcr 6 von 10 Firmengr\u00fcndungen (mit)verantwortlich. Die unterschiedlichen Zahlen spiegeln den Ausl\u00e4nderanteil in der Bev\u00f6lkerung wider: So sind die f\u00fcnf Kantone mit den anteilsm\u00e4ssig meisten Firmengr\u00fcndungen durch Ausl\u00e4nder auch diejenigen mit dem h\u00f6chsten Ausl\u00e4nderanteil.<\/p>\n<p>Ein \u00e4hnliches Bild zeigt sich bei den Start-ups, die in 4 von 5 F\u00e4llen ihren Ursprung in den Kantonen Z\u00fcrich, Waadt, Genf oder in den beiden Basel haben. Im Kanton Genf sind bei allen untersuchten Start-ups Ausl\u00e4nder beteiligt, in der Waadt liegt das Verh\u00e4ltnis bei 4 von 5. Im Kanton Z\u00fcrich werden hingegen \u00abnur\u00bb 3 von 5 Start-ups von Ausl\u00e4ndern (mit)gegr\u00fcndet.<\/p>\n<h2 class=\"text__graphic-title\"><strong>Abb. 3: Je h\u00f6her der Ausl\u00e4nderanteil in einem Kanton, desto h\u00f6her der Ausl\u00e4nderanteil bei der Neugr\u00fcndung eines Unternehmens<\/strong><\/h2>\n<h6 class=\"copy-small-bold\">INTERAKTIVE GRAFIK<\/h6>\n<div class=\"chart chart--normal\" id=\"01-2024_LEISIBACH_3_DE\"><\/div>\n<script>\n\n\n\n$(function () {\n    $('#01-2024_LEISIBACH_3_DE').highcharts({     \n\n chart: {\n                type: 'column'\n            },\n    \n            title: {\n                text: ''\n            },\nlegend: {\nreversed: true\n},\n    \n            xAxis: {\n                categories: ['GE',\n'TI',\n'BS',\n'ZG',\n'VD',\n'AG',\n'BL',\n'SG',\n'SZ',\n'<b>CH<\/b>',\n'TG',\n'ZH',\n'SO',\n'SH',\n'FR',\n'LU',\n'GL',\n'VS',\n'NE',\n'AR',\n'GR',\n'NW',\n'BE',\n'JU',\n'UR',\n'OW',\n'AI'\n]\n            },\n    \n            yAxis: {\n                allowDecimals: false,\n                title: {\n                    text: 'Nationalit\u00e4tenmix bei Unternehmensgr\u00fcndung'\n                },\nlabels: {formatter: function() {\n\t                    \t   if(this.value <= 100) {\n\t\t                    \t   return this.value + '%';\n}\n}\n},\n                stackLabels: {\n                    enabled: true,\n                    formatter: function() {\n                        return  this.stack;\n                    }\n                }\n            },\n    \n            tooltip: {\n                formatter: function() {\n                    return '<b>'+ this.x +'<\/b><br\/>'+\n                        this.series.name +': '+ this.y +'%<br\/>';\n\n                }\n            },\n    \n            plotOptions: {\n                column: {\n                    stacking: 'normal'\n                }\n            },\n    \n            series: [ {\n                name: 'Gemischt (Ausland und Schweiz)',\n                data: [12.9,\n18.5,\n10.4,\n19,\n6.7,\n5.2,\n9.1,\n6,\n7.3,\n8.1,\n6.8,\n6.5,\n4.1,\n8.6,\n6.1,\n6.4,\n4.4,\n8.2,\n5.5,\n6.2,\n10.5,\n10.2,\n4.5,\n7.2,\n3.8,\n10.9,\n9.9,],\n                stack: '',\n                   color:\"#327775\"\n            },{\n                name: 'Ausland',\n                data: [47.3,\n46.2,\n41.3,\n40.8,\n39.4,\n39,\n38.5,\n37.9,\n36.6,\n36.5,\n36.2,\n36.2,\n35.6,\n33.9,\n33,\n32.4,\n31,\n30.2,\n29.5,\n29,\n28.4,\n26.7,\n26.2,\n26.1,\n25.6,\n24.8,\n14.1],\n                stack: '',\n                   color:\"#887db1\"\n                                \n            },  \n            \n            {\n                name: 'Ausl\u00e4nderanteil an Bev\u00f6lkerung',\n                type: 'scatter',\n                data: [40.6,\n27.8,\n36.8,\n29.3,\n33.1,\n25.8,\n23.7,\n24.9,\n22.5,\n26,\n25.7,\n27.4,\n23.7,\n26.6,\n23.3,\n19.3,\n25,\n23.2,\n25.3,\n16.6,\n19.3,\n15.5,\n16.8,\n15,\n13.2,\n15.1,\n11.5,\n],\n                stack: '',\n                \n                   color:\"#333333\"\n                                \n            }, ]\n        });\n\n\n});\n\n<\/script>\n<h6 class=\"content-copy\">Anmerkungen: Analyse basierend auf allen 2022 neu gegr\u00fcndeten Einzelunternehmen und GmbH.<\/h6>\n<h6 class=\"content-copy\">Quelle: Leisibach (2023) \/ Bundesamt f\u00fcr Statistik (BFS) \/ Die Volkswirtschaft.<\/h6>\n<h2 class=\"text__graphic-title\"><strong>Jung, risikofreudig und technologieaffin <\/strong><\/h2>\n<p>Die hohe Zahl ausl\u00e4ndischer Gr\u00fcnder ist bemerkenswert, zumal diese oft mit h\u00f6heren Barrieren (etwa infolge Sprachhindernissen und fehlender Netzwerke) zu k\u00e4mpfen haben. Ein Grund f\u00fcr die \u00fcberdurchschnittliche Unternehmert\u00e4tigkeit d\u00fcrfte in der Tatsache liegen, dass die vergleichsweise jungen Auswanderer per Definition bereit sind, Risiken einzugehen, und somit eine selektive Auswahl von Menschen mit einer h\u00f6heren Risikobereitschaft darstellen.<\/p>\n<p>Zudem belegen ausl\u00e4ndische Studierende in der Schweiz \u00fcberdurchschnittlich oft Mint-F\u00e4cher<a href=\"#footnote_2\" id=\"footnote-anchor_2\" class=\"inline-footnote__anchor\">[2]<\/a>. Dies ist relevant, weil innovative Neugr\u00fcndungen h\u00e4ufig auf Fortschritten in den Mint-Bereichen basieren. Ein hohes Wohlstandsniveau, gute Erwerbsm\u00f6glichkeiten und soziokulturelle Normen (Angst vor dem Scheitern) k\u00f6nnen indes Schweizer davon abhalten, im Gesch\u00e4ftsleben Risiken einzugehen.<\/p>\n<h2 class=\"text__graphic-title\"><strong>Hochschulen f\u00fcr Innovation genauso wichtig<\/strong><\/h2>\n<p>Mit ihrer Innovationskraft sorgen ausl\u00e4ndische Firmengr\u00fcnder f\u00fcr neue Impulse, treiben den Strukturwandel und st\u00e4rken damit die hiesige Konkurrenzf\u00e4higkeit. Im internationalen Wettbewerb kann ein Hochlohnland den Wohlstand nur verteidigen und ausbauen, wenn sich die eigene Volkswirtschaft fortlaufend erneuert. Der Wirtschaftsstandort ist deshalb auf Innovation \u2013 das heisst die Entwicklung neuartiger Produkte und Verfahren \u2013 angewiesen.<\/p>\n<p>Kreative Neugr\u00fcndungen sind indes nur ein Treiber des Innovationsprozesses. F\u00fcr die Innovationskraft der Schweiz sind auch die bestehenden Unternehmen sowie die Hochschulen als Forschungs- und Bildungsanstalten wichtig. Wie wir in unserer Studie zeigen, ist der Ausl\u00e4nderanteil auch in diesen Bereichen \u00fcberdurchschnittlich hoch: Personen mit ausl\u00e4ndischem Pass stellen die H\u00e4lfte aller Forscher und 37 Prozent aller Erfinder (basierend auf Patentanmeldungen). In den zehn wertsch\u00f6pfungsst\u00e4rksten Branchen der Schweiz besitzen 37 Prozent aller Besch\u00e4ftigten keinen Schweizer Pass \u2013 in der hochproduktiven Pharmabranche sind es sogar 56 Prozent. Ein \u00e4hnliches Bild zeigt sich bei den Universit\u00e4ten: Von den Professoren (51 Prozent) bis zu den Mint-Promovierten (74 Prozent) hat ein bedeutender Anteil des Personals und der Studierenden ausl\u00e4ndische Wurzeln.<\/p>\n<p>Die Zahlen zeigen: Das Schweizer Unternehmertum ist aussergew\u00f6hnlich stark internationalisiert, der Ausl\u00e4nderanteil an der Innovationsleistung \u00fcberdurchschnittlich hoch. Ausl\u00e4nder f\u00fchren damit fort, was schon Generationen von Migranten vor ihnen hierzulande geleistet haben. Die Schweiz tut gut daran, auch weiterhin ein attraktiver und offener Standort f\u00fcr Talente aus aller Welt zu bleiben. So ist es mehr als wahrscheinlich, dass auch das \u00abNestl\u00e9 des 21. Jahrhunderts\u00bb auf die Pionierleistung eines Ausl\u00e4nders oder einer Ausl\u00e4nderin zur\u00fcckgehen wird.<\/p>\n<ol class=\"footnote\"><li id=\"footnote_1\" class=\"footnote--item\">Siehe Leisibach, P. (2023).&nbsp;<a href=\"#footnote-anchor_1\" class=\"inline-footnote__anchor hidden-print\">[<span class=\"icon-arrow-up\"><\/span>]<\/a><\/li><li id=\"footnote_2\" class=\"footnote--item\">Mint steht f\u00fcr Mathematik, Informatik, Naturwissenschaft und Technik.&nbsp;<a href=\"#footnote-anchor_2\" class=\"inline-footnote__anchor hidden-print\">[<span class=\"icon-arrow-up\"><\/span>]<\/a><\/li><\/ol>","protected":false},"excerpt":{"rendered":"<p>Die Schweizer Wirtschaftsgeschichte ist auch eine Geschichte der Migration. Dabei lockte die Schweiz nicht nur Arbeitsmigranten an, die oftmals Schwerstarbeit verrichteten. Auch viele vision\u00e4re Unternehmer fanden den Weg in die Schweiz. Diese gaben dem Land mit innovativen Ideen neue Impulse, gr\u00fcndeten weltweit bekannte Firmen und lieferten die Grundsteine f\u00fcr Branchen, die l\u00e4ngst zur DNA der [&hellip;]<\/p>","protected":false},"author":4654,"featured_media":194207,"comment_status":"open","ping_status":"open","sticky":false,"template":"","format":"standard","meta":{"_acf_changed":false,"om_disable_all_campaigns":false,"ep_exclude_from_search":false,"footnotes":""},"post__type":[66],"post_opinion":[],"post_serie":[],"post_content_category":[154],"post_content_subject":[125,183,171],"acf":{"seco_author":4654,"seco_co_author":"","author_override":"","seco_author_post_ocupation_year":"","seco_author_post_occupation_de":"Senior Fellow, Avenir Suisse, Z\u00fcrich","seco_author_post_occupation_fr":"Assistant scientifique \u00e0 l'universit\u00e9 de Lucerne","seco_co_authors_post_ocupation":null,"short_title":"","post_lead":"Pioniere mit ausl\u00e4ndischen Wurzeln gr\u00fcndeten bereits vor mehr als hundert Jahren bekannte Schweizer Firmen. Eine Studie illustriert, wie bedeutend die Migration heute f\u00fcr Neugr\u00fcndungen ist.","post_hero_image_description":"Eine beachtliche Anzahl von Unternehmen in der Schweiz wird von Personen mit ausl\u00e4ndischer Herkunft gegr\u00fcndet. Archiv des Handelsregisteramts in Zug.","post_hero_image_description_copyright_de":"Keystone","post_hero_image_description_copyright_fr":"","post_references_literature":"<ul>\r\n \t<li class=\"content-copy\">Leisibach, P. (2023). <a href=\"https:\/\/www.avenir-suisse.ch\/publication\/grenzenlos-innovativ\/\">Grenzenlos innovativ \u2013 Die Bedeutung der Erwerbsmigration f\u00fcr den Innovationsstandort Schweiz<\/a>. Avenir Suisse.<\/li>\r\n<\/ul>","post_kasten":null,"post_notes_for_print":"","first_teaser_header_de":"","first_teaser_header_fr":"","first_teaser_text_de":"","first_teaser_text_fr":"","second_teaser_header_de":"","second_teaser_header_fr":"","second_teaser_text_de":"","second_teaser_text_fr":"","kseason_de":"","kseason_fr":"","post_in_pdf":"","main_focus":"","serie_email":null,"frontpage_slider_bild":"","artikel_bild-slider":null,"legacy_id":"","post_abstract":"","magazine_issue":null,"seco_author_reccomended_post":"","redaktoren":[9757],"korrektor":5357,"planned_publication_date":"2024-01-08 06:09:09","original_files":null,"external_release_for_author":"20240110","external_release_for_author_time":"00:02:00","link_for_external_authors":"https:\/\/dievolkswirtschaft.ch\/de\/exedit\/65533936f2e9c"},"_links":{"self":[{"href":"https:\/\/dievolkswirtschaft.ch\/de\/wp-json\/wp\/v2\/posts\/193008"}],"collection":[{"href":"https:\/\/dievolkswirtschaft.ch\/de\/wp-json\/wp\/v2\/posts"}],"about":[{"href":"https:\/\/dievolkswirtschaft.ch\/de\/wp-json\/wp\/v2\/types\/post"}],"author":[{"embeddable":true,"href":"https:\/\/dievolkswirtschaft.ch\/de\/wp-json\/wp\/v2\/users\/4654"}],"replies":[{"embeddable":true,"href":"https:\/\/dievolkswirtschaft.ch\/de\/wp-json\/wp\/v2\/comments?post=193008"}],"version-history":[{"count":22,"href":"https:\/\/dievolkswirtschaft.ch\/de\/wp-json\/wp\/v2\/posts\/193008\/revisions"}],"predecessor-version":[{"id":194397,"href":"https:\/\/dievolkswirtschaft.ch\/de\/wp-json\/wp\/v2\/posts\/193008\/revisions\/194397"}],"acf:user":[{"embeddable":true,"href":"https:\/\/dievolkswirtschaft.ch\/de\/wp-json\/wp\/v2\/users\/5357"},{"embeddable":true,"href":"https:\/\/dievolkswirtschaft.ch\/de\/wp-json\/wp\/v2\/users\/9757"},{"embeddable":true,"href":"https:\/\/dievolkswirtschaft.ch\/de\/wp-json\/wp\/v2\/users\/4654"}],"wp:featuredmedia":[{"embeddable":true,"href":"https:\/\/dievolkswirtschaft.ch\/de\/wp-json\/wp\/v2\/media\/194207"}],"wp:attachment":[{"href":"https:\/\/dievolkswirtschaft.ch\/de\/wp-json\/wp\/v2\/media?parent=193008"}],"wp:term":[{"taxonomy":"post__type","embeddable":true,"href":"https:\/\/dievolkswirtschaft.ch\/de\/wp-json\/wp\/v2\/post__type?post=193008"},{"taxonomy":"post_opinion","embeddable":true,"href":"https:\/\/dievolkswirtschaft.ch\/de\/wp-json\/wp\/v2\/post_opinion?post=193008"},{"taxonomy":"post_serie","embeddable":true,"href":"https:\/\/dievolkswirtschaft.ch\/de\/wp-json\/wp\/v2\/post_serie?post=193008"},{"taxonomy":"post_content_category","embeddable":true,"href":"https:\/\/dievolkswirtschaft.ch\/de\/wp-json\/wp\/v2\/post_content_category?post=193008"},{"taxonomy":"post_content_subject","embeddable":true,"href":"https:\/\/dievolkswirtschaft.ch\/de\/wp-json\/wp\/v2\/post_content_subject?post=193008"}],"curies":[{"name":"wp","href":"https:\/\/api.w.org\/{rel}","templated":true}]}}