{"id":197595,"date":"2024-05-06T07:10:03","date_gmt":"2024-05-06T05:10:03","guid":{"rendered":"https:\/\/dievolkswirtschaft.ch\/?p=197595"},"modified":"2024-05-06T11:06:48","modified_gmt":"2024-05-06T09:06:48","slug":"aeltere-menschen-wohnen-grosszuegiger-und-einsamer","status":"publish","type":"post","link":"https:\/\/dievolkswirtschaft.ch\/de\/2024\/05\/aeltere-menschen-wohnen-grosszuegiger-und-einsamer\/","title":{"rendered":"\u00c4ltere Menschen wohnen grossz\u00fcgiger \u2013 und einsamer"},"content":{"rendered":"<p>Rund 1,1 Millionen Menschen \u00fcber 80 Jahre werden im Jahr 2050 in der Schweiz leben \u2013 das prognostiziert das Bundesamt f\u00fcr Statistik (BFS) in seinem Referenzszenario. Aktuell sind es 490\u2019000 Personen. Entsprechend steigt der Bedarf an Alterswohnraum.<\/p>\n<h2 class=\"text__graphic-title\">Allein wohnen kann einsam machen<\/h2>\n<p>Hinter jeder achten Wohnungst\u00fcr lebt in der Schweiz eine \u00fcber 65-j\u00e4hrige Person allein. Dabei handelt es sich um eine halbe Million Haushalte respektive um jede dritte Person in diesem Alter. Mit fortschreitendem Alter nimmt der Anteil an Einpersonenhaushalten stetig zu, bis auf \u00fcber die H\u00e4lfte bei den \u00fcber 85-J\u00e4hrigen. Mehrgenerationenhaushalte sind hingegen zu einer Seltenheit geworden. Noch 1,4 Prozent der \u00fcber 75-J\u00e4hrigen leben in einem Haushalt mit einer Person unter 20 Jahren zusammen \u2013 Tendenz weiter sinkend.<\/p>\n<p>Durch das Alleinwohnen steigt das Risiko zu vereinsamen. Dies h\u00e4ngt auch mit den altersbedingten Lebensumst\u00e4nden zusammen. Die im Alter oft eingeschr\u00e4nkte physische Mobilit\u00e4t macht es beschwerlicher, unter Menschen zu kommen. Dies wirkt sich noch gravierender aus, wenn das Wohnumfeld nicht hindernisfrei ist. Zudem ist das vertraute soziale Umfeld teilweise selbst von Altersgebrechen geschw\u00e4cht oder vom Tod ausged\u00fcnnt. Der Tod des Ehepartners ist bei den meisten \u00e4lteren Menschen denn auch der Grund, weshalb sie allein wohnen: Rund drei von vier allein wohnenden \u00fcber 80-j\u00e4hrigen Personen sind verwitwet.<\/p>\n<h2 class=\"text__graphic-title\">\u00c4ltere Menschen wohnen in \u00e4lteren Geb\u00e4uden<\/h2>\n<p>Altersgerechter Wohnraum ist ein wichtiger Pfeiler, um eine selbstst\u00e4ndigere Lebensweise und mehr soziale Teilhabe im Alter zu erm\u00f6glichen. Insofern dient das Behindertengleichstellungsgesetz von 2004 auch betagten Menschen, da es bei Wohngeb\u00e4uden ab neun Wohnungen eine hindernisfreie Bauweise vorschreibt. Viele \u00e4ltere Menschen leben aber seit Jahrzehnten in derselben Wohnung, mit entsprechend alter Bausubstanz. Knapp 70 Prozent der \u00fcber 80-J\u00e4hrigen sind in der Schweiz in Geb\u00e4uden wohnhaft, die bis 1980 erbaut worden sind. Insofern ist davon auszugehen, dass sie h\u00e4ufig Wohnraum belegen, der sich nicht oder nur bedingt f\u00fcr Menschen mit eingeschr\u00e4nkter Mobilit\u00e4t eignet.<\/p>\n<p>\u00c4ltere Menschen halten also oft an ihren grossen, alten und zentrumsfernen Wohnungen fest. Daf\u00fcr gibt es unterschiedliche Gr\u00fcnde. Erstens profitieren sie in Mietwohnungen oft von den tiefen Bestandsmieten, welche die alten Mietvertr\u00e4ge mit sich bringen. Ein Wohnungswechsel f\u00fchrt in der Regel zu markant h\u00f6heren Wohnkosten, die sich Altershaushalte nicht leisten wollen oder k\u00f6nnen. Zweitens finden \u00e4ltere Menschen keine passenden Angebote, sprich hindernisfreie und bezahlbare Wohnungen. Aufgrund der sozialen Verankerung oder der Ortsverbundenheit besteht zudem meist der Wunsch, den Wohnort nicht verlassen zu m\u00fcssen. Drittens sind \u00e4ltere Menschen vom zunehmend digitalen Wohnungsmarkt und von den kurzen Bedenkfristen \u00fcberfordert. Viertens ist ein Wohnungswechsel mit einem physischen Aufwand und mit Unsicherheiten verbunden. Beides wollen sich \u00e4ltere Menschen nicht mehr ohne Weiteres zumuten. Zu guter Letzt f\u00fchlen sie sich in ihrer Wohnung und in ihrem Wohnumfeld trotz allf\u00e4lliger B\u00fcrden wohl und sehen keinen Anlass f\u00fcr einen Wechsel.<\/p>\n<h2 class=\"text__graphic-title\">Abb. 1: Mehr als jeder zweite Zweipersonenhaushalt 80+ in der Schweiz bewohnt mehr als 100 Quadratmeter (2021)<\/h2>\n<h6 class=\"copy-small-bold\">INTERAKTIVE GRAFIK<\/h6>\n<p style=\"color: #000000; margin: 0in; font-family: Arial; font-size: 11.0pt;\"><div class=\"chart chart--normal\" id=\"WILLIMANN-ZOELLNER-2024-4_ABB1_de\"><\/div>\n<script>\n$(function () {\n    $('#WILLIMANN-ZOELLNER-2024-4_ABB1_de').highcharts({\n    chart: {\n                type: 'column'\n            },\n    \n            title: {\n                text: ''\n            },\nlegend: {\nreversed: true\n},\n    \n            xAxis: {\n                categories: ['Einpersonenhaushalte (65\u201379 Jahre)','Einpersonenhaushalte (80+ Jahre)','Zweipersonenhaushalte (65\u201379 Jahre)','Zweipersonenhaushalte (80+ Jahre)']\n            },\n    \n            yAxis: {\n                allowDecimals: false,\n                title: {\n                    text: ''\n                },\nlabels: {formatter: function() {\n\t                    \t   if(this.value <= 100) {\n\t\t                    \t   return this.value + '%';\n}\n}\n},\n                stackLabels: {\n                    enabled: true,\n                    formatter: function() {\n                        return  this.stack;\n                    }\n                }\n            },\n    \n            tooltip: {\n                formatter: function() {\n                    return '<b>'+ this.x +'<\/b><br\/>'+\n                        this.series.name +': '+ this.y +'%<br\/>';\n\n                }\n            },\n    \n            plotOptions: {\n                column: {\n                    stacking: 'normal'\n                }\n            },\n    \n            series: [ {\n                name: '> 150 m2',\n                data: [9.06,\n9.27,\n22.93,\n16.7],\n                stack: '',\n                   color:\"#327775\"\n            },{\n                name: '100\u2013149 m2',\n                data: [23.27,\n24.55,\n39.8,\n36.48],\n                stack: '',\n                   color:\"#7ea8a7\"\n                                \n            },{\n                name: '70\u201399 m2',\n                data: [34.14,\n35.23,\n27.92,\n34.01],\n                stack: '',\n                    color:\"#b4a9ce\"\n                                \n            },{\n                name: '50\u201369 m2',\n                data: [23.1,\n22.86,\n7.49,\n10.67],\n                stack: '',\n                color:\"#887db1\"\n                                \n            },{\n                name: '< 50 m2',\n                data: [10.42,\n8.09,\n1.86,\n2.13\n],\n                stack: '',\n                 color:\"#655c99\"\n                \n                \n            }  ]\n        });\n});\n<\/script>\n<\/p>\n<h6 class=\"content-copy\">Anmerkung: Das j\u00fcngste Haushaltsmitglied bestimmt die Einteilung der Zweipersonenhaushalte in die Altersgruppe.<\/h6>\n<h6 class=\"content-copy\">Quelle: BFS-Umzugsstatistik 2018\u20132020 \/ Die Volkswirtschaft<\/h6>\n<h2 class=\"text__graphic-title\">\u00c4ltere Menschen belegen oft (zu) grosse Wohneinheiten<\/h2>\n<p>Eine lange Verweildauer in derselben Wohnung bedeutet oft, dass \u00e4ltere Menschen nach wie vor die urspr\u00fcngliche Familienwohnung belegen. Entsprechend grossz\u00fcgig sind die Wohnverh\u00e4ltnisse. Rund ein Drittel der Einpersonenhaushalte mit \u00fcber 65-J\u00e4hrigen belegt in der Schweiz eine Wohnung mit mindestens 100 Quadratmeter Wohnfl\u00e4che. Auf Altershaushalte mit zwei Personen trifft dies sogar bei einer deutlichen Mehrheit zu (siehe Abbildung 1). Dabei ist zu bedenken, dass grossfl\u00e4chige Wohnungen bei schwindenden Lebenskr\u00e4ften zu einer Belastung werden k\u00f6nnen.<\/p>\n<p>F\u00fcr die Zukunft ist damit zu rechnen, dass die Wohnungen der Altershaushalte eher noch grossfl\u00e4chiger werden. Dies wird dann eintreffen, wenn auch k\u00fcnftig \u00e4ltere Menschen nur selten einen Wohnungswechsel vornehmen. Der Grund daf\u00fcr ist, dass Haushalte mit 50- bis 64-j\u00e4hrigen Personen vergleichsweise h\u00e4ufig Wohnungen mit Baujahr 1991 bis 2010 belegen. Die 65- bis 79-J\u00e4hrigen leben demgegen\u00fcber \u00fcberdurchschnittlich oft in Wohnungen aus den 1970er- und 1980er-Jahren, Haushalte mit \u00fcber 80-J\u00e4hrigen hingegen in Wohnungen aus den 1960er- und 1970er-Jahren. In diesen Bauperioden wurde unterschiedlich grossfl\u00e4chig gebaut, wobei ab Mitte des 20. Jahrhunderts zunehmend grossfl\u00e4chigere Wohnungen entstanden sind. Dies sieht man am Beispiel der Drei- und Vierzimmerwohnungen, die in der Schweiz zusammen 55 Prozent des gesamten Wohnungsbestands ausmachen, besonders gut (siehe Abbildung 2).<\/p>\n<h2 class=\"text__graphic-title\">Abb. 2: Seit der Nachkriegszeit werden Drei- und Vierzimmerwohnungen mit Ausnahme des letzten Jahrzehnts immer gr\u00f6sser<\/h2>\n<h6 class=\"copy-small-bold\">INTERAKTIVE GRAFIK<\/h6>\n<div class=\"chart chart--normal\" id=\"WILLIMANN-ZOELLNER-2024-4_ABB2_de\"><\/div>\n<script>\n$(function () {\n    $('#WILLIMANN-ZOELLNER-2024-4_ABB2_de').highcharts({\n     chart: {\n        type: 'line'\n    },\n    title: {\n        text: ''\n    },\n    subtitle: {\n        text: ''\n    },\n     plotOptions: {\n        line: {\n            marker: {\n                enabled: false\n            }\n        }\n    },\n     tooltip: {\n           \n                       valueSuffix: '',\n\n\n        },\n   \n    xAxis: {\n    \n    title: {\n                text: ''\n            },\n        categories: [\n        \n'bis 1918','1919\u20131945','1946\u20131960','1961\u20131970','1971\u20131980','1981\u20131990','1991\u20132000','2001\u20132010','2011\u20132021'\n\n\n\n],\n\n\n    },\n    yAxis: {\n        title: {\n            text: 'Wohnfl\u00e4chen in m2 (Mittelwert)'\n        },\n        labels: {\n                format: ''\n            },\n            \n                   \n    },\n     tooltip: {\n     headerFormat: '<b>{point.x} <\/b><br>',\n     valueSuffix: ' m2'\n   \n   \n        },\n    \n    series: [\n     {\n        name: '3-Zimmer-Wohnung',\n        data: [\n      80,\n77,\n72,\n74,\n79,\n85,\n86,\n93,\n91,\n\n\t\n\n\n\n]\n       \n           },  \n           {\n        name: '4-Zimmer-Wohnung',\n        data: [\n     104,\n101,\n93,\n94,\n101,\n110,\n113,\n122,\n121,\n\n\n\t\n\n\n\n]\n       \n           },\n           \n          \n           \n           \n           \n           ]\n});\n\n\n});\n<\/script>\n<h6 class=\"content-copy\">Quelle: BFS-Umzugsstatistik 2018\u20132020 \/ Die Volkswirtschaft<\/h6>\n<h2 class=\"text__graphic-title\">Es braucht mehr Alterswohnraum<\/h2>\n<p>Um \u00e4lteren Personen einen Wohnungswechsel zu erm\u00f6glichen, hilft unter anderem ein ansprechendes Angebot an Alterswohnungen. Nationale Daten zeigen dabei, dass knapp ein Drittel der im Pensionsalter umziehenden Personen in Neubauten einzieht.<a href=\"#footnote_1\" id=\"footnote-anchor_1\" class=\"inline-footnote__anchor\">[1]<\/a><\/p>\n<p>Es braucht aber insbesondere vermehrt preisg\u00fcnstigen Alterswohnraum, damit sich auch finanzschw\u00e4chere \u00e4ltere Menschen mit g\u00fcnstigen Bestandsmieten einen Wohnungswechsel leisten k\u00f6nnen. In diesem Zusammenhang ist im Auge zu behalten, dass bei den \u00fcber 65-J\u00e4hrigen der Anteil Geschiedener zunimmt. Im Jahr 2012 betrug dieser 10,3 Prozent, bis 2022 stieg er auf 14,8 Prozent. Aufgrund der aktuell vorliegenden Zahlen ist davon auszugehen, dass diese Entwicklung zumindest in den n\u00e4chsten zehn Jahren unvermindert weitergehen wird. Geschiedene im Pensionsalter haben ein erh\u00f6htes Armutsrisiko. Insbesondere geschiedene Frauen verf\u00fcgen \u00fcber tiefe Alterseinkommen, wie kommunale Analysen wiederholt gezeigt haben.<a href=\"#footnote_2\" id=\"footnote-anchor_2\" class=\"inline-footnote__anchor\">[2]<\/a> Auch diese Entwicklung deutet darauf hin, dass der Bedarf an preisg\u00fcnstigem Alterswohnraum in den n\u00e4chsten Jahren eher ansteigen wird.<\/p>\n<ol class=\"footnote\"><li id=\"footnote_1\" class=\"footnote--item\">Siehe BFS-Umzugsstatistik 2018\u20132020.&nbsp;<a href=\"#footnote-anchor_1\" class=\"inline-footnote__anchor hidden-print\">[<span class=\"icon-arrow-up\"><\/span>]<\/a><\/li><li id=\"footnote_2\" class=\"footnote--item\">Siehe Willimann, I. (2019). <a href=\"https:\/\/dievolkswirtschaft.ch\/de\/2019\/12\/alterseinkommen-bei-frauen-deutlich-tiefer-als-bei-maennern\/\">Alterseinkommen bei Frauen deutlich tiefer als bei M\u00e4nnern<\/a>. Die Volkswirtschaft. 19. Dezember.&nbsp;<a href=\"#footnote-anchor_2\" class=\"inline-footnote__anchor hidden-print\">[<span class=\"icon-arrow-up\"><\/span>]<\/a><\/li><\/ol>","protected":false},"excerpt":{"rendered":"<p>Rund 1,1 Millionen Menschen \u00fcber 80 Jahre werden im Jahr 2050 in der Schweiz leben \u2013 das prognostiziert das Bundesamt f\u00fcr Statistik (BFS) in seinem Referenzszenario. Aktuell sind es 490\u2019000 Personen. Entsprechend steigt der Bedarf an Alterswohnraum. Allein wohnen kann einsam machen Hinter jeder achten Wohnungst\u00fcr lebt in der Schweiz eine \u00fcber 65-j\u00e4hrige Person allein. [&hellip;]<\/p>","protected":false},"author":4528,"featured_media":198790,"comment_status":"open","ping_status":"open","sticky":false,"template":"","format":"standard","meta":{"_acf_changed":false,"om_disable_all_campaigns":false,"ep_exclude_from_search":false,"footnotes":""},"post__type":[69,66],"post_opinion":[],"post_serie":[],"post_content_category":[98],"post_content_subject":[179,174],"acf":{"seco_author":4528,"seco_co_author":[11869],"author_override":"","seco_author_post_ocupation_year":"","seco_author_post_occupation_de":"Dozent, Institut f\u00fcr Betriebs- und Regional\u00f6konomie, Hochschule Luzern (HSLU) ","seco_author_post_occupation_fr":"Charg\u00e9 de cours, Institut d\u2019\u00e9conomie r\u00e9gionale et d\u2019entreprise, Haute \u00e9cole de Lucerne (HSLU) ","seco_co_authors_post_ocupation":[{"seco_co_author":11869,"seco_co_author_post_occupation_year":"","seco_co_author_post_occupation_de":"Senior Wissenschaftliche Mitarbeiterin, Institut f\u00fcr Betriebs- und Regional\u00f6konomie, Hochschule Luzern (HSLU)","seco_co_author_post_occupation_fr":""}],"short_title":"","post_lead":"Altersgerechter Wohnraum ist typischerweise hindernisfrei, der Haushaltsgr\u00f6sse angepasst und zentral gelegen. Tats\u00e4chlich aber leben betagte Menschen h\u00e4ufig allein in ihren urspr\u00fcnglichen Familienwohnungen. Warum \u00e4ltere Menschen selten die Wohnung wechseln. ","post_hero_image_description":"Preisg\u00fcnstige Wohnungen erm\u00f6glichen \u00e4lteren Menschen, die Wohnung zu wechseln","post_hero_image_description_copyright_de":"Keystone","post_hero_image_description_copyright_fr":"","post_references_literature":"","post_kasten":null,"post_notes_for_print":"","first_teaser_header_de":"","first_teaser_header_fr":"","first_teaser_text_de":"","first_teaser_text_fr":"","second_teaser_header_de":"","second_teaser_header_fr":"","second_teaser_text_de":"","second_teaser_text_fr":"","kseason_de":"","kseason_fr":"","post_in_pdf":"","main_focus":[198621,198623],"serie_email":null,"frontpage_slider_bild":"","artikel_bild-slider":null,"legacy_id":"","post_abstract":"","magazine_issue":null,"seco_author_reccomended_post":"","redaktoren":[9757],"korrektor":5357,"planned_publication_date":"2024-05-06 05:10:03","original_files":null,"external_release_for_author":"20240506","external_release_for_author_time":"00:02:00","link_for_external_authors":"https:\/\/dievolkswirtschaft.ch\/de\/exedit\/660d3b2831378"},"_links":{"self":[{"href":"https:\/\/dievolkswirtschaft.ch\/de\/wp-json\/wp\/v2\/posts\/197595"}],"collection":[{"href":"https:\/\/dievolkswirtschaft.ch\/de\/wp-json\/wp\/v2\/posts"}],"about":[{"href":"https:\/\/dievolkswirtschaft.ch\/de\/wp-json\/wp\/v2\/types\/post"}],"author":[{"embeddable":true,"href":"https:\/\/dievolkswirtschaft.ch\/de\/wp-json\/wp\/v2\/users\/4528"}],"replies":[{"embeddable":true,"href":"https:\/\/dievolkswirtschaft.ch\/de\/wp-json\/wp\/v2\/comments?post=197595"}],"version-history":[{"count":27,"href":"https:\/\/dievolkswirtschaft.ch\/de\/wp-json\/wp\/v2\/posts\/197595\/revisions"}],"predecessor-version":[{"id":198840,"href":"https:\/\/dievolkswirtschaft.ch\/de\/wp-json\/wp\/v2\/posts\/197595\/revisions\/198840"}],"acf:user":[{"embeddable":true,"href":"https:\/\/dievolkswirtschaft.ch\/de\/wp-json\/wp\/v2\/users\/5357"},{"embeddable":true,"href":"https:\/\/dievolkswirtschaft.ch\/de\/wp-json\/wp\/v2\/users\/9757"},{"embeddable":true,"href":"https:\/\/dievolkswirtschaft.ch\/de\/wp-json\/wp\/v2\/users\/11869"},{"embeddable":true,"href":"https:\/\/dievolkswirtschaft.ch\/de\/wp-json\/wp\/v2\/users\/4528"}],"acf:post":[{"embeddable":true,"href":"https:\/\/dievolkswirtschaft.ch\/de\/wp-json\/wp\/v2\/main_focus_post\/198623"},{"embeddable":true,"href":"https:\/\/dievolkswirtschaft.ch\/de\/wp-json\/wp\/v2\/main_focus_post\/198621"}],"wp:featuredmedia":[{"embeddable":true,"href":"https:\/\/dievolkswirtschaft.ch\/de\/wp-json\/wp\/v2\/media\/198790"}],"wp:attachment":[{"href":"https:\/\/dievolkswirtschaft.ch\/de\/wp-json\/wp\/v2\/media?parent=197595"}],"wp:term":[{"taxonomy":"post__type","embeddable":true,"href":"https:\/\/dievolkswirtschaft.ch\/de\/wp-json\/wp\/v2\/post__type?post=197595"},{"taxonomy":"post_opinion","embeddable":true,"href":"https:\/\/dievolkswirtschaft.ch\/de\/wp-json\/wp\/v2\/post_opinion?post=197595"},{"taxonomy":"post_serie","embeddable":true,"href":"https:\/\/dievolkswirtschaft.ch\/de\/wp-json\/wp\/v2\/post_serie?post=197595"},{"taxonomy":"post_content_category","embeddable":true,"href":"https:\/\/dievolkswirtschaft.ch\/de\/wp-json\/wp\/v2\/post_content_category?post=197595"},{"taxonomy":"post_content_subject","embeddable":true,"href":"https:\/\/dievolkswirtschaft.ch\/de\/wp-json\/wp\/v2\/post_content_subject?post=197595"}],"curies":[{"name":"wp","href":"https:\/\/api.w.org\/{rel}","templated":true}]}}