{"id":198443,"date":"2024-05-23T10:10:48","date_gmt":"2024-05-23T08:10:48","guid":{"rendered":"https:\/\/dievolkswirtschaft.ch\/?p=198443"},"modified":"2024-06-06T14:19:58","modified_gmt":"2024-06-06T12:19:58","slug":"was-beeinflusst-die-inflationserwartungen-der-haushalte","status":"publish","type":"post","link":"https:\/\/dievolkswirtschaft.ch\/de\/2024\/05\/was-beeinflusst-die-inflationserwartungen-der-haushalte\/","title":{"rendered":"Was beeinflusst die Inflationserwartungen der Haushalte?"},"content":{"rendered":"<p>In einer Volkswirtschaft ist das aktuelle Preisniveau wichtig, aber auch die Erwartungen dar\u00fcber, wie sich die Preise in Zukunft entwickeln. Denn diese beeinflussen sowohl die Investitions- und Sparentscheidungen als auch das Kaufverhalten der privaten Haushalte. Auch bei Lohngespr\u00e4chen fliessen die individuellen Inflationserwartungen beider Parteien in die Verhandlung mit ein. Diese Wahrnehmungen und Erwartungen bez\u00fcglich der aktuellen und zuk\u00fcnftigen Preisentwicklung pr\u00e4gen das Wirtschaftsgeschehen also massgeblich. Je besser man versteht, welche Erwartungen die privaten Haushalte hegen und wie sie diese Erwartungen bilden, umso effektiver l\u00e4sst sich beispielsweise die Geldpolitik gestalten.<\/p>\n<p>Vor diesem Hintergrund hat das Staatssekretariat f\u00fcr Wirtschaft (Seco) im Rahmen der j\u00fcngsten Weiterentwicklung seine <a href=\"https:\/\/dievolkswirtschaft.ch\/de\/2024\/03\/konsumentenstimmung-jeden-monat-neu\/\">Erhebung zur Konsumentenstimmung<\/a>, die sich an Privathaushalte richtet, um zwei <a href=\"https:\/\/www.seco.admin.ch\/seco\/de\/home\/wirtschaftslage---wirtschaftspolitik\/Wirtschaftslage\/Konsumentenstimmung\/experimentelle_daten.html\">experimentelle Fragen<\/a> zur k\u00fcnftigen Inflationsentwicklung erweitert. Die Resultate werden monatlich als Zeitreihe publiziert. Eine <a href=\"https:\/\/www.research-collection.ethz.ch\/handle\/20.500.11850\/658102\">Studie<\/a> der KOF Konjunkturforschungsstelle der ETH Z\u00fcrich liefert begleitend zur Erstver\u00f6ffentlichung der Daten erste Befunde \u00fcber diese neu erhobenen Haushaltserwartungen und ordnet diese mit bereits existierenden Resultaten aus der Literatur ein.<a href=\"#footnote_1\" id=\"footnote-anchor_1\" class=\"inline-footnote__anchor\">[1]<\/a><\/p>\n<h2 class=\"text__graphic-title\">Haushalte haben h\u00e4ufig \u00fcberh\u00f6hte Inflationserwartungen<\/h2>\n<p>Wissenschaftlich schon seit L\u00e4ngerem bekannt ist, dass die Inflationserwartungen der Haushalte stark von den Erwartungen der Unternehmen und Prognoseinstitute sowie der realisierten Inflationsrate abweichen k\u00f6nnen. Diese Unterschiede sind f\u00fcr verschiedene L\u00e4nder und Zeitr\u00e4ume gut dokumentiert.<a href=\"#footnote_2\" id=\"footnote-anchor_2\" class=\"inline-footnote__anchor\">[2]<\/a> Konkret haben Privathaushalte tendenziell \u00fcberh\u00f6hte Inflationserwartungen. Dies zeigt sich nun auch in den neu erhobenen Daten der Seco-Konsumentenstimmung: Die Erwartungen der Haushalte liegen im Durchschnitt sowohl \u00fcber den amtlich publizierten Inflationsraten als auch \u00fcber den Inflationserwartungen anderer Wirtschaftssubjekte wie Unternehmen und Prognoseinstitute (siehe Abbildung).<\/p>\n<h2 class=\"text__graphic-title\">Inflationserwartungen der Schweizer Haushalte liegen \u00fcber jenen der Prognoseinstitute und Unternehmen<\/h2>\n<div class=\"content-copy-questions\">Kurzfristige Inflationserwartungen<\/div>\n<div class='chart chart--normal' id='Abberger-M\u00fchlebach-Seiler-Siegrist_5-2024a_de'>\n\n<\/div>\n\n<script>\n$(function () {\n\nHighcharts.setOptions({\n    lang : {\n      months: \"Januar,Februar,M\u00e4rz,April,Mai,Juni,Juli,August,September,Oktober,November,Dezember\".split(\",\"),\n        shortMonths : [ 'Jan', 'Feb', 'M\u00e4rz', 'Apr', 'Mai', 'Jun', 'Jul',\n                'Aug', 'Sep', 'Okt', 'Nov', 'Dez' ]\n    }\n});\n\nvar chart = new\n    $('#Abberger-M\u00fchlebach-Seiler-Siegrist_5-2024a_de').highcharts({\n      chart: {\n        type: 'line'\n    },\n    title: {\n        text: ''\n    },\n    subtitle: {\n        text: ''\n    },\n    xAxis: {\n    type: 'datetime',\n    \n    title: {\n                text: ''\n            },\n        \n\n    },\n    yAxis: {\n        title: {\n            text: ''\n        },\n        labels: {\n                format: '{value}%'\n            },\n            plotBands: [{\n                        color: '#e5e4e4',\n                        from: 0,\n                        to: 2\n                    }]\n       \n    },\n     tooltip: {\n        headerFormat: '<b>{series.name}<\/b><br>',\n        pointFormat: '{point.x:%e. %b %Y}: {point.y:.2f}%'\n    },\n    plotOptions: {\n        line: {\n    \n\n            dataLabels: {\n                enabled: false\n            },\n            enableMouseTracking: true\n        },\n        series: {\nmarker: {\nenabled: false\n}\n}\n    },\n    series: [{\n        name: 'Inflationsrate',\n        color: '#999999',\n        dashStyle: 'shortdash',\n        data: [\n        [Date.UTC(\t2019\t,\t2\t),\t0.729\t],\n [Date.UTC(\t2019\t,\t3\t),\t0.708\t],\n [Date.UTC(\t2019\t,\t4\t),\t0.634\t],\n [Date.UTC(\t2019\t,\t5\t),\t0.6\t],\n [Date.UTC(\t2019\t,\t6\t),\t0.312\t],\n [Date.UTC(\t2019\t,\t7\t),\t0.318\t],\n [Date.UTC(\t2019\t,\t8\t),\t0.148\t],\n [Date.UTC(\t2019\t,\t9\t),\t-0.253\t],\n [Date.UTC(\t2019\t,\t10\t),\t-0.131\t],\n [Date.UTC(\t2019\t,\t11\t),\t0.156\t],\n [Date.UTC(\t2020\t,\t0\t),\t0.202\t],\n [Date.UTC(\t2020\t,\t1\t),\t-0.062\t],\n [Date.UTC(\t2020\t,\t2\t),\t-0.515\t],\n [Date.UTC(\t2020\t,\t3\t),\t-1.063\t],\n [Date.UTC(\t2020\t,\t4\t),\t-1.325\t],\n [Date.UTC(\t2020\t,\t5\t),\t-1.275\t],\n [Date.UTC(\t2020\t,\t6\t),\t-0.92\t],\n [Date.UTC(\t2020\t,\t7\t),\t-0.866\t],\n [Date.UTC(\t2020\t,\t8\t),\t-0.8\t],\n [Date.UTC(\t2020\t,\t9\t),\t-0.57\t],\n [Date.UTC(\t2020\t,\t10\t),\t-0.685\t],\n [Date.UTC(\t2020\t,\t11\t),\t-0.814\t],\n [Date.UTC(\t2021\t,\t0\t),\t-0.544\t],\n [Date.UTC(\t2021\t,\t1\t),\t-0.504\t],\n [Date.UTC(\t2021\t,\t2\t),\t-0.245\t],\n [Date.UTC(\t2021\t,\t3\t),\t0.328\t],\n [Date.UTC(\t2021\t,\t4\t),\t0.551\t],\n [Date.UTC(\t2021\t,\t5\t),\t0.604\t],\n [Date.UTC(\t2021\t,\t6\t),\t0.679\t],\n [Date.UTC(\t2021\t,\t7\t),\t0.882\t],\n [Date.UTC(\t2021\t,\t8\t),\t0.942\t],\n [Date.UTC(\t2021\t,\t9\t),\t1.242\t],\n [Date.UTC(\t2021\t,\t10\t),\t1.533\t],\n [Date.UTC(\t2021\t,\t11\t),\t1.531\t],\n [Date.UTC(\t2022\t,\t0\t),\t1.649\t],\n [Date.UTC(\t2022\t,\t1\t),\t2.151\t],\n [Date.UTC(\t2022\t,\t2\t),\t2.386\t],\n [Date.UTC(\t2022\t,\t3\t),\t2.548\t],\n [Date.UTC(\t2022\t,\t4\t),\t2.942\t],\n [Date.UTC(\t2022\t,\t5\t),\t3.385\t],\n [Date.UTC(\t2022\t,\t6\t),\t3.433\t],\n [Date.UTC(\t2022\t,\t7\t),\t3.452\t],\n [Date.UTC(\t2022\t,\t8\t),\t3.252\t],\n [Date.UTC(\t2022\t,\t9\t),\t2.996\t],\n [Date.UTC(\t2022\t,\t10\t),\t2.96\t],\n [Date.UTC(\t2022\t,\t11\t),\t2.84\t],\n [Date.UTC(\t2023\t,\t0\t),\t3.283\t],\n [Date.UTC(\t2023\t,\t1\t),\t3.372\t],\n [Date.UTC(\t2023\t,\t2\t),\t2.945\t],\n [Date.UTC(\t2023\t,\t3\t),\t2.565\t],\n [Date.UTC(\t2023\t,\t4\t),\t2.159\t],\n [Date.UTC(\t2023\t,\t5\t),\t1.711\t],\n [Date.UTC(\t2023\t,\t6\t),\t1.605\t],\n [Date.UTC(\t2023\t,\t7\t),\t1.554\t],\n [Date.UTC(\t2023\t,\t8\t),\t1.655\t],\n [Date.UTC(\t2023\t,\t9\t),\t1.693\t],\n [Date.UTC(\t2023\t,\t10\t),\t1.444\t],\n [Date.UTC(\t2023\t,\t11\t),\t1.715\t],\n [Date.UTC(\t2024\t,\t0\t),\t1.279\t],\n [Date.UTC(\t2024\t,\t1\t),\t1.168\t],\n [Date.UTC(\t2024\t,\t2\t),\t1.045\t],\n [Date.UTC(\t2024\t,\t3\t),\t1.368\t],\n\n\n\n\n],\n    }, {\n        name: 'Haushalte',\n        color: '#9bbcbc',\n        data: [\n         [Date.UTC(\t2023\t,\t0\t),\t5.081\t],\n [Date.UTC(\t2023\t,\t1\t),\t5.077\t],\n [Date.UTC(\t2023\t,\t2\t),\t5.073\t],\n [Date.UTC(\t2023\t,\t3\t),\t5.179\t],\n [Date.UTC(\t2023\t,\t4\t),\t5.151\t],\n [Date.UTC(\t2023\t,\t5\t),\t5.141\t],\n [Date.UTC(\t2023\t,\t6\t),\t5.121\t],\n [Date.UTC(\t2023\t,\t7\t),\t5.056\t],\n [Date.UTC(\t2023\t,\t8\t),\t5.237\t],\n [Date.UTC(\t2023\t,\t9\t),\t5.216\t],\n [Date.UTC(\t2023\t,\t10\t),\t5.096\t],\n [Date.UTC(\t2023\t,\t11\t),\t5.089\t],\n [Date.UTC(\t2024\t,\t0\t),\t4.893\t],\n [Date.UTC(\t2024\t,\t1\t),\t4.857\t],\n [Date.UTC(\t2024\t,\t2\t),\t4.19\t],\n\n\n\n]\n       \n           },\n           {\n        name: 'Unternehmen',\n        color: '#333333',\n        data: [\n         [Date.UTC(\t2022\t,\t6\t),\t3.08\t],\n [Date.UTC(\t2022\t,\t9\t),\t3.08\t],\n [Date.UTC(\t2023\t,\t0\t),\t2.58\t],\n [Date.UTC(\t2023\t,\t3\t),\t2.53\t],\n [Date.UTC(\t2023\t,\t6\t),\t2.05\t],\n [Date.UTC(\t2023\t,\t9\t),\t2.03\t],\n [Date.UTC(\t2024\t,\t0\t),\t1.93\t],\n [Date.UTC(\t2024\t,\t3\t),\t1.53\t],\n\n\n]\n       \n           }, \n           {\n        name: 'Prognoseinstitutionen',\n        color: '#b4a9ce',\n        data: [\n         [Date.UTC(\t2019\t,\t2\t),\t0.85\t],\n [Date.UTC(\t2019\t,\t5\t),\t0.887\t],\n [Date.UTC(\t2019\t,\t8\t),\t0.625\t],\n [Date.UTC(\t2019\t,\t11\t),\t0.411\t],\n [Date.UTC(\t2020\t,\t2\t),\t0.52\t],\n [Date.UTC(\t2020\t,\t5\t),\t0.233\t],\n [Date.UTC(\t2020\t,\t8\t),\t0.225\t],\n [Date.UTC(\t2020\t,\t11\t),\t0.175\t],\n [Date.UTC(\t2021\t,\t2\t),\t0.512\t],\n [Date.UTC(\t2021\t,\t5\t),\t0.6\t],\n [Date.UTC(\t2021\t,\t8\t),\t0.85\t],\n [Date.UTC(\t2021\t,\t11\t),\t0.92\t],\n [Date.UTC(\t2022\t,\t2\t),\t1.04\t],\n [Date.UTC(\t2022\t,\t5\t),\t1.45\t],\n [Date.UTC(\t2022\t,\t8\t),\t2.4\t],\n [Date.UTC(\t2022\t,\t11\t),\t2.25\t],\n [Date.UTC(\t2023\t,\t2\t),\t1.34\t],\n [Date.UTC(\t2023\t,\t5\t),\t1.52\t],\n [Date.UTC(\t2023\t,\t8\t),\t1.9\t],\n [Date.UTC(\t2023\t,\t11\t),\t1.667\t],\n [Date.UTC(\t2024\t,\t2\t),\t1.16\t],\n\n\n]\n       \n           }\n           \n           \n           \n           ]\n});\n});\n\n\n\n<\/script>\n<div class=\"content-copy-questions\">Langfristige Inflationserwartungen<\/div>\n<div class='chart chart--normal' id='Abberger-M\u00fchlebach-Seiler-Siegrist_5-2024b_de'>\n\n<\/div>\n\n<script>\n$(function () {\n\nHighcharts.setOptions({\n    lang : {\n      months: \"Januar,Februar,M\u00e4rz,April,Mai,Juni,Juli,August,September,Oktober,November,Dezember\".split(\",\"),\n        shortMonths : [ 'Jan', 'Feb', 'M\u00e4rz', 'Apr', 'Mai', 'Jun', 'Jul',\n                'Aug', 'Sep', 'Okt', 'Nov', 'Dez' ]\n    }\n});\n\nvar chart = new\n\n    $('#Abberger-M\u00fchlebach-Seiler-Siegrist_5-2024b_de').highcharts({\n       chart: {\n        type: 'line'\n    },\n    title: {\n        text: ''\n    },\n    subtitle: {\n        text: ''\n    },\n    xAxis: {\n    type: 'datetime',\n    \n    title: {\n                text: ''\n            },\n        \n\n    },\n    yAxis: {\n        title: {\n            text: ''\n        },\n        labels: {\n                format: '{value}%'\n            },\n            plotBands: [{\n                        color: '#e5e4e4',\n                        from: 0,\n                        to: 2\n                    }]\n       \n    },\n     tooltip: {\n        headerFormat: '<b>{series.name}<\/b><br>',\n        pointFormat: '{point.x:%e. %b %Y}: {point.y:.2f}%'\n    },\n    plotOptions: {\n        line: {\n    \n\n            dataLabels: {\n                enabled: false\n            },\n            enableMouseTracking: true\n        },\n        series: {\nmarker: {\nenabled: false\n}\n}\n    },\n    series: [{\n        name: 'Inflationsrate',\n        color: '#999999',\n        dashStyle: 'shortdash',\n        data: [\n        [Date.UTC(\t2019\t,\t2\t),\t0.729\t],\n [Date.UTC(\t2019\t,\t3\t),\t0.708\t],\n [Date.UTC(\t2019\t,\t4\t),\t0.634\t],\n [Date.UTC(\t2019\t,\t5\t),\t0.6\t],\n [Date.UTC(\t2019\t,\t6\t),\t0.312\t],\n [Date.UTC(\t2019\t,\t7\t),\t0.318\t],\n [Date.UTC(\t2019\t,\t8\t),\t0.148\t],\n [Date.UTC(\t2019\t,\t9\t),\t-0.253\t],\n [Date.UTC(\t2019\t,\t10\t),\t-0.131\t],\n [Date.UTC(\t2019\t,\t11\t),\t0.156\t],\n [Date.UTC(\t2020\t,\t0\t),\t0.202\t],\n [Date.UTC(\t2020\t,\t1\t),\t-0.062\t],\n [Date.UTC(\t2020\t,\t2\t),\t-0.515\t],\n [Date.UTC(\t2020\t,\t3\t),\t-1.063\t],\n [Date.UTC(\t2020\t,\t4\t),\t-1.325\t],\n [Date.UTC(\t2020\t,\t5\t),\t-1.275\t],\n [Date.UTC(\t2020\t,\t6\t),\t-0.92\t],\n [Date.UTC(\t2020\t,\t7\t),\t-0.866\t],\n [Date.UTC(\t2020\t,\t8\t),\t-0.8\t],\n [Date.UTC(\t2020\t,\t9\t),\t-0.57\t],\n [Date.UTC(\t2020\t,\t10\t),\t-0.685\t],\n [Date.UTC(\t2020\t,\t11\t),\t-0.814\t],\n [Date.UTC(\t2021\t,\t0\t),\t-0.544\t],\n [Date.UTC(\t2021\t,\t1\t),\t-0.504\t],\n [Date.UTC(\t2021\t,\t2\t),\t-0.245\t],\n [Date.UTC(\t2021\t,\t3\t),\t0.328\t],\n [Date.UTC(\t2021\t,\t4\t),\t0.551\t],\n [Date.UTC(\t2021\t,\t5\t),\t0.604\t],\n [Date.UTC(\t2021\t,\t6\t),\t0.679\t],\n [Date.UTC(\t2021\t,\t7\t),\t0.882\t],\n [Date.UTC(\t2021\t,\t8\t),\t0.942\t],\n [Date.UTC(\t2021\t,\t9\t),\t1.242\t],\n [Date.UTC(\t2021\t,\t10\t),\t1.533\t],\n [Date.UTC(\t2021\t,\t11\t),\t1.531\t],\n [Date.UTC(\t2022\t,\t0\t),\t1.649\t],\n [Date.UTC(\t2022\t,\t1\t),\t2.151\t],\n [Date.UTC(\t2022\t,\t2\t),\t2.386\t],\n [Date.UTC(\t2022\t,\t3\t),\t2.548\t],\n [Date.UTC(\t2022\t,\t4\t),\t2.942\t],\n [Date.UTC(\t2022\t,\t5\t),\t3.385\t],\n [Date.UTC(\t2022\t,\t6\t),\t3.433\t],\n [Date.UTC(\t2022\t,\t7\t),\t3.452\t],\n [Date.UTC(\t2022\t,\t8\t),\t3.252\t],\n [Date.UTC(\t2022\t,\t9\t),\t2.996\t],\n [Date.UTC(\t2022\t,\t10\t),\t2.96\t],\n [Date.UTC(\t2022\t,\t11\t),\t2.84\t],\n [Date.UTC(\t2023\t,\t0\t),\t3.283\t],\n [Date.UTC(\t2023\t,\t1\t),\t3.372\t],\n [Date.UTC(\t2023\t,\t2\t),\t2.945\t],\n [Date.UTC(\t2023\t,\t3\t),\t2.565\t],\n [Date.UTC(\t2023\t,\t4\t),\t2.159\t],\n [Date.UTC(\t2023\t,\t5\t),\t1.711\t],\n [Date.UTC(\t2023\t,\t6\t),\t1.605\t],\n [Date.UTC(\t2023\t,\t7\t),\t1.554\t],\n [Date.UTC(\t2023\t,\t8\t),\t1.655\t],\n [Date.UTC(\t2023\t,\t9\t),\t1.693\t],\n [Date.UTC(\t2023\t,\t10\t),\t1.444\t],\n [Date.UTC(\t2023\t,\t11\t),\t1.715\t],\n [Date.UTC(\t2024\t,\t0\t),\t1.279\t],\n [Date.UTC(\t2024\t,\t1\t),\t1.168\t],\n [Date.UTC(\t2024\t,\t2\t),\t1.045\t],\n [Date.UTC(\t2024\t,\t3\t),\t1.368\t],\n\n\n\n\n],\n    }, {\n        name: 'Haushalte',\n        color: '#9bbcbc',\n        data: [\n          [Date.UTC(\t2023\t,\t0\t),\t2.528\t],\n [Date.UTC(\t2023\t,\t1\t),\t2.641\t],\n [Date.UTC(\t2023\t,\t2\t),\t2.951\t],\n [Date.UTC(\t2023\t,\t3\t),\t2.936\t],\n [Date.UTC(\t2023\t,\t4\t),\t3.071\t],\n [Date.UTC(\t2023\t,\t5\t),\t3.118\t],\n [Date.UTC(\t2023\t,\t6\t),\t3.124\t],\n [Date.UTC(\t2023\t,\t7\t),\t3.074\t],\n [Date.UTC(\t2023\t,\t8\t),\t3.321\t],\n [Date.UTC(\t2023\t,\t9\t),\t3.143\t],\n [Date.UTC(\t2023\t,\t10\t),\t3.228\t],\n [Date.UTC(\t2023\t,\t11\t),\t3.044\t],\n [Date.UTC(\t2024\t,\t0\t),\t3.163\t],\n [Date.UTC(\t2024\t,\t1\t),\t3.139\t],\n [Date.UTC(\t2024\t,\t2\t),\t3.127\t],\n\n\n\n]\n       \n           },\n           {\n        name: 'Unternehmen',\n        color: '#333333',\n        data: [\n  [Date.UTC(\t2022\t,\t6\t),\t2.083\t],\n [Date.UTC(\t2022\t,\t9\t),\t2.072\t],\n [Date.UTC(\t2023\t,\t0\t),\t2.036\t],\n [Date.UTC(\t2023\t,\t3\t),\t2.042\t],\n [Date.UTC(\t2023\t,\t6\t),\t1.999\t],\n [Date.UTC(\t2023\t,\t9\t),\t1.991\t],\n [Date.UTC(\t2024\t,\t0\t),\t1.953\t],\n [Date.UTC(\t2024\t,\t3\t),\t1.92\t],\n\n\n\n]\n       \n           }, \n           {\n        name: 'Prognoseinstitutionen',\n        color: '#b4a9ce',\n        data: [\n         [Date.UTC(\t2019\t,\t2\t),\t1.125\t],\n [Date.UTC(\t2019\t,\t5\t),\t1.15\t],\n [Date.UTC(\t2019\t,\t8\t),\t0.967\t],\n [Date.UTC(\t2019\t,\t11\t),\t0.983\t],\n [Date.UTC(\t2020\t,\t2\t),\t0.65\t],\n [Date.UTC(\t2020\t,\t5\t),\t1\t],\n [Date.UTC(\t2020\t,\t8\t),\t1\t],\n [Date.UTC(\t2020\t,\t11\t),\t0.7\t],\n [Date.UTC(\t2021\t,\t2\t),\t1.25\t],\n [Date.UTC(\t2021\t,\t5\t),\t1\t],\n [Date.UTC(\t2021\t,\t8\t),\t0.85\t],\n [Date.UTC(\t2021\t,\t11\t),\t0.7\t],\n [Date.UTC(\t2022\t,\t2\t),\t1\t],\n [Date.UTC(\t2022\t,\t5\t),\t1.04\t],\n [Date.UTC(\t2022\t,\t8\t),\t1.2\t],\n [Date.UTC(\t2022\t,\t11\t),\t0.975\t],\n [Date.UTC(\t2023\t,\t2\t),\t1.175\t],\n [Date.UTC(\t2023\t,\t5\t),\t1.2\t],\n [Date.UTC(\t2023\t,\t8\t),\t1.2\t],\n [Date.UTC(\t2023\t,\t11\t),\t1.06\t],\n [Date.UTC(\t2024\t,\t2\t),\t1.04\t],\n\n\n\n]\n       \n           }\n           \n           \n           \n           ]\n});\n});\n\n\n\n<\/script>\n<p>&nbsp;<\/p>\n<div class=\"diagram-legend\">Lesebeispiel: Im Juni 2023 betrug die Inflationsrate 1,7 Prozent. Fragte man die Konsumenten im Juni 2023 nach den (kurzfristigen) Inflationserwartungen, betrugen diese im Median 5,1 Prozent. Prognoseinstitute und Unternehmen erwarteten im Juni\/Juli 2023 f\u00fcr die kurze Frist hingegen eine Inflationsrate von nur 1,5 bzw. 2 Prozent. Der Median der langfristigen Inflationserwartungen der privaten Haushalte in f\u00fcnf Jahren lag im Juni 2023 bei rund 3,1 Prozent. Prognoseinstitute und Unternehmen erwarteten hingegen langfristig eine Inflation von 1,2 bzw. 2 Prozent.<\/div>\n<div class=\"diagram-legend\">Anmerkungen: F\u00fcr die Berechnung der Inflationserwartungen wurde der interpolierte Median verwendet. F\u00fcr die kurzfristigen Inflationserwartungen werden die privaten Haushalte in der Erhebung des Seco und die Unternehmen in den KOF-Konjunkturumfragen nach der Entwicklung in den kommenden zw\u00f6lf Monaten gefragt, w\u00e4hrend bei den Prognoseinstituten in der Erhebung des KOF Consensus Forecast nach dem kommenden Jahr gefragt wird. Die langfristigen Inflationserwartungen beziehen sich bei allen Befragungsteilnehmenden auf einen Zeithorizont von f\u00fcnf Jahren. Bei den Inflationserwartungen bezieht sich das Datum auf den Zeitpunkt, zu dem die Befragung zur Inflationserwartung durchgef\u00fchrt wurde. Im Gegensatz dazu bezieht sich das Datum f\u00fcr die Inflationsrate auf den Zeitpunkt, zu dem die amtliche Inflationsrate gemessen wurde.<\/div>\n<div class=\"diagram-legend\">Quelle: Seco \/ BFS \/ KOF \/ SNB \/ Die Volkswirtschaft<\/div>\n<div class=\"diagram-legend\"><\/div>\n<h2 class=\"text__graphic-title\">Eigener Konsum pr\u00e4gt die Preiswahrnehmung<\/h2>\n<p>Es gibt in der Forschung verschiedene Hypothesen, warum die Inflationserwartungen der privaten Haushalte verzerrt sind. Oft wird die Verzerrung damit begr\u00fcndet, dass Konsumentinnen und Konsumenten aufgrund ihrer Konsumgewohnheiten und t\u00e4glichen Aktivit\u00e4ten bestimmte Preise h\u00e4ufiger wahrnehmen als andere, so zum Beispiel Lebensmittel- oder Benzinpreise.<a href=\"#footnote_3\" id=\"footnote-anchor_3\" class=\"inline-footnote__anchor\">[3]<\/a> Dies hat zur Folge, dass die Haushalte ihre Inflationserwartungen eher aufgrund dieser G\u00fcter- und Dienstleistungspreise bilden und weniger anhand des Anteils dieser G\u00fcter an den Gesamtausgaben des Warenkorbs, auf dem der Landesindex der Konsumentenpreise basiert.<\/p>\n<p>Ein weiterer Erkl\u00e4rungsansatz betont kognitive Aspekte wie Erfahrungen oder Erinnerungen. Aus der Literatur geht der robuste Befund hervor, dass Haushalte ihre Erinnerungen an bereits erlebte Inflationsraten zu stark gewichten.<a href=\"#footnote_4\" id=\"footnote-anchor_4\" class=\"inline-footnote__anchor\">[4]<\/a> Dementsprechend weisen Personen, die eine hohe Inflation erlebt haben, systematisch h\u00f6here Inflationserwartungen auf als Generationen, die diese Erfahrung nicht gemacht haben.<\/p>\n<p>Hinzu kommt, dass vergangene Preise in der Erinnerung der Konsumenten oft tiefer sind, als sie es tats\u00e4chlich waren. Das f\u00fchrt dazu, dass die Haushalte die gegenw\u00e4rtige Inflation tendenziell \u00fcbersch\u00e4tzen. Ausserdem achten Menschen st\u00e4rker auf Preissteigerungen als auf Preissenkungen. Selbst in einem Umfeld niedriger oder gar negativer Inflation erwarten Haushalte h\u00e4ufig keine anhaltende Deflation, sondern eher steigende Preise. Diese kognitive Vernachl\u00e4ssigung von Preissenkungen tr\u00e4gt damit zur Verzerrung der Inflationserwartung bei.<\/p>\n<h2 class=\"text__graphic-title\">\u00d6ffentliche Informationen werden unterschiedlich bewertet<\/h2>\n<p>Schliesslich spielen auch die Auswahl, die Gewichtung und die Verarbeitung \u00f6ffentlicher Informationen eine entscheidende Rolle bei der Bildung der Inflationserwartungen der privaten Haushalte. Die Wahrnehmung der aktuellen Inflation ist ein besonders wichtiger Faktor bei der Erwartungsbildung. Aber auch die von den Haushalten genutzten Informationskan\u00e4le sind entscheidend. So messen einige den Nachrichten und Pressemitteilungen der Zentralbanken mehr Bedeutung bei als andere. Und wer h\u00e4ufiger traditionelle Medien wie Zeitungen oder Fernsehen konsumiert, sch\u00e4tzt die vergangene und die erwartete Inflation tendenziell genauer ein.<a href=\"#footnote_5\" id=\"footnote-anchor_5\" class=\"inline-footnote__anchor\">[5]<\/a><\/p>\n<p>Doch selbst gleichen Informationen schenken verschiedene Personen unterschiedliche Aufmerksamkeit \u2013 je nachdem, wie sehr sie der Quelle vertrauen und inwieweit die neuen Informationen in ihr Weltbild passen. Und nicht zuletzt hat jeder Mensch ein individuelles Verst\u00e4ndnis der Informationen und interpretiert diese entsprechend anders.<\/p>\n<h2 class=\"text__graphic-title\">Haushaltserwartungen helfen Trends zu erkennen<\/h2>\n<p>Dass die durch Umfragen erhobenen Inflationserwartungen der privaten Haushalte trotz Verzerrungen wertvolle Signale und Informationen liefern, setzt sich in der Wissenschaft immer mehr durch. So zeigt eine aktuelle Studie<a href=\"#footnote_6\" id=\"footnote-anchor_6\" class=\"inline-footnote__anchor\">[6]<\/a>, dass unterschiedliche Konsum-, Spar-, Investitions- und Verschuldungsentscheidungen von Individuen auch durch deren subjektive Inflationserwartungen erkl\u00e4rt werden k\u00f6nnen.<\/p>\n<p>Allerdings: Aus makro\u00f6konomischer Sicht aussagekr\u00e4ftig ist vor allem der Verlauf und weniger das Niveau der Inflationserwartungen. Die Frage an die Daten ist: Wie ver\u00e4ndern sich die Inflationserwartungen \u00fcber die Zeit? Reagieren sie auf Bewegungen der tats\u00e4chlichen Inflationsrate oder auf geldpolitische Ank\u00fcndigungen und \u00c4nderungen? Die derzeit verf\u00fcgbare Zeitreihe zeigt, dass zumindest \u00fcber diesen relativ kurzen Zeitraum seit Januar 2023 die Tendenz der kurzfristigen Inflationserwartungen der privaten Haushalte der tats\u00e4chlichen Inflationsrate folgt.<\/p>\n<h2 class=\"text__graphic-title\">Langfristerwartungen stabiler<\/h2>\n<p>Auch die langfristigen Inflationserwartungen spielen f\u00fcr geldpolitische Analysen eine wichtige Rolle. Denn sie geben Aufschluss dar\u00fcber, ob die Inflationserwartungen \u00fcber l\u00e4ngere Zeit verankert \u2013 will heissen: stabil \u2013 sind. F\u00fcr die Schweiz sind beispielsweise die Inflationserwartungen der professionellen Prognostiker f\u00fcr die kommenden f\u00fcnf Jahre gut verankert: Sie schwankten in den vergangenen Jahren nur wenig. Dies deutet darauf hin, dass die Prognostiker die hohen Inflationsraten von 2022 und 2023 nur als tempor\u00e4r einsch\u00e4tzten und der preisstabilisierenden Strategie der Schweizerischen Nationalbank (SNB) vertrauen. Mit anderen Worten: Sie glauben daran, dass die Inflationsrate in der langen Frist wieder im definierten Zielband von weniger als 2 Prozent pro Jahr zu liegen kommt.<\/p>\n<p>Die langfristigen Inflationserwartungen der Haushalte sind volatiler als jene der Prognoseinstitute und der Unternehmen. Doch sie schwanken weniger als die Erwartungen f\u00fcr die kurze Frist. Man kann deshalb davon ausgehen, dass auch bei den Haushalten eine gewisse Verankerung der Erwartungen besteht. Da die Zeitreihe der Haushaltsdaten erst im Januar 2023 beginnt und deshalb noch relativ kurz ist, werden sich der Verlauf und dessen Aussagekraft sowie die Verankerung erst mit weiteren Beobachtungen in den kommenden Jahren noch pr\u00e4ziser einsch\u00e4tzen lassen.<\/p>\n<ol class=\"footnote\"><li id=\"footnote_1\" class=\"footnote--item\">Siehe Abberger et al. (2024).&nbsp;<a href=\"#footnote-anchor_1\" class=\"inline-footnote__anchor hidden-print\">[<span class=\"icon-arrow-up\"><\/span>]<\/a><\/li><li id=\"footnote_2\" class=\"footnote--item\">Siehe etwa Arioli et al. (2016) f\u00fcr verschiedene europ\u00e4ische L\u00e4nder.&nbsp;<a href=\"#footnote-anchor_2\" class=\"inline-footnote__anchor hidden-print\">[<span class=\"icon-arrow-up\"><\/span>]<\/a><\/li><li id=\"footnote_3\" class=\"footnote--item\">Siehe etwa D\u2019Acunto et al. (2021).&nbsp;<a href=\"#footnote-anchor_3\" class=\"inline-footnote__anchor hidden-print\">[<span class=\"icon-arrow-up\"><\/span>]<\/a><\/li><li id=\"footnote_4\" class=\"footnote--item\">Siehe zum Beispiel Malmendier und Nagel (2016).&nbsp;<a href=\"#footnote-anchor_4\" class=\"inline-footnote__anchor hidden-print\">[<span class=\"icon-arrow-up\"><\/span>]<\/a><\/li><li id=\"footnote_5\" class=\"footnote--item\">Siehe Weber et al. (2022).&nbsp;<a href=\"#footnote-anchor_5\" class=\"inline-footnote__anchor hidden-print\">[<span class=\"icon-arrow-up\"><\/span>]<\/a><\/li><li id=\"footnote_6\" class=\"footnote--item\">Siehe D\u2019Acunto und Weber (2024).&nbsp;<a href=\"#footnote-anchor_6\" class=\"inline-footnote__anchor hidden-print\">[<span class=\"icon-arrow-up\"><\/span>]<\/a><\/li><\/ol>","protected":false},"excerpt":{"rendered":"<p>In einer Volkswirtschaft ist das aktuelle Preisniveau wichtig, aber auch die Erwartungen dar\u00fcber, wie sich die Preise in Zukunft entwickeln. Denn diese beeinflussen sowohl die Investitions- und Sparentscheidungen als auch das Kaufverhalten der privaten Haushalte. Auch bei Lohngespr\u00e4chen fliessen die individuellen Inflationserwartungen beider Parteien in die Verhandlung mit ein. Diese Wahrnehmungen und Erwartungen bez\u00fcglich der [&hellip;]<\/p>","protected":false},"author":4938,"featured_media":199253,"comment_status":"open","ping_status":"open","sticky":false,"template":"","format":"standard","meta":{"_acf_changed":false,"om_disable_all_campaigns":false,"ep_exclude_from_search":false,"footnotes":""},"post__type":[66],"post_opinion":[],"post_serie":[],"post_content_category":[213],"post_content_subject":[224],"acf":{"seco_author":4938,"seco_co_author":[11959,5262,9552],"author_override":"","seco_author_post_ocupation_year":"","seco_author_post_occupation_de":"Leiter Konjunkturumfragen, KOF Konjunkturforschungsstelle, ETH Z\u00fcrich","seco_author_post_occupation_fr":"Responsable des enqu\u00eates conjoncturelles, Centre de recherches conjoncturelles (KOF), \u00c9cole polytechnique f\u00e9d\u00e9rale de Zurich (EPFZ)","seco_co_authors_post_ocupation":[{"seco_co_author":11959,"seco_co_author_post_occupation_year":"","seco_co_author_post_occupation_de":"Doktorandin und wissenschaftliche Mitarbeiterin, KOF Konjunkturforschungsstelle, ETH Z\u00fcrich","seco_co_author_post_occupation_fr":""},{"seco_co_author":5262,"seco_co_author_post_occupation_year":"","seco_co_author_post_occupation_de":"Doktorand und wissenschaftlicher Mitarbeiter, KOF Konjunkturforschungsstelle, ETH Z\u00fcrich","seco_co_author_post_occupation_fr":"Collaborateur scientifique, division Enqu\u00eates conjoncturelles, Centre de recherches conjoncturelles (KOF), \u00c9cole polytechnique f\u00e9d\u00e9rale de Zurich (EPFZ)"},{"seco_co_author":9552,"seco_co_author_post_occupation_year":"","seco_co_author_post_occupation_de":"Doktorandin und wissenschaftliche Mitarbeiterin, KOF Konjunkturforschungsstelle, ETH Z\u00fcrich","seco_co_author_post_occupation_fr":"Collaboratrice scientifique, doctorante et responsable Analyses et pr\u00e9visions en conjoncture BTP, Centre de recherches conjoncturelles KOF de l\u2019EPF Zurich"}],"short_title":"Was beeinflusst die Inflationserwartungen der Haushalte?","post_lead":"Die Inflationserwartungen der Haushalte liegen tendenziell \u00fcber den offiziellen Inflationsraten und \u00fcber denen von Prognoseinstituten und Unternehmen. Die Gr\u00fcnde sind beispielsweise eine verzerrte Wahrnehmung einzelner Preise oder der vergangenen Inflation. ","post_hero_image_description":"Wer h\u00e4ufig klassische Medien wie Zeitungen konsumiert, sch\u00e4tzt die Inflation tendenziell genauer ein.","post_hero_image_description_copyright_de":"Keystone","post_hero_image_description_copyright_fr":"","post_references_literature":"<ul>\r\n \t<li>Abberger, K., M\u00fchlebach, N., Seiler, P. und Siegrist, S. (2024). <a href=\"https:\/\/www.research-collection.ethz.ch\/handle\/20.500.11850\/658102\">Studie zur Erhebung der Inflationserwartungen in der Umfrage der Schweizer Konsumentenstimmung<\/a>. KOF Studien, Nr. 176.<\/li>\r\n \t<li>Arioli, R., Bates, C., Dieden H., Duca, I., Friz, R., Gayer, C., Kenny, G., Meyler, A. und Pavlova, I. (2016). EU Consumers\u2019 Quantitative Inflation Perceptions and Expectations: An Evaluation (Working Paper No. 038). European Commission.<\/li>\r\n \t<li>D\u2019Acunto, F., Malmendier, U., Ospina, J. und Weber, M. (2021). Exposure to Grocery Prices and Inflation Expectations. Journal of Political Economy, 129(5), 1615\u20131639.<\/li>\r\n \t<li>D\u2019Acunto, F. und Weber, M. (2024). Why Survey-based Subjective Expectations Are Meaningful and Important (Working Paper No. W32199). National Bureau of Economic Research.<\/li>\r\n \t<li>Malmendier, U. und Nagel, S. (2016). Learning from Inflation Experiences. The Quarterly Journal of Economics, 131(1), 53\u201387.<\/li>\r\n \t<li>Weber, M., D\u2019Acunto, F., Gorodnichenko, Y. und Coibion, O. (2022). The Subjective Inflation Expectations of Households and Firms: Measurement, Determinants, and Implications. Journal of Economic Perspectives, 36(3), 157\u2013184.<\/li>\r\n<\/ul>","post_kasten":null,"post_notes_for_print":"","first_teaser_header_de":"","first_teaser_header_fr":"","first_teaser_text_de":"","first_teaser_text_fr":"","second_teaser_header_de":"","second_teaser_header_fr":"","second_teaser_text_de":"","second_teaser_text_fr":"","kseason_de":"","kseason_fr":"","post_in_pdf":"","main_focus":"","serie_email":null,"frontpage_slider_bild":"","artikel_bild-slider":null,"legacy_id":"","post_abstract":"","magazine_issue":null,"seco_author_reccomended_post":"","redaktoren":[4306],"korrektor":5357,"planned_publication_date":"2024-05-23 08:10:48","original_files":null,"external_release_for_author":"20240528","external_release_for_author_time":"00:05:00","link_for_external_authors":"https:\/\/dievolkswirtschaft.ch\/de\/exedit\/662b694586c74"},"_links":{"self":[{"href":"https:\/\/dievolkswirtschaft.ch\/de\/wp-json\/wp\/v2\/posts\/198443"}],"collection":[{"href":"https:\/\/dievolkswirtschaft.ch\/de\/wp-json\/wp\/v2\/posts"}],"about":[{"href":"https:\/\/dievolkswirtschaft.ch\/de\/wp-json\/wp\/v2\/types\/post"}],"author":[{"embeddable":true,"href":"https:\/\/dievolkswirtschaft.ch\/de\/wp-json\/wp\/v2\/users\/4938"}],"replies":[{"embeddable":true,"href":"https:\/\/dievolkswirtschaft.ch\/de\/wp-json\/wp\/v2\/comments?post=198443"}],"version-history":[{"count":37,"href":"https:\/\/dievolkswirtschaft.ch\/de\/wp-json\/wp\/v2\/posts\/198443\/revisions"}],"predecessor-version":[{"id":199766,"href":"https:\/\/dievolkswirtschaft.ch\/de\/wp-json\/wp\/v2\/posts\/198443\/revisions\/199766"}],"acf:user":[{"embeddable":true,"href":"https:\/\/dievolkswirtschaft.ch\/de\/wp-json\/wp\/v2\/users\/5357"},{"embeddable":true,"href":"https:\/\/dievolkswirtschaft.ch\/de\/wp-json\/wp\/v2\/users\/4306"},{"embeddable":true,"href":"https:\/\/dievolkswirtschaft.ch\/de\/wp-json\/wp\/v2\/users\/9552"},{"embeddable":true,"href":"https:\/\/dievolkswirtschaft.ch\/de\/wp-json\/wp\/v2\/users\/5262"},{"embeddable":true,"href":"https:\/\/dievolkswirtschaft.ch\/de\/wp-json\/wp\/v2\/users\/11959"},{"embeddable":true,"href":"https:\/\/dievolkswirtschaft.ch\/de\/wp-json\/wp\/v2\/users\/4938"}],"wp:featuredmedia":[{"embeddable":true,"href":"https:\/\/dievolkswirtschaft.ch\/de\/wp-json\/wp\/v2\/media\/199253"}],"wp:attachment":[{"href":"https:\/\/dievolkswirtschaft.ch\/de\/wp-json\/wp\/v2\/media?parent=198443"}],"wp:term":[{"taxonomy":"post__type","embeddable":true,"href":"https:\/\/dievolkswirtschaft.ch\/de\/wp-json\/wp\/v2\/post__type?post=198443"},{"taxonomy":"post_opinion","embeddable":true,"href":"https:\/\/dievolkswirtschaft.ch\/de\/wp-json\/wp\/v2\/post_opinion?post=198443"},{"taxonomy":"post_serie","embeddable":true,"href":"https:\/\/dievolkswirtschaft.ch\/de\/wp-json\/wp\/v2\/post_serie?post=198443"},{"taxonomy":"post_content_category","embeddable":true,"href":"https:\/\/dievolkswirtschaft.ch\/de\/wp-json\/wp\/v2\/post_content_category?post=198443"},{"taxonomy":"post_content_subject","embeddable":true,"href":"https:\/\/dievolkswirtschaft.ch\/de\/wp-json\/wp\/v2\/post_content_subject?post=198443"}],"curies":[{"name":"wp","href":"https:\/\/api.w.org\/{rel}","templated":true}]}}