{"id":198473,"date":"2024-06-06T12:10:36","date_gmt":"2024-06-06T10:10:36","guid":{"rendered":"https:\/\/dievolkswirtschaft.ch\/?p=198473"},"modified":"2024-06-06T17:43:13","modified_gmt":"2024-06-06T15:43:13","slug":"whistleblowing-meldestellen-in-der-verwaltung-nehmen-zu","status":"publish","type":"post","link":"https:\/\/dievolkswirtschaft.ch\/de\/2024\/06\/whistleblowing-meldestellen-in-der-verwaltung-nehmen-zu\/","title":{"rendered":"Whistleblowing-Meldestellen in der Verwaltung nehmen zu"},"content":{"rendered":"<p>Korruption existiert auch hierzulande, auch wenn die Schweiz gem\u00e4ss der internationalen Nichtregierungsorganisation Transparency International 2023 unver\u00e4ndert auf dem guten sechsten Platz von 180 L\u00e4ndern stand.<a href=\"#footnote_1\" id=\"footnote-anchor_1\" class=\"inline-footnote__anchor\">[1]<\/a> Eine bessere Korruptionsbek\u00e4mpfung ist in der Schweiz aber dennoch ein wichtiges Thema.<\/p>\n<p>Gewisse Aspekte der Korruptionsbek\u00e4mpfung wie etwa die Politikfinanzierung oder der Schutz von Hinweisgeberinnen und -gebern \u2013 sogenannten Whistleblowern \u2013 werden seit vielen Jahren regelm\u00e4ssig \u00fcberpr\u00fcft, etwa von der Staatengruppe gegen Korruption des Europarats (Greco), der Organisation f\u00fcr wirtschaftliche Zusammenarbeit und Entwicklung (OECD) oder im Rahmen des \u00dcbereinkommens der Vereinten Nationen gegen Korruption (Uncac). Dies hat beispielsweise dazu gef\u00fchrt, dass bei den eidgen\u00f6ssischen Wahlen 2023 erstmals neue Transparenzvorschriften zur Anwendung kamen: Spenden \u00fcber 15\u2019000 Franken m\u00fcssen offengelegt werden, wenn das Kampagnenbudget mehr als 50\u2019000 Franken betr\u00e4gt.<a href=\"#footnote_2\" id=\"footnote-anchor_2\" class=\"inline-footnote__anchor\">[2]<\/a><\/p>\n<h2 class=\"text__graphic-title\">Wenig Schutz f\u00fcr Whistleblower in der Privatwirtschaft<\/h2>\n<p>Doch was bei der Korruptionsbek\u00e4mpfung in der Schweiz noch wenig beachtet wird, ist der Schutz von Hinweisgeberinnen und -gebern in der Privatwirtschaft. Zwei Gesetzesvorlagen dazu scheiterten in den letzten zehn Jahren. Und zurzeit sieht es nicht so aus, als h\u00e4tten sich das Parlament und der Bundesrat seit der letzten Ablehnung 2020 in dieser Frage neu positioniert. Allerdings sind gegenw\u00e4rtig die beiden Parlamentskammern unterschiedlicher Meinung.<a href=\"#footnote_3\" id=\"footnote-anchor_3\" class=\"inline-footnote__anchor\">[3]<\/a> Dies deutet darauf hin, dass das Thema Whistleblowing bei den Parlamentsmitgliedern langsam, aber sicher auf mehr Akzeptanz st\u00f6sst.<\/p>\n<p>Dennoch mag es noch einige Jahre dauern, bis sich der Kurs \u00e4ndert. Denn wie bei vielen anderen Themen sind es auch hier internationale Rahmenbedingungen, welche die Entwicklung in der Schweiz vorantreiben. Dazu geh\u00f6ren etwa die EU-Whistleblowing-Richtlinie, die f\u00fcr Schweizer Unternehmen mit Gesch\u00e4ftsbeziehungen in die EU gilt, oder Berichte der oben genannten multilateralen Organisationen, welche die Schweiz kritisch beleuchten.<\/p>\n<h2 class=\"text__graphic-title\">Verwaltung: Meldestellen verdoppeln sich<\/h2>\n<p>Wie haben sich hierzulande die M\u00f6glichkeiten f\u00fcr Whistleblower entwickelt? Das wollte eine Studie wissen, welche die Eidgen\u00f6ssische Finanzkontrolle (EFK) in Zusammenarbeit mit der Fachhochschule Graub\u00fcnden erstellt hat. Die Onlineumfrage wurde im April 2023 durchgef\u00fchrt und beleuchtet die Situation der Whistleblowing-Meldestellen bei Bund, Kantonen und in den sieben gr\u00f6ssten St\u00e4dten der Schweiz.<\/p>\n<p>Die Studie zeigt grunds\u00e4tzlich eine ansteigende Entwicklung: Heute existieren 23 Meldestellen, davon wurden vor dem Jahr 2000 nur 2 eingerichtet, zwischen 2000 und 2017 10 weitere, und in den letzten f\u00fcnf Jahren sind 11 neue hinzugekommen. Offenbar wird der Nutzen solcher Meldestellen erkannt. 60 Prozent der Meldungen bezogen sich auf Sachverhalte, die der Verbesserung der Verwaltung und der Vermeidung von Fehlverhalten dienen, welches das Vertrauen in die staatlichen Institutionen beeintr\u00e4chtigen k\u00f6nnte.<\/p>\n<p>Doch das Wachstum scheint abzuflachen. Nur zwei der f\u00fcnfzehn Kantone oder St\u00e4dte ohne Meldestelle planen, eine solche in den kommenden zw\u00f6lf Monaten einzurichten. Drei weitere geben an, dass die Einrichtung einer Meldestelle diskutiert wird, aber in den n\u00e4chsten zw\u00f6lf Monaten nicht geplant ist. Ein solches Beispiel ist etwa der Kanton Basel-Stadt. Dort hat der Grosse Rat Anfang Februar dieses Jahres eine Motion an den Regierungsrat \u00fcberwiesen.<a href=\"#footnote_4\" id=\"footnote-anchor_4\" class=\"inline-footnote__anchor\">[4]<\/a> Diese fordert den Regierungsrat auf, innert zweier Jahre einen Entwurf f\u00fcr ein Whistleblowing-Gesetz auszuarbeiten. In zwei weiteren Verwaltungen wurde die Einrichtung einer Meldestelle zwar diskutiert, letztlich aber wieder verworfen.<\/p>\n<h2 class=\"text__graphic-title\">Vom Nutzen der Meldungen<\/h2>\n<p>Auf Bundesebene ist es die EFK, die eine solche <a href=\"https:\/\/www.bkms-system.ch\/bkwebanon\/report\/clientInfo?cin=5efk11&amp;c=-1&amp;language=ger_CH\">Meldestelle<\/a> betreibt. Sie zeigt den Nutzen der Meldungen etwa in ihren Jahresberichten oder in bestimmten Einzelberichten, deren Quelle die Meldungen auf ihrer Meldeplattform sind, auf. Angestellte des Bundes sind durch das Bundespersonalgesetz gesch\u00fctzt, wenn sie Straftaten oder Unregelm\u00e4ssigkeiten melden. Aber auch viele B\u00fcrgerinnen und B\u00fcrger haben solche potenziellen Verst\u00f6sse auf der EFK-Meldeplattform eingereicht. Das zeigt, wie wichtig die EFK als \u00fcbergeordnete Kontrollinstanz ist, an die man sich wenden kann.<a href=\"#footnote_5\" id=\"footnote-anchor_5\" class=\"inline-footnote__anchor\">[5]<\/a> Verleumdungen sind unter den Meldungen extrem selten, kommen aber vor. In der Regel werden sie jedoch erkannt und wenn m\u00f6glich verfolgt.<\/p>\n<p>H\u00e4ufige Themen, die von innerhalb der Bundesverwaltung gemeldet werden, sind potenzielle Interessenkonflikte, unangemessene oder wettbewerbswidrige Beschaffungen, ineffiziente Prozesse oder F\u00fchrungsprobleme innerhalb eines Amts. W\u00e4hrend der Covid-19-Pandemie haben auch zahlreiche Angestellte von Privatunternehmen sachdienliche Meldungen \u00fcber mutmassliche Falschangaben bei den Kurzarbeitsentsch\u00e4digungen eingereicht.<\/p>\n<p>Ebenso bew\u00e4hrt haben sich die Meldestellen auf kantonaler Ebene. Das zeigt etwa der k\u00fcrzlich ver\u00f6ffentlichte Bericht des Genfer Rechnungshofs. Dort ist dank eines Hinweises aus der Bev\u00f6lkerung ans Licht gekommen, dass die Genfer Stadtwerke ihren Kunden \u00fcberh\u00f6hte Stromkosten in Rechnung gestellt haben.<a href=\"#footnote_6\" id=\"footnote-anchor_6\" class=\"inline-footnote__anchor\">[6]<\/a> Auch die kantonale Finanzkontrolle Wallis hat in ihrem Jahresbericht 2022 auf Anzahl und Umgang mit den Meldungen hingewiesen.<a href=\"#footnote_7\" id=\"footnote-anchor_7\" class=\"inline-footnote__anchor\">[7]<\/a><\/p>\n<h2 class=\"text__graphic-title\">Anonyme Hinweise bevorzugt<\/h2>\n<p>Die Ergebnisse der Onlineumfrage zeigen, dass derzeit nur etwas mehr als die H\u00e4lfte der Meldestellen \u00fcber ein webbasiertes Hinweisgebersystem verf\u00fcgt. Etwa zwei von drei Meldestellen erm\u00f6glichen zudem anonyme Meldungen. Sechs Meldestellen nehmen keine anonymen Meldungen entgegen. Bei Meldestellen, die anonyme Hinweise entgegennehmen, erfolgen 75 Prozent der Erstmeldungen anonym. Anonyme Meldungen werden demnach von den Hinweisgeberinnen und -gebern bevorzugt.<\/p>\n<p>Anonymit\u00e4tsschutz ist deshalb zentral f\u00fcr die weitere Verbreitung und den nachhaltigen Erfolg von Whistleblowing-Meldestellen. Ausserdem bedarf es weiterer Sensibilisierungsmassnahmen, um den Nutzen der Whistleblowing-Meldestellen weiter zu steigern.<\/p>\n<ol class=\"footnote\"><li id=\"footnote_1\" class=\"footnote--item\">Siehe Transparency International (2024).&nbsp;<a href=\"#footnote-anchor_1\" class=\"inline-footnote__anchor hidden-print\">[<span class=\"icon-arrow-up\"><\/span>]<\/a><\/li><li id=\"footnote_2\" class=\"footnote--item\">Die offengelegten Werte finden sich in der Medienmitteilung vom 19. 1. 2024 auf der EFK-Website.&nbsp;<a href=\"#footnote-anchor_2\" class=\"inline-footnote__anchor hidden-print\">[<span class=\"icon-arrow-up\"><\/span>]<\/a><\/li><li id=\"footnote_3\" class=\"footnote--item\">Siehe Motion Noser \u00ab<a href=\"https:\/\/www.parlament.ch\/de\/ratsbetrieb\/suche-curia-vista\/geschaeft?AffairId=20233844%3F\">OECD-Antikorruptionskonvention. Versch\u00e4rfung der nationalen Umsetzung<\/a>\u00bb (23.3844).&nbsp;<a href=\"#footnote-anchor_3\" class=\"inline-footnote__anchor hidden-print\">[<span class=\"icon-arrow-up\"><\/span>]<\/a><\/li><li id=\"footnote_4\" class=\"footnote--item\">Siehe Motion Christian von Wartburg und Johannes Sieber betreffend Erlass eines Whistleblowing-Gesetzes.&nbsp;<a href=\"#footnote-anchor_4\" class=\"inline-footnote__anchor hidden-print\">[<span class=\"icon-arrow-up\"><\/span>]<\/a><\/li><li id=\"footnote_5\" class=\"footnote--item\">Siehe Intosai (2019).&nbsp;<a href=\"#footnote-anchor_5\" class=\"inline-footnote__anchor hidden-print\">[<span class=\"icon-arrow-up\"><\/span>]<\/a><\/li><li id=\"footnote_6\" class=\"footnote--item\">Siehe Rechnungshof des Kantons Genf (2024), Examens et\u00a0 consultations, no 81 \u2013 2024.&nbsp;<a href=\"#footnote-anchor_6\" class=\"inline-footnote__anchor hidden-print\">[<span class=\"icon-arrow-up\"><\/span>]<\/a><\/li><li id=\"footnote_7\" class=\"footnote--item\">Siehe Kanton Wallis (2023), S. 39.&nbsp;<a href=\"#footnote-anchor_7\" class=\"inline-footnote__anchor hidden-print\">[<span class=\"icon-arrow-up\"><\/span>]<\/a><\/li><\/ol>","protected":false},"excerpt":{"rendered":"<p>Korruption existiert auch hierzulande, auch wenn die Schweiz gem\u00e4ss der internationalen Nichtregierungsorganisation Transparency International 2023 unver\u00e4ndert auf dem guten sechsten Platz von 180 L\u00e4ndern stand. Eine bessere Korruptionsbek\u00e4mpfung ist in der Schweiz aber dennoch ein wichtiges Thema. Gewisse Aspekte der Korruptionsbek\u00e4mpfung wie etwa die Politikfinanzierung oder der Schutz von Hinweisgeberinnen und -gebern \u2013 sogenannten Whistleblowern [&hellip;]<\/p>","protected":false},"author":3405,"featured_media":199758,"comment_status":"open","ping_status":"open","sticky":false,"template":"","format":"standard","meta":{"_acf_changed":false,"om_disable_all_campaigns":false,"ep_exclude_from_search":false,"footnotes":""},"post__type":[66],"post_opinion":[],"post_serie":[],"post_content_category":[154],"post_content_subject":[216,176],"acf":{"seco_author":3405,"seco_co_author":[11960],"author_override":"","seco_author_post_ocupation_year":"","seco_author_post_occupation_de":"Professor f\u00fcr Allgemeine Betriebswirtschaftslehre und Internationales Management, Schweizerisches Institut f\u00fcr Entrepreneurship, Fachhochschule Graub\u00fcnden (FHGR), Chur","seco_author_post_occupation_fr":"Professeur d\u2019\u00e9conomie d\u2019entreprise g\u00e9n\u00e9rale et de management international, Institut suisse pour l\u2019entrepreneuriat (Sife), Haute \u00e9cole technique et \u00e9conomique (HTW) de Coire","seco_co_authors_post_ocupation":[{"seco_co_author":11960,"seco_co_author_post_occupation_year":"","seco_co_author_post_occupation_de":"Vizedirektor Eidgen\u00f6ssische Finanzkontrolle (EFK), Leiter der Fachbereiche und der Whistleblowingstelle der Bundesverwaltung, Bern","seco_co_author_post_occupation_fr":""}],"short_title":"Whistleblowing-Meldestellen in der Verwaltung nehmen zu","post_lead":"Hinweise auf interne Missst\u00e4nde erweisen sich h\u00e4ufig als sachdienlich. In den letzten f\u00fcnf Jahren hat sich die Zahl der sogenannten Whistleblower-Meldestellen bei Bund, Kantonen und St\u00e4dten verdoppelt, wie eine aktuelle Studie zeigt.","post_hero_image_description":"Anonymit\u00e4tsschutz ist zentral f\u00fcr den nachhaltigen Erfolg von Whistleblowing-Meldestellen.","post_hero_image_description_copyright_de":"Keystone","post_hero_image_description_copyright_fr":"","post_references_literature":"<ul>\r\n \t<li>\r\n<h6 class=\"content-copy\">Intosai (2019). <a href=\"https:\/\/www.intosai.org\/fileadmin\/downloads\/documents\/open_access\/INT_P_11_to_P_99\/INTOSAI_P_12\/INTOSAI_P_12_de_2019.pdf\">Der Wert und Nutzen von ORKB \u2013 Bewirkung einer Ver\u00e4nderung im Leben der B\u00fcrgerinnen und B\u00fcrger<\/a>.<\/h6>\r\n<\/li>\r\n \t<li>\r\n<h6 class=\"content-copy\">Kanton Wallis (2023). <a href=\"https:\/\/www.vs.ch\/documents\/515872\/1352733\/2023.06_Jahresbericht%202022%20Finanzinpsektorat%20VS.pdf\/972f05d5-7dd5-c472-b7cb-5ef5c29657c8?t=.now?long\">Jahresbericht des kantonalen Finanzinspektorats f\u00fcr das Jahr 2022<\/a>.<\/h6>\r\n<\/li>\r\n \t<li>\r\n<h6 class=\"content-copy\">Rechnungshof des Kantons Genf (2024). <a href=\"https:\/\/cdc-ge.ch\/publications\/examen-cible-portant-sur-les-pertes-du-reseau-electrique-de-services-industriels-de-geneve-sig\/\">Examen cibl\u00e9 portant sur les pertes de r\u00e9seau \u00e9lectrique de Services industriels de Gen\u00e8ve (SIG)<\/a>.<\/h6>\r\n<\/li>\r\n \t<li>\r\n<h6 class=\"content-copy\">Transparency International (2024). <a href=\"https:\/\/www.transparency.org\/en\/cpi\/2023\">Corruption Perceptions Index<\/a> 2023.<\/h6>\r\n<\/li>\r\n<\/ul>","post_kasten":null,"post_notes_for_print":"","first_teaser_header_de":"","first_teaser_header_fr":"","first_teaser_text_de":"","first_teaser_text_fr":"","second_teaser_header_de":"","second_teaser_header_fr":"","second_teaser_text_de":"","second_teaser_text_fr":"","kseason_de":"","kseason_fr":"","post_in_pdf":"","main_focus":"","serie_email":null,"frontpage_slider_bild":"","artikel_bild-slider":null,"legacy_id":"","post_abstract":"","magazine_issue":null,"seco_author_reccomended_post":"","redaktoren":[4306],"korrektor":5357,"planned_publication_date":"2024-06-06 10:10:36","original_files":null,"external_release_for_author":"20240605","external_release_for_author_time":"00:00:00","link_for_external_authors":"https:\/\/dievolkswirtschaft.ch\/de\/exedit\/662f4a097191a"},"_links":{"self":[{"href":"https:\/\/dievolkswirtschaft.ch\/de\/wp-json\/wp\/v2\/posts\/198473"}],"collection":[{"href":"https:\/\/dievolkswirtschaft.ch\/de\/wp-json\/wp\/v2\/posts"}],"about":[{"href":"https:\/\/dievolkswirtschaft.ch\/de\/wp-json\/wp\/v2\/types\/post"}],"author":[{"embeddable":true,"href":"https:\/\/dievolkswirtschaft.ch\/de\/wp-json\/wp\/v2\/users\/3405"}],"replies":[{"embeddable":true,"href":"https:\/\/dievolkswirtschaft.ch\/de\/wp-json\/wp\/v2\/comments?post=198473"}],"version-history":[{"count":36,"href":"https:\/\/dievolkswirtschaft.ch\/de\/wp-json\/wp\/v2\/posts\/198473\/revisions"}],"predecessor-version":[{"id":199838,"href":"https:\/\/dievolkswirtschaft.ch\/de\/wp-json\/wp\/v2\/posts\/198473\/revisions\/199838"}],"acf:user":[{"embeddable":true,"href":"https:\/\/dievolkswirtschaft.ch\/de\/wp-json\/wp\/v2\/users\/5357"},{"embeddable":true,"href":"https:\/\/dievolkswirtschaft.ch\/de\/wp-json\/wp\/v2\/users\/4306"},{"embeddable":true,"href":"https:\/\/dievolkswirtschaft.ch\/de\/wp-json\/wp\/v2\/users\/11960"},{"embeddable":true,"href":"https:\/\/dievolkswirtschaft.ch\/de\/wp-json\/wp\/v2\/users\/3405"}],"wp:featuredmedia":[{"embeddable":true,"href":"https:\/\/dievolkswirtschaft.ch\/de\/wp-json\/wp\/v2\/media\/199758"}],"wp:attachment":[{"href":"https:\/\/dievolkswirtschaft.ch\/de\/wp-json\/wp\/v2\/media?parent=198473"}],"wp:term":[{"taxonomy":"post__type","embeddable":true,"href":"https:\/\/dievolkswirtschaft.ch\/de\/wp-json\/wp\/v2\/post__type?post=198473"},{"taxonomy":"post_opinion","embeddable":true,"href":"https:\/\/dievolkswirtschaft.ch\/de\/wp-json\/wp\/v2\/post_opinion?post=198473"},{"taxonomy":"post_serie","embeddable":true,"href":"https:\/\/dievolkswirtschaft.ch\/de\/wp-json\/wp\/v2\/post_serie?post=198473"},{"taxonomy":"post_content_category","embeddable":true,"href":"https:\/\/dievolkswirtschaft.ch\/de\/wp-json\/wp\/v2\/post_content_category?post=198473"},{"taxonomy":"post_content_subject","embeddable":true,"href":"https:\/\/dievolkswirtschaft.ch\/de\/wp-json\/wp\/v2\/post_content_subject?post=198473"}],"curies":[{"name":"wp","href":"https:\/\/api.w.org\/{rel}","templated":true}]}}