{"id":198703,"date":"2024-06-25T07:00:48","date_gmt":"2024-06-25T05:00:48","guid":{"rendered":"https:\/\/dievolkswirtschaft.ch\/?p=198703"},"modified":"2026-08-12T16:34:47","modified_gmt":"2026-08-12T14:34:47","slug":"die-alterung-verursacht-zusatzlasten-fuer-den-staat","status":"publish","type":"post","link":"https:\/\/dievolkswirtschaft.ch\/de\/2024\/06\/die-alterung-verursacht-zusatzlasten-fuer-den-staat\/","title":{"rendered":"Die Alterung verursacht Zusatzlasten f\u00fcr den Staat"},"content":{"rendered":"<p>Die Alterung der Bev\u00f6lkerung schreitet bis Mitte der 2030er-Jahre stark voran. Bis dann werden die geburtenstarken Jahrg\u00e4nge der Babyboomer-Generation in Rente gegangen sein. Zur Alterung tr\u00e4gt einerseits die seit den 1990er-Jahren tiefe Geburtenrate von rund 1,5 Kindern pro Frau und andererseits die steigende Lebenserwartung bei. Heute betr\u00e4gt der Altersquotient, der das Verh\u00e4ltnis zwischen Personen \u00fcber 65 Jahren und Personen im Erwerbsalter (20- bis 64-j\u00e4hrige) berechnet, 31 Prozent. Das heisst: Auf drei Erwerbst\u00e4tige kommt ein Senior oder eine Seniorin. 2060 wird der Quotient bereits 50 Prozent betragen. Dieser Wandel hat auch finanzielle Folgen. Das zeigt der Bericht \u00ab<a href=\"https:\/\/www.efd.admin.ch\/efd\/de\/home\/finanzpolitik\/langfristperspektiven-der-oeffentlichen-finanzen-der-schweiz.html\">Langfristperspektiven 2024 f\u00fcr die \u00f6ffentlichen Finanzen der Schweiz<\/a>\u00bb des Eidgen\u00f6ssischen Finanzdepartments.<a href=\"#footnote_1\" id=\"footnote-anchor_1\" class=\"inline-footnote__anchor\">[1]<\/a> Dieser Bericht erscheint alle vier Jahre.<\/p>\n<h2 class=\"text__graphic-title\">Die Staatsquote steigt<\/h2>\n<p>Eine unmittelbare Folge der Alterung ist eine steigende Staatsquote. Diese stellt die Ausgaben aller Staatsebenen inklusive Sozialversicherungen im Verh\u00e4ltnis zum BIP dar. Zwischen 2008 und 2019 hat diese Quote von 30,2 auf 31,1 Prozent zugenommen (siehe Abbildung 1).<a href=\"#footnote_2\" id=\"footnote-anchor_2\" class=\"inline-footnote__anchor\">[2]<\/a> Entwickeln sich Demografie und Wirtschaft wie unterstellt, steigt die Staatsquote bis 2060 weiter auf 33,7 Prozent.<a href=\"#footnote_3\" id=\"footnote-anchor_3\" class=\"inline-footnote__anchor\">[3]<\/a><\/p>\n<h2 class=\"text__graphic-title\">Abb. 1: Entwicklung und Projektionen der Staatsquote gem\u00e4ss Basisszenario (2008\u20132060)<\/h2>\n<h6 class=\"copy-small-bold\">INTERAKTIVE GRAFIK<\/h6>\n<div class=\"legacy_chart_custom\"><div class=\"chart chart--normal\" id=\"06-2024_Colombier_Abb-1_fr\"><\/div>\n<script>\n$(function () {\n\nHighcharts.wrap(Highcharts.Axis.prototype, 'getPlotLinePath', function(proceed) {\n    var path = proceed.apply(this, Array.prototype.slice.call(arguments, 1));\n    if (path) {\n        path.flat = false;\n    }\n    return path;\n});\n\n    $('#06-2024_Colombier_Abb-1_fr').highcharts({\n    chart: {\n        type: 'area'\n    },\n    title: {\n        text: '',\n        align: 'left'\n    },\n    subtitle: {\n        text: '',\n        align: 'left'\n    },\n xAxis: {\n    \n    title: {\n                text: ''\n            },\n categories: [2008,2009,2010,2011,2012,2013,2014,2015,2016,2017,2018,2019,2020,2021,2022,2023,2024,2025,2026,2027,2028,2029,2030,2031,2032,2033,2034,2035,2036,2037,2038,2039,2040,2041,2042,2043,2044,2045,2046,2047,2048,2049,2050,2051,2052,2053,2054,2055,2056,2057,2058,2059,2060\n\n\n],\nplotLines: [{\n                color: '#000000',\n                dashStyle: 'spline', \/\/ Spline = Linie, Dot = gepunktete Linie\n                width: 1,\n                value: 2022, \/\/ Wert, wo vertikale Linie eingeblendet werden soll\n                label: {\n                    rotation: 0,\n\n                y: 7,\n                    text: 'ab 2022 Projektionen'\n                },\n                zIndex: 3\n            }],\n\n    },\n     yAxis: {\n        title: {\n            text: ''\n        },\n        labels: {\n                format: '{value}%'\n            },\n       \n    },\n    tooltip: {\n        shared: true,\n        headerFormat: '<span style=\"font-size:12px\"><b>{point.key}<\/b><\/span><br>',\n        valueSuffix: '{value}%'\n\n    },\n    plotOptions: {\n        series: {\n            pointStart: 2008,\nmarker: {\n                enabled: false,\n}\n        },\n        area: {\n            stacking: 'normal',\n            lineColor: '#666666',\n            lineWidth: 0,\n            marker: {\n                enabled: false\n            }\n        }\n    },\n    legend: {\nreversed: false\n},\n    series: [{\n        name: 'Gemeinden',\n        type: 'area',\n        data: [6.9,6.9,6.8,6.8,6.9,6.9,6.9,7.0,7.0,7.0,6.9,7.0,7.0,6.9,6.8,6.9,6.9,6.9,6.9,6.9,7.0,7.0,7.0,7.0,7.1,7.1,7.1,7.1,7.1,7.1,7.2,7.2,7.2,7.2,7.2,7.2,7.2,7.2,7.2,7.3,7.3,7.3,7.3,7.3,7.3,7.4,7.4,7.4,7.4,7.4,7.5,7.5,7.5],\n        color: \"#327775\"\n\n    },{\n        name: 'Kantone',\n        type: 'area',\n        data: [11.8,12.0,12.0,12.2,12.5,12.4,12.4,12.6,12.6,12.7,12.7,12.7,12.8,12.7,12.5,12.6,12.7,12.7,12.8,12.8,12.8,12.9,13.0,13.0,13.1,13.1,13.2,13.2,13.2,13.3,13.3,13.3,13.4,13.4,13.4,13.5,13.5,13.6,13.6,13.7,13.7,13.7,13.8,13.8,13.9,13.9,14.0,14.0,14.1,14.1,14.2,14.2,14.3],\n        color: \"#7ea8a7\" \n         \n    },{\n        name: 'Sozialversicherungen',\n        type: 'area',\n        data: [8.8,8.8,8.8,8.8,8.7,8.9,8.9,9.0,9.1,9.1,8.9,8.9,9.1,9.1,8.7,8.8,8.5,8.8,8.8,8.9,8.9,9.1,9.1,9.3,9.3,9.5,9.5,9.7,9.6,9.8,9.7,9.9,9.8,9.9,9.8,10.0,9.9,10.0,10.0,10.1,10.0,10.2,10.1,10.2,10.1,10.3,10.2,10.3,10.2,10.3,10.2,10.3,10.2],\n        color: \"#9c92bf\"\n\n    },{\n        name: 'Bund',\n        type: 'area',\n        data: [9.8,9.8,9.7,10.1,9.9,9.9,9.9,10.0,10.1,10.2,10.1,10.0,10.3,10.1,10.0,10.0,10.1,10.3,10.4,10.4,10.5,10.5,10.6,10.6,10.6,10.7,10.7,10.7,10.7,10.7,10.7,10.8,10.7,10.8,10.8,10.8,10.8,10.8,10.8,10.8,10.8,10.9,10.9,10.9,10.9,10.9,10.9,10.9,10.9,11.0,10.9,11.0,10.9],\n        color: \"#655c99\"\n\n    },{\n\nname: 'Staat (inkl. Sozialversicherungen)',\n        type: 'line',\n        dashStyle: 'spline',\n        data: [30.2,30.5,30.4,30.7,30.8,30.9,30.9,31.2,31.2,31.4,31.2,31.2,31.6,31.1,30.4,30.3,30.1,30.5,30.4,30.6,30.7,31.0,31.1,31.4,31.5,31.7,31.7,32.0,32.0,32.2,32.1,32.3,32.3,32.4,32.4,32.6,32.5,32.7,32.7,32.9,32.9,33.1,33.0,33.2,33.2,33.4,33.4,33.6,33.6,33.8,33.7,33.8,33.7],\n        color: \"#FF0000\"\n\n    },{\n\nname: 'Staat (inkl. Sozialversicherungen und ausserordentliche Ausgaben)',\n        type: 'line',\n        dashStyle: 'shortdash',\n        data: [31.8,30.6,30.5,31.3,31.1,31.2,31.2,31.7,31.3,31.5,31.3,31.3,34.8,33.3,31.1,30.4,30.4,30.5,30.4,30.6,30.7,31.0,31.1,31.4,31.5,31.7,31.7,32.0,32.0,32.2,32.1,32.3,32.3,32.4,32.4,32.6,32.5,32.7,32.7,32.9,32.9,33.1,33.0,33.2,33.2,33.4,33.4,33.6,33.6,33.8,33.7,33.8,33.7],\n        color: \"#FF0000\"\n\n    }  ]\n});\n\n\n});\n<\/script>\n<\/div>\n<div class=\"diagram-legend\">Quelle: EFV \/ Die Volkswirtschaft<\/div>\n<div class=\"diagram-legend\">Anmerkung: W\u00e4hrend die Staatsquote um die Transfers zwischen den Staatsebenen bereinigt ist, fehlt diese Bereinigung f\u00fcr die jeweilige Ausgabenquote von Bund, Kantonen, Gemeinden und Sozialversicherungen. Aus diesem Grund liegt die Staatsquote des Gesamtstaats in der Abbildung unter dem Total der Staatsquoten der einzelnen Staatsebenen inklusive Sozialversicherungen. Die ausserordentlichen Ausgaben inklusive der Corona-Krise (gestrichelte Linie) sind zur Illustration dargestellt, werden jedoch nicht f\u00fcr die Projektionen in der langen Frist ber\u00fccksichtigt.<\/div>\n<p>&nbsp;<\/p>\n<p>Diese Zunahme ist vor allem auf den Anstieg der demografieabh\u00e4ngigen Ausgaben um 2,6 Prozent des BIP zur\u00fcckzuf\u00fchren (siehe Tabelle). Dazu geh\u00f6ren etwa Ausgaben f\u00fcr die Sozialversicherungen (AHV\/IV), die Gesundheit, die Langzeitpflege (ab 65 Jahren) und die Bildung.<\/p>\n<h2 class=\"text__graphic-title\">Alterung belastet die Staatsausgaben<\/h2>\n<p>Gem\u00e4ss dem Basisszenario f\u00fcr die \u00abLangfristperspektiven\u00bb sind die Staatsebenen unterschiedlich von diesen Zusatzbelastungen betroffen (siehe Tabelle). Zusammen genommen steigen die Ausgaben des Bundes und die Sozialversicherungen am st\u00e4rksten. Bis 2060 betragen die zus\u00e4tzlichen Ausgaben 1,2 Prozent des BIP oder 8,9 Milliarden Franken zu Preisen von 2021.<\/p>\n<h2 class=\"text__graphic-title\">Demografieabh\u00e4ngige Ausgaben nach Staatsebene (in Prozent des BIP)<\/h2>\n<p><a href=\"https:\/\/dievolkswirtschaft.ch\/content\/uploads\/2024\/06\/14_D-COLOMBIER-LERCH-BRANDLE-6-2024-Tabelle-1.png\"><img fetchpriority=\"high\" decoding=\"async\" class=\"alignnone size-large wp-image-200211\" src=\"https:\/\/dievolkswirtschaft.ch\/content\/uploads\/2024\/06\/14_D-COLOMBIER-LERCH-BRANDLE-6-2024-Tabelle-1-1024x328.png\" alt=\"\" width=\"800\" height=\"256\" srcset=\"https:\/\/dievolkswirtschaft.ch\/content\/uploads\/2024\/06\/14_D-COLOMBIER-LERCH-BRANDLE-6-2024-Tabelle-1-1024x328.png 1024w, https:\/\/dievolkswirtschaft.ch\/content\/uploads\/2024\/06\/14_D-COLOMBIER-LERCH-BRANDLE-6-2024-Tabelle-1-300x96.png 300w, https:\/\/dievolkswirtschaft.ch\/content\/uploads\/2024\/06\/14_D-COLOMBIER-LERCH-BRANDLE-6-2024-Tabelle-1-768x246.png 768w, https:\/\/dievolkswirtschaft.ch\/content\/uploads\/2024\/06\/14_D-COLOMBIER-LERCH-BRANDLE-6-2024-Tabelle-1-1536x492.png 1536w, https:\/\/dievolkswirtschaft.ch\/content\/uploads\/2024\/06\/14_D-COLOMBIER-LERCH-BRANDLE-6-2024-Tabelle-1.png 1734w\" sizes=\"(max-width: 800px) 100vw, 800px\" \/><\/a><\/p>\n<div class=\"diagram-legend\">Anmerkung: Berechnungen gem\u00e4ss Basisszenario. Die Staatsausgaben sind um die Transfers zwischen den Staatsebenen bereinigt.<\/div>\n<div class=\"diagram-legend\">Quelle: EFV<\/div>\n<p>&nbsp;<\/p>\n<p>Insbesondere das Verh\u00e4ltnis der Ausgaben der Sozialversicherungen zum BIP nimmt deutlich zu. Der Anstieg betr\u00e4gt gut 0,7 Prozent des BIP. Der Kostendruck kommt von der AHV. Besonders stark ist der Ausgabenanstieg bis 2040 aufgrund der in Rente gehenden Babyboomer. Nach 2040 l\u00e4sst die Dynamik etwas nach. D\u00e4mpfend auf dieses Ausgabenwachstum wirken die Erh\u00f6hung des Frauenrentenalters auf 65 Jahre im Rahmen der Reform AHV 21 und die IV-Ausgaben. Letztere gehen im Verh\u00e4ltnis zum BIP mittelfristig zur\u00fcck, weil die Anzahl IV-Rentnerinnen und -Rentner weniger schnell w\u00e4chst als die Gesamtbev\u00f6lkerung.<\/p>\n<p>Auch beim Bundeshaushalt sind die AHV und ihre Erg\u00e4nzungsleistungen massgeblich f\u00fcr den Kostendruck verantwortlich (+0,3%). Denn der Bund beteiligt sich gegenw\u00e4rtig allein an den Ausgaben der AHV mit 20,2 Prozent. Hinzu kommen steigende Bundesausgaben f\u00fcr die individuelle Pr\u00e4mienverbilligung (IPV) (+0,2%). Insgesamt steigen so die Kosten f\u00fcr den Bund bis 2060 um 0,53 Prozent des BIP.<span style=\"color: #000000;\"><a href=\"#footnote_4\" id=\"footnote-anchor_4\" class=\"inline-footnote__anchor\">[4]<\/a><\/span><\/p>\n<p>Die demografieabh\u00e4ngigen Ausgaben der Kantone steigen mit knapp 1 Prozent des BIP ebenfalls deutlich an. Die Gr\u00fcnde sind insbesondere die Gesundheit, beispielsweise Spital- und IPV-Ausgaben (+0,6%), und in geringerem Ausmass die Langzeitpflege (+0,3%). Bis 2040 wird das kantonale Ausgabenwachstum aufgrund stark steigender Sch\u00fcler- und Studierendenzahlen auch im Bildungsbereich zunehmen (+0,1%).<\/p>\n<p>Auf die Gemeinden kommen ebenfalls Mehrausgaben zu. Bis 2060 sind es insgesamt 0,3 Prozent des BIP. Bis 2040 werden die Ausgaben durch die Langzeitpflege (+0,1%) und die Bildung (+0,05%) getrieben. Nach 2040 ist der Pflegebereich praktisch allein f\u00fcr die Mehrbelastung verantwortlich.<\/p>\n<h2 class=\"text__graphic-title\">Demografieabh\u00e4ngige Ausgaben steigern Schuldenquote<\/h2>\n<p>Im Zuge der zunehmenden demografieabh\u00e4ngigen Ausgaben nimmt die Staatsschuldenquote im Basisszenario von derzeit 27 auf 48 Prozent des BIP zu (siehe Abbildung 2).<a href=\"#footnote_5\" id=\"footnote-anchor_5\" class=\"inline-footnote__anchor\">[5]<\/a> Die Schuldenquote stellt das Verh\u00e4ltnis der Staatsschulden zum BIP dar.<\/p>\n<p>Um finanzpolitisch nachhaltig zu bleiben, m\u00fcsste die Schuldenquote langfristig auf einem bestimmten Niveau stabilisiert werden. Gem\u00e4ss internationalen Standards von OECD und IWF wird dazu h\u00e4ufig das Niveau des Basisjahres herangezogen. F\u00fcr die Schweiz m\u00fcsste die Schuldenquote entsprechend bei 27 Prozent des BIP stabilisiert werden. Um dieses Ziel zu erreichen, sollte der Staatshaushalt von 2028 bis 2060 um j\u00e4hrlich 0,7 Prozent des BIP \u2013 also rund 5,2 Milliarden Franken zu Preisen von 2021 \u2013 durch Steuer-, Beitragssatzerh\u00f6hungen oder Ausgabenk\u00fcrzungen korrigiert werden.<\/p>\n<h2 class=\"text__graphic-title\">Abb. 2: Entwicklung der Schuldenquote im Basisszenario (2021\u20132060)<\/h2>\n<h6 class=\"copy-small-bold\">INTERAKTIVE GRAFIK<\/h6>\n<div class=\"legacy_chart_custom\"><div class=\"chart chart--normal\" id=\"06-2024_Colombier_Abb-2_de\"><\/div>\n<script>\n$(function () {\n\nHighcharts.wrap(Highcharts.Axis.prototype, 'getPlotLinePath', function(proceed) {\n    var path = proceed.apply(this, Array.prototype.slice.call(arguments, 1));\n    if (path) {\n        path.flat = false;\n    }\n    return path;\n});\n\n    $('#06-2024_Colombier_Abb-2_de').highcharts({\n    chart: {\n        type: 'area'\n    },\n    title: {\n        text: '',\n        align: 'left'\n    },\n    subtitle: {\n        text: '',\n        align: 'left'\n    },\n xAxis: {\n    \n    title: {\n                text: ''\n            },\n categories: [2021,2022,2023,2024,2025,2026,2027,2028,2029,2030,2031,2032,2033,2034,2035,2036,2037,2038,2039,2040,2041,2042,2043,2044,2045,2046,2047,2048,2049,2050,2051,2052,2053,2054,2055,2056,2057,2058,2059,2060\n],\n\n\n    },\n     yAxis: {\n        title: {\n            text: ''\n        },\n        max:60,\n        min:-10,\n        \n        labels: {\n                format: '{value}%'\n            },\n       \n    },\n    tooltip: {\n        shared: true,\n        headerFormat: '<span style=\"font-size:12px\"><b>{point.key}<\/b><\/span><br>',\n        valueSuffix: '{value}%'\n\n    },\n    plotOptions: {\n        series: {\n            pointStart: 2021,\nmarker: {\n                enabled: false,\n}\n        },\n        area: {\n            stacking: 'normal',\n            lineColor: '#666666',\n            lineWidth: 0,\n            marker: {\n                enabled: false\n            }\n        }\n    },\n    legend: {\nreversed: false\n},\n    series: [{\n        name: 'Gemeinden',\n        type: 'area',\n        data: [6.2,6.0,6.0,6.0,6.0,6.0,6.0,6.0,6.1,6.2,6.3,6.5,6.6,6.8,7.0,7.2,7.4,7.6,7.8,8.0,8.3,8.5,8.8,9.0,9.3,9.5,9.8,10.1,10.4,10.7,11.0,11.3,11.6,12.0,12.4,12.7,13.1,13.5,13.9,14.3],\n        color: \"#327775\", stack: 'positive'\n\n    },{\n        name: 'Kantone',\n        type: 'area',\n        data: [7.5,6.5,5.8,5.4,5.2,5.0,4.8,4.7,4.6,4.6,4.6,4.5,4.4,4.4,4.5,4.5,4.6,4.8,5.0,5.2,5.5,5.8,6.2,6.6,7.1,7.6,8.1,8.7,9.3,9.9,10.6,11.3,12.1,12.9,13.8,14.6,15.5,16.5,17.5,18.4],\n        color: \"#7ea8a7\", stack: 'positive'\n         \n    },{\n        name: 'Sozialversicherungen',\n        type: 'area',\n        data: [null,null,null,null,null,null,null,null,null,null,null,null,null,null,null,null,null,null,null,null,null,0.2,0.7,1.1,1.5,2.0,2.5,3.0,3.5,4.0,4.6,5.1,5.7,6.2,6.8,7.4,8.0,8.5,9.1,9.5],\n        color: \"#9c92bf\", stack: 'positive'\n\n    },{\n        name: 'Bund',\n        type: 'area',\n        data: [13.5,14.1,14.1,14.2,14.3,14.3,14.0,13.7,13.5,13.4,13.2,13.1,12.9,12.8,12.7,12.6,12.5,12.5,12.5,12.4,12.5,12.5,12.5,12.6,12.7,12.7,12.8,13.0,13.1,13.2,13.4,13.5,13.7,13.9,14.1,14.3,14.5,14.7,14.9,15.1],\n        color: \"#655c99\", stack: 'positive'\n\n    },{\n        name: 'Sozialversicherungen',\n        type: 'area',\n        data: [0.0,0.0,-0.3,-0.9,-1.4,-1.8,-2.2,-2.5,-2.6,-2.7,-2.7,-2.7,-2.5,-2.4,-2.2,-1.9,-1.6,-1.3,-0.9,-0.6,-0.1,null,null,null,null,null,null,null,null,null,null,null,null,null,null,null,null,null,null,null],\n        color: \"#9c92bf\", stack: 'negative', showInLegend: false\n\n    },{\n\nname: 'Staat (inkl. Sozialversicherungen)',\n        type: 'line',\n        dashStyle: 'spline',\n        data: [27.1,24.9,23.2,21.6,20.3,19.1,18.4,17.7,17.3,17.1,17.1,16.9,17.0,17.1,17.4,17.8,18.3,18.8,19.5,20.1,20.9,21.7,22.7,23.6,24.7,25.7,26.9,28.1,29.5,30.8,32.3,33.8,35.4,37.0,38.8,40.5,42.3,44.0,45.8,47.5],\n        color: \"#FF0000\"\n\n \n\n    }  ]\n});\n\n\n});\n<\/script>\n<\/div>\n<div class=\"diagram-legend\">Anmerkung: Die Schuldenquote des Staates ist um die Transfers zwischen den Staatsebenen bereinigt. Die jeweilige Schuldenquote von Bund, Kantonen, Gemeinden und Sozialversicherungen ist nicht um diese Transfers bereinigt. Aus diesem Grund liegt die Staatsquote des Gesamtstaats in der Abbildung unter dem Total der Staatsquoten der einzelnen Staatsebenen inklusive Sozialversicherungen.<\/div>\n<div class=\"diagram-legend\">Quelle: EFV \/ Die Volkswirtschaft<\/div>\n<p>&nbsp;<\/p>\n<p>Die Schuldenquote des Staates sinkt zun\u00e4chst bis zum Jahr 2032. Erst dann steigt sie aufgrund des demografischen Drucks kontinuierlich an. Gr\u00fcnde f\u00fcr den anf\u00e4nglichen R\u00fcckgang sind die Reform AHV 21, dank der es erst ab 2032 zu regelm\u00e4ssigen Defiziten der Sozialversicherungen kommt, und die positive Entwicklung der IV. F\u00fcr die Kantone wirkt sich die unterstellte sukzessive Erh\u00f6hung der SNB-Gewinnaussch\u00fcttungen bis 2032 von j\u00e4hrlich 1,3 Milliarden auf 4 Milliarden Franken g\u00fcnstig aus. Hinzu kommt, dass im Basisszenario von einer positiven wirtschaftlichen Entwicklung ausgegangen wird.<\/p>\n<h2 class=\"text__graphic-title\">Migration und Produktivit\u00e4tsfortschritt verringern den Ausgabendruck<\/h2>\n<p>Neben dem Basisszenario sind vier Alternativszenarien erstellt worden. Diese zeigen, dass ein h\u00f6heres Wirtschaftswachstum, verursacht durch einen beschleunigten Produktivit\u00e4tsfortschritt oder eine h\u00f6here Migration, die altersbedingten Zusatzlasten f\u00fcr den Staat d\u00e4mpfen kann.<a href=\"#footnote_6\" id=\"footnote-anchor_6\" class=\"inline-footnote__anchor\">[6]<\/a> Verantwortlich daf\u00fcr sind insbesondere ihre positiven Auswirkungen auf die Finanzen des Bundes und der Sozialversicherungen. Allerdings f\u00fchrt ein st\u00e4rkeres Wirtschaftswachstum via h\u00f6here Gesundheitsausgaben zu einer geringf\u00fcgigen Zusatzbelastung der Kantone.<\/p>\n<p>Entsprechend gross ist der Handlungsbedarf bei der AHV und im Gesundheitswesen. Sp\u00e4testens Ende der 2020er-Jahre sind weitere AHV-Reformen auf Bundesebene notwendig. Nach der angenommenen Initiative f\u00fcr eine 13. AHV-Rente ist dies noch dringlicher geworden. Und die steigenden Gesundheitsausgaben gef\u00e4hrden die Nachhaltigkeit der Kantonsfinanzen. Daher sind vor allem Reformen n\u00f6tig, welche auf mehr Effizienz im Gesundheitswesen und eine bessere Steuerung der Gesundheitsausgaben zielen.<\/p>\n<ol class=\"footnote\"><li id=\"footnote_1\" class=\"footnote--item\">Siehe EFD (2024).&nbsp;<a href=\"#footnote-anchor_1\" class=\"inline-footnote__anchor hidden-print\">[<span class=\"icon-arrow-up\"><\/span>]<\/a><\/li><li id=\"footnote_2\" class=\"footnote--item\">Um kurzfristige Effekte nicht langfristig fortzuschreiben, wird das BIP um konjunkturelle Einfl\u00fcsse korrigiert.&nbsp;<a href=\"#footnote-anchor_2\" class=\"inline-footnote__anchor hidden-print\">[<span class=\"icon-arrow-up\"><\/span>]<\/a><\/li><li id=\"footnote_3\" class=\"footnote--item\">F\u00fcr eine ausf\u00fchrliche Darstellung siehe EFD (2024).&nbsp;<a href=\"#footnote-anchor_3\" class=\"inline-footnote__anchor hidden-print\">[<span class=\"icon-arrow-up\"><\/span>]<\/a><\/li><li id=\"footnote_4\" class=\"footnote--item\">In den Langfristperspektiven 2024 wurde die im M\u00e4rz angenommene Volksinitiative f\u00fcr eine 13. AHV-Rente nicht ber\u00fccksichtigt, da ihre Ausgestaltung noch unbekannt ist. Wird die Erh\u00f6hung der Renten um 8,3 Prozent ber\u00fccksichtigt, steigt bis 2060 auf Bundesebene inklusive Sozialversicherungen die Ausgabequote um zus\u00e4tzliche 0,6 Prozent des BIP an.&nbsp;<a href=\"#footnote-anchor_4\" class=\"inline-footnote__anchor hidden-print\">[<span class=\"icon-arrow-up\"><\/span>]<\/a><\/li><li id=\"footnote_5\" class=\"footnote--item\">Die Fiskalregeln werden nicht ber\u00fccksichtigt, da ansonsten der wirtschaftspolitische Handlungsbedarf nicht darstellbar w\u00e4re.&nbsp;<a href=\"#footnote-anchor_5\" class=\"inline-footnote__anchor hidden-print\">[<span class=\"icon-arrow-up\"><\/span>]<\/a><\/li><li id=\"footnote_6\" class=\"footnote--item\">Eine Studie des Bundesamts f\u00fcr Sozialversicherungen (BSV) stellt ebenfalls entlastende Wirkungen f\u00fcr die AHV durch die Zuwanderung fest (siehe BSV 2023).&nbsp;<a href=\"#footnote-anchor_6\" class=\"inline-footnote__anchor hidden-print\">[<span class=\"icon-arrow-up\"><\/span>]<\/a><\/li><\/ol>","protected":false},"excerpt":{"rendered":"<p>Die Alterung der Bev\u00f6lkerung schreitet bis Mitte der 2030er-Jahre stark voran. Bis dann werden die geburtenstarken Jahrg\u00e4nge der Babyboomer-Generation in Rente gegangen sein. Zur Alterung tr\u00e4gt einerseits die seit den 1990er-Jahren tiefe Geburtenrate von rund 1,5 Kindern pro Frau und andererseits die steigende Lebenserwartung bei. Heute betr\u00e4gt der Altersquotient, der das Verh\u00e4ltnis zwischen Personen \u00fcber [&hellip;]<\/p>","protected":false},"author":3208,"featured_media":200313,"comment_status":"open","ping_status":"open","sticky":false,"template":"","format":"standard","meta":{"_acf_changed":false,"om_disable_all_campaigns":false,"ep_exclude_from_search":false,"footnotes":""},"post__type":[66],"post_opinion":[],"post_serie":[],"post_content_category":[228],"post_content_subject":[179,133],"acf":{"seco_author":3208,"seco_co_author":[11986,4141],"author_override":"","seco_author_post_ocupation_year":"","seco_author_post_occupation_de":"Dr. rer. oec., \u00d6konom, Wirtschafts- und finanzpolitische Analysen, Wirtschafts- und Geldpolitik, Eidgen\u00f6ssische Finanzverwaltung (EFV), Bern","seco_author_post_occupation_fr":"\u00c9conomiste, Politique \u00e9conomique et mon\u00e9taire, Administration f\u00e9d\u00e9rale des finances   ","seco_co_authors_post_ocupation":[{"seco_co_author":11986,"seco_co_author_post_occupation_year":"","seco_co_author_post_occupation_de":"Dr. rer. oec., \u00d6konom, Wirtschafts- und finanzpolitische Analysen, Wirtschafts- und Geldpolitik, Eidgen\u00f6ssische Finanzverwaltung (EFV), Bern","seco_co_author_post_occupation_fr":""},{"seco_co_author":4141,"seco_co_author_post_occupation_year":"","seco_co_author_post_occupation_de":"Dr. rer. pol., Leiter Fachbereich Wirtschafts- und finanzpolitische Analysen, stv. Leiter Wirtschafts- und Geldpolitik, Eidgen\u00f6ssische Finanzverwaltung (EFV), Bern","seco_co_author_post_occupation_fr":"\u00c9conomiste, responsable du domaine Analyse \u00e9conomique et financi\u00e8re, chef adjoint du domaine Politique \u00e9conomique et mon\u00e9taire, Administration f\u00e9d\u00e9rale des finances (AFF), Berne"}],"short_title":"Die Alterung verursacht Zusatzlasten f\u00fcr den Staat","post_lead":"Insbesondere die AHV- und Gesundheitsausgaben steigen kontinuierlich an. St\u00e4rkere Produktivit\u00e4tsfortschritte oder eine h\u00f6here Migration helfen diese Zusatzlasten zu d\u00e4mpfen. ","post_hero_image_description":"Zwei Rentner halten sich fit. Trotzdem nehmen die Gesundheitskosten aufgrund der Alterung weiter zu.","post_hero_image_description_copyright_de":"Keystone","post_hero_image_description_copyright_fr":"","post_references_literature":"<ul>\r\n \t<li>Bundesamt f\u00fcr Sozialversicherungen (2023). Migration und Sozialversicherungen \u2013 Eine Betrachtung der ersten S\u00e4ule und der Familienzulagen, Beitr\u00e4ge zur sozialen Sicherheit, Forschungsbericht 06\/23, Bern.<\/li>\r\n \t<li>Eidgen\u00f6ssisches Finanzdepartement (2024). Langfristperspektiven f\u00fcr die \u00f6ffentlichen Finanzen in der Schweiz 2024: Alterung und Netto-Null-Ziel, April 2024, Bern.<\/li>\r\n<\/ul>","post_kasten":null,"post_notes_for_print":"","first_teaser_header_de":"","first_teaser_header_fr":"","first_teaser_text_de":"","first_teaser_text_fr":"","second_teaser_header_de":"","second_teaser_header_fr":"","second_teaser_text_de":"","second_teaser_text_fr":"","kseason_de":"","kseason_fr":"","post_in_pdf":"","main_focus":"","serie_email":"","frontpage_slider_bild":"","artikel_bild-slider":null,"legacy_id":"","post_abstract":"","magazine_issue":null,"seco_author_reccomended_post":"","redaktoren":[4306],"korrektor":5357,"planned_publication_date":"2024-06-25 05:00:48","original_files":null,"external_release_for_author":"20240625","external_release_for_author_time":"00:05:00","link_for_external_authors":"https:\/\/dievolkswirtschaft.ch\/de\/exedit\/663392f503c96"},"_links":{"self":[{"href":"https:\/\/dievolkswirtschaft.ch\/de\/wp-json\/wp\/v2\/posts\/198703"}],"collection":[{"href":"https:\/\/dievolkswirtschaft.ch\/de\/wp-json\/wp\/v2\/posts"}],"about":[{"href":"https:\/\/dievolkswirtschaft.ch\/de\/wp-json\/wp\/v2\/types\/post"}],"author":[{"embeddable":true,"href":"https:\/\/dievolkswirtschaft.ch\/de\/wp-json\/wp\/v2\/users\/3208"}],"replies":[{"embeddable":true,"href":"https:\/\/dievolkswirtschaft.ch\/de\/wp-json\/wp\/v2\/comments?post=198703"}],"version-history":[{"count":39,"href":"https:\/\/dievolkswirtschaft.ch\/de\/wp-json\/wp\/v2\/posts\/198703\/revisions"}],"predecessor-version":[{"id":222759,"href":"https:\/\/dievolkswirtschaft.ch\/de\/wp-json\/wp\/v2\/posts\/198703\/revisions\/222759"}],"acf:user":[{"embeddable":true,"href":"https:\/\/dievolkswirtschaft.ch\/de\/wp-json\/wp\/v2\/users\/5357"},{"embeddable":true,"href":"https:\/\/dievolkswirtschaft.ch\/de\/wp-json\/wp\/v2\/users\/4306"},{"embeddable":true,"href":"https:\/\/dievolkswirtschaft.ch\/de\/wp-json\/wp\/v2\/users\/4141"},{"embeddable":true,"href":"https:\/\/dievolkswirtschaft.ch\/de\/wp-json\/wp\/v2\/users\/11986"},{"embeddable":true,"href":"https:\/\/dievolkswirtschaft.ch\/de\/wp-json\/wp\/v2\/users\/3208"}],"wp:featuredmedia":[{"embeddable":true,"href":"https:\/\/dievolkswirtschaft.ch\/de\/wp-json\/wp\/v2\/media\/200313"}],"wp:attachment":[{"href":"https:\/\/dievolkswirtschaft.ch\/de\/wp-json\/wp\/v2\/media?parent=198703"}],"wp:term":[{"taxonomy":"post__type","embeddable":true,"href":"https:\/\/dievolkswirtschaft.ch\/de\/wp-json\/wp\/v2\/post__type?post=198703"},{"taxonomy":"post_opinion","embeddable":true,"href":"https:\/\/dievolkswirtschaft.ch\/de\/wp-json\/wp\/v2\/post_opinion?post=198703"},{"taxonomy":"post_serie","embeddable":true,"href":"https:\/\/dievolkswirtschaft.ch\/de\/wp-json\/wp\/v2\/post_serie?post=198703"},{"taxonomy":"post_content_category","embeddable":true,"href":"https:\/\/dievolkswirtschaft.ch\/de\/wp-json\/wp\/v2\/post_content_category?post=198703"},{"taxonomy":"post_content_subject","embeddable":true,"href":"https:\/\/dievolkswirtschaft.ch\/de\/wp-json\/wp\/v2\/post_content_subject?post=198703"}],"curies":[{"name":"wp","href":"https:\/\/api.w.org\/{rel}","templated":true}]}}