{"id":206586,"date":"2025-02-18T07:00:09","date_gmt":"2025-02-18T06:00:09","guid":{"rendered":"https:\/\/dievolkswirtschaft.ch\/?p=206586"},"modified":"2025-02-25T09:16:06","modified_gmt":"2025-02-25T08:16:06","slug":"wie-wirken-sich-kantonale-mindestloehne-aus","status":"publish","type":"post","link":"https:\/\/dievolkswirtschaft.ch\/de\/2025\/02\/wie-wirken-sich-kantonale-mindestloehne-aus\/","title":{"rendered":"Wie wirken sich kantonale Mindestl\u00f6hne aus?"},"content":{"rendered":"<div class=\"content-copy-questions\">Die Schweiz kennt keinen Mindestlohn, einzelne Kantone jedoch schon: Neuenburg, Jura, Tessin, Basel-Stadt und Genf. Wie hoch sind die Mindestl\u00f6hne?<\/div>\n<p>Aktuell bewegen sich diese zwischen 20 und knapp 24.50 Schweizer Franken pro Stunde.<\/p>\n<div class=\"content-copy-questions\">Empirische Studien zeigen: Hohe Mindestl\u00f6hne f\u00fchren zu weniger Besch\u00e4ftigung. Andere Studien wiederum finden keine negativen Effekte. Was gilt nun?<\/div>\n<p>Es gibt eine Vielzahl anderer M\u00f6glichkeiten, wie Unternehmen auf Mindestl\u00f6hne reagieren k\u00f6nnen, die nicht \u00fcber die Besch\u00e4ftigung gehen. Die Auswirkungen h\u00e4ngen auch davon ab, ob Arbeitnehmende durch die h\u00f6heren L\u00f6hne mehr konsumieren und dadurch positive Effekte auf die Wirtschaft generieren.<\/p>\n<div class=\"content-copy-questions\">Wo ist sich die Forschung einig?<\/div>\n<p>Die Wahrscheinlichkeit f\u00fcr negative Effekte auf den Arbeitsmarkt ist bei moderaten Mindestl\u00f6hnen wie zum Beispiel im Jura, in Neuenburg und in Basel-Stadt, die bei guter gesamtwirtschaftlicher Lage eingef\u00fchrt werden, relativ gering. Sie steigt jedoch, je h\u00f6her die Mindestl\u00f6hne sind, je mehr Arbeitskr\u00e4fte betroffen sind und je schlechter es der Wirtschaft geht.<\/p>\n<div class=\"content-copy-questions\">Wie haben die Unternehmen in Basel-Stadt kurzfristig reagiert, als der Mindestlohn Mitte 2022 eingef\u00fchrt wurde?<\/div>\n<p>Dazu haben wir sechs Monate nach Einf\u00fchrung eine anonyme Unternehmensbefragung durchgef\u00fchrt. Auswertbar waren 150 Antworten von Unternehmen in Basel-Stadt. Diese haben am h\u00e4ufigsten drei Massnahmen genannt: Sie haben die Preise erh\u00f6ht, weniger Personal neu eingestellt und Investitionen entweder reduziert oder zur\u00fcckgestellt.<\/p>\n<p><span class=\"content-quotes\">Wenn die Preise \u00fcberall steigen, ist es leichter f\u00fcr Unternehmen, Preiserh\u00f6hungen aufgrund von Mindestl\u00f6hnen durchzusetzen.<\/span><\/p>\n<div class=\"content-copy-questions\">Welche Auswirkungen hatte der Mindestlohn mittelfristig auf die Besch\u00e4ftigung?<\/div>\n<p>18 Monate nach Einf\u00fchrung des Mindestlohns gaben die Betriebe wiederum Preiserh\u00f6hungen als h\u00e4ufigste Massnahme an. Am zweith\u00e4ufigsten griffen sie jedoch verst\u00e4rkt auf Entlassungen zur\u00fcck. Zudem plant ein erheblicher Teil, Arbeitskr\u00e4fte durch Maschinen zu ersetzen. Leider fiel die Teilnahme bei der erneuten Befragung um zwei Drittel niedriger aus, was die Aussagekraft einschr\u00e4nkt.<\/p>\n<div class=\"content-copy-questions\">Wie erkl\u00e4ren Sie sich die Unterschiede zwischen den beiden Befragungen?<\/div>\n<p>Erstens k\u00f6nnen wir nicht ausschliessen, dass an der zweiten Befragung Unternehmen teilgenommen haben, die anders reagierten. Schliesslich war der R\u00fccklauf viel geringer. Wir untersuchen derzeit im Detail, wie sich die Unternehmen zwischen den Befragungen unterscheiden und welchen m\u00f6glichen Einfluss das auf die Antworten hatte. Zweitens hat sich die Arbeitsmarktlage in der Schweiz seit der ersten Befragung verschlechtert. Es gibt weniger offene Stellen, und die Arbeitslosigkeit ist gestiegen. Dies erh\u00f6ht die Wahrscheinlichkeit negativer Besch\u00e4ftigungseffekte von Mindestl\u00f6hnen.<\/p>\n<div class=\"content-copy-questions\">K\u00f6nnte auch die abgeschw\u00e4chte Inflation eine Rolle gespielt haben?<\/div>\n<p>Ja, wenn die Preise \u00fcberall steigen, ist es leichter f\u00fcr Unternehmen, Preiserh\u00f6hungen aufgrund von Mindestl\u00f6hnen durchzusetzen, da f\u00fcr die Kunden verschiedene Ursachen f\u00fcr die Preissteigerungen kaum nachvollziehbar sind. Dies ist nun schwieriger geworden, sodass andere Massnahmen, welche die Arbeitsnachfrage beeinflussen, wahrscheinlicher werden.<\/p>\n<p><em>Interview: \u00abDie Volkswirtschaft\u00bb<\/em><\/p>","protected":false},"excerpt":{"rendered":"<p>Die Schweiz kennt keinen Mindestlohn, einzelne Kantone jedoch schon: Neuenburg, Jura, Tessin, Basel-Stadt und Genf. Wie hoch sind die Mindestl\u00f6hne? Aktuell bewegen sich diese zwischen 20 und knapp 24.50 Schweizer Franken pro Stunde. Empirische Studien zeigen: Hohe Mindestl\u00f6hne f\u00fchren zu weniger Besch\u00e4ftigung. Andere Studien wiederum finden keine negativen Effekte. Was gilt nun? Es gibt eine [&hellip;]<\/p>","protected":false},"author":4041,"featured_media":207230,"comment_status":"open","ping_status":"open","sticky":false,"template":"","format":"standard","meta":{"_acf_changed":false,"om_disable_all_campaigns":false,"ep_exclude_from_search":false,"footnotes":""},"post__type":[67],"post_opinion":[226],"post_serie":[],"post_content_category":[154],"post_content_subject":[216],"acf":{"seco_author":4041,"seco_co_author":"","author_override":"","seco_author_post_ocupation_year":"","seco_author_post_occupation_de":"Professorin f\u00fcr Arbeitsmarkt\u00f6konomie, Wirtschaftswissenschaftliche Fakult\u00e4t (WWZ), Universit\u00e4t Basel","seco_author_post_occupation_fr":"Professeure d\u2019\u00e9conomie du march\u00e9 du travail, Facult\u00e9 des sciences \u00e9conomiques (WWZ), Universit\u00e9 de B\u00e2le","seco_co_authors_post_ocupation":null,"short_title":"","post_lead":"","post_hero_image_description":"Unternehmen in Basel-Stadt erh\u00f6hten h\u00e4ufig die Preise, nachdem der Mindestlohn eingef\u00fchrt wurde. So auch in der Gastrobranche.","post_hero_image_description_copyright_de":"Keystone","post_hero_image_description_copyright_fr":"","post_references_literature":"","post_kasten":[{"kasten_title":"Interviewpartnerin","kasten_box":"<img class=\"alignnone wp-image-206712 size-full\" src=\"https:\/\/dievolkswirtschaft.ch\/content\/uploads\/2025\/01\/Wunsch_Conny_nachgefragt.jpg\" alt=\"\" width=\"592\" height=\"396\" \/>\r\n\r\nConny Wunsch ist Professorin f\u00fcr Arbeitsmarkt\u00f6konomie an der Universit\u00e4t Basel"}],"post_notes_for_print":"","first_teaser_header_de":"","first_teaser_header_fr":"","first_teaser_text_de":"","first_teaser_text_fr":"","second_teaser_header_de":"","second_teaser_header_fr":"","second_teaser_text_de":"","second_teaser_text_fr":"","kseason_de":"","kseason_fr":"","post_in_pdf":"","main_focus":"","serie_email":"","frontpage_slider_bild":"","artikel_bild-slider":null,"legacy_id":"","post_abstract":"","magazine_issue":null,"seco_author_reccomended_post":"","redaktoren":[9757],"korrektor":5357,"planned_publication_date":"2025-02-18 06:00:09","original_files":null,"external_release_for_author":"20250219","external_release_for_author_time":"00:05:00","link_for_external_authors":"https:\/\/dievolkswirtschaft.ch\/de\/exedit\/6797afa5ee5eb"},"_links":{"self":[{"href":"https:\/\/dievolkswirtschaft.ch\/de\/wp-json\/wp\/v2\/posts\/206586"}],"collection":[{"href":"https:\/\/dievolkswirtschaft.ch\/de\/wp-json\/wp\/v2\/posts"}],"about":[{"href":"https:\/\/dievolkswirtschaft.ch\/de\/wp-json\/wp\/v2\/types\/post"}],"author":[{"embeddable":true,"href":"https:\/\/dievolkswirtschaft.ch\/de\/wp-json\/wp\/v2\/users\/4041"}],"replies":[{"embeddable":true,"href":"https:\/\/dievolkswirtschaft.ch\/de\/wp-json\/wp\/v2\/comments?post=206586"}],"version-history":[{"count":25,"href":"https:\/\/dievolkswirtschaft.ch\/de\/wp-json\/wp\/v2\/posts\/206586\/revisions"}],"predecessor-version":[{"id":207381,"href":"https:\/\/dievolkswirtschaft.ch\/de\/wp-json\/wp\/v2\/posts\/206586\/revisions\/207381"}],"acf:user":[{"embeddable":true,"href":"https:\/\/dievolkswirtschaft.ch\/de\/wp-json\/wp\/v2\/users\/5357"},{"embeddable":true,"href":"https:\/\/dievolkswirtschaft.ch\/de\/wp-json\/wp\/v2\/users\/9757"},{"embeddable":true,"href":"https:\/\/dievolkswirtschaft.ch\/de\/wp-json\/wp\/v2\/users\/4041"}],"wp:featuredmedia":[{"embeddable":true,"href":"https:\/\/dievolkswirtschaft.ch\/de\/wp-json\/wp\/v2\/media\/207230"}],"wp:attachment":[{"href":"https:\/\/dievolkswirtschaft.ch\/de\/wp-json\/wp\/v2\/media?parent=206586"}],"wp:term":[{"taxonomy":"post__type","embeddable":true,"href":"https:\/\/dievolkswirtschaft.ch\/de\/wp-json\/wp\/v2\/post__type?post=206586"},{"taxonomy":"post_opinion","embeddable":true,"href":"https:\/\/dievolkswirtschaft.ch\/de\/wp-json\/wp\/v2\/post_opinion?post=206586"},{"taxonomy":"post_serie","embeddable":true,"href":"https:\/\/dievolkswirtschaft.ch\/de\/wp-json\/wp\/v2\/post_serie?post=206586"},{"taxonomy":"post_content_category","embeddable":true,"href":"https:\/\/dievolkswirtschaft.ch\/de\/wp-json\/wp\/v2\/post_content_category?post=206586"},{"taxonomy":"post_content_subject","embeddable":true,"href":"https:\/\/dievolkswirtschaft.ch\/de\/wp-json\/wp\/v2\/post_content_subject?post=206586"}],"curies":[{"name":"wp","href":"https:\/\/api.w.org\/{rel}","templated":true}]}}