{"id":216088,"date":"2025-12-17T07:00:29","date_gmt":"2025-12-17T06:00:29","guid":{"rendered":"https:\/\/dievolkswirtschaft.ch\/?p=216088"},"modified":"2025-12-17T10:51:22","modified_gmt":"2025-12-17T09:51:22","slug":"braucht-europa-wieder-eine-vermoegenssteuer","status":"publish","type":"post","link":"https:\/\/dievolkswirtschaft.ch\/de\/2025\/12\/braucht-europa-wieder-eine-vermoegenssteuer\/","title":{"rendered":"Braucht Europa wieder eine Verm\u00f6genssteuer?"},"content":{"rendered":"<div class=\"content-copy-questions\">Frankreichs hohe Staatsverschuldung r\u00fcckt die Verm\u00f6genssteuer in den Fokus. Weshalb hat Frankreich diese Steuer 2017 abgeschafft?<\/div>\n<p>Frankreich ersetzte die Verm\u00f6genssteuer mit einer Steuer auf Immobilien. Dadurch sollten Investitionen angekurbelt und Steuerfl\u00fcchtlinge zur\u00fcck ins Land geholt werden. F\u00fcr den Erfolg dieser Reform gibt es bislang keine \u00fcberzeugende Evidenz. Der entstandene j\u00e4hrliche Einnahmenverlust wird auf 4,5 Milliarden Euro gesch\u00e4tzt.<\/p>\n<div class=\"content-copy-questions\">In Europa kennen nur die Schweiz, Norwegen und Spanien die Verm\u00f6genssteuer. In den Neunzigerjahren wurden Verm\u00f6gen noch in mehr als zehn europ\u00e4ischen L\u00e4ndern besteuert. Wie kam es zur Abkehr von dieser Steuer?<\/div>\n<p>Die Verm\u00f6genssteuer brachte meistens weniger als 1 Prozent der Staatseinnahmen ein. Das war auch auf Ausnahmen und Schlupfl\u00f6cher zur\u00fcckzuf\u00fchren. Demgegen\u00fcber wurde der administrative Aufwand als sehr hoch empfunden. Teils kassierten Gerichte die Steuer, weil unterschiedliche Bewertungen \u2013 zum Beispiel Immobilien vs. Finanzverm\u00f6gen \u2013 zu einer steuerlichen Ungleichbehandlung f\u00fchrten.<\/p>\n<div class=\"content-copy-questions\">Was ist in der Schweiz anders?<\/div>\n<p>In der Schweiz ist die Steuerbasis sehr breit, und sie kennt keine Ausnahmen, daf\u00fcr sind die S\u00e4tze tief. Insgesamt bringt die Verm\u00f6genssteuer 4 Prozent der Staatseinnahmen ein. Die steuerliche Unterbewertung von Immobilien ist politisch gewollt, um Wohneigentum zu f\u00f6rdern.<\/p>\n<p>&nbsp;<\/p>\n<p><span class=\"content-quotes\">Das Thema Verm\u00f6gensungleichheit ist \u00fcberall in den politischen Fokus ger\u00fcckt.<\/span><\/p>\n<p>&nbsp;<\/p>\n<div class=\"content-copy-questions\">Gibt es neben Frankreich in weiteren L\u00e4ndern Initiativen, die Verm\u00f6genssteuer wieder einzuf\u00fchren?<\/div>\n<p>Das Thema Verm\u00f6gensungleichheit ist \u00fcberall in den politischen Fokus ger\u00fcckt. Sie ist gestiegen und \u00fcberall h\u00f6her als die Einkommensungleichheit. In den USA, aber auch in anderen L\u00e4ndern zeigt sich der Einfluss der Superreichen auf Politik und Medien, was in einer Demokratie nicht unproblematisch ist. Gleichzeitig hatten gerade europ\u00e4ische L\u00e4nder bis vor circa 20 Jahren bereits Verm\u00f6genssteuern. Aktuelle Debatten zur erstmaligen oder erneuten Einf\u00fchrung laufen auch in Deutschland und \u00d6sterreich. In Italien wird diskutiert, die Verm\u00f6genssteuer von Immobilien auf das gesamte Nettoverm\u00f6gen auszuweiten. Die EU-Kommission hat einen umfassenden Bericht in Auftrag gegeben, der alle Arten von Steuern auf Verm\u00f6gen und die Ertr\u00e4ge daraus untersucht. Das EU-Parlament l\u00e4sst Optionen f\u00fcr mehr Koordination zwischen den Mitgliedsl\u00e4ndern bei Verm\u00f6gens- und Erbschaftssteuern pr\u00fcfen.<\/p>\n<div class=\"content-copy-questions\">In der Schweiz wird die Steuer kantonal erhoben. Sie tr\u00e4gt also gar nicht zur Schuldenentlastung auf Bundesebene bei.<\/div>\n<p>Das ist korrekt.<\/p>\n<div class=\"content-copy-questions\">Ist sie ein Beitrag zu mehr Steuergerechtigkeit und zur Finanzierung des Gemeinwohls?<\/div>\n<p>Ja, die Verm\u00f6genssteuer f\u00fchrt dazu, dass die Progression bei der Einkommenssteuer nicht gebrochen wird. Denn sehr wohlhabende Personen k\u00f6nnen relativ leicht ihr Einkommen so gestalten, dass es erst mal nicht oder tiefer besteuert wird. Zum Beispiel, indem sie eine Holdinggesellschaft gr\u00fcnden und weil sie von der privilegierten Dividendenbesteuerung profitieren. Die Verm\u00f6genssteuer gleicht dies aus, sodass die Steuerlast der Reichen nicht tiefer ausf\u00e4llt als jene der Mittelschicht.<\/p>\n<p><em>Interview: Die Volkswirtschaft<\/em><\/p>","protected":false},"excerpt":{"rendered":"<p>Frankreichs hohe Staatsverschuldung r\u00fcckt die Verm\u00f6genssteuer in den Fokus. Weshalb hat Frankreich diese Steuer 2017 abgeschafft? Frankreich ersetzte die Verm\u00f6genssteuer mit einer Steuer auf Immobilien. Dadurch sollten Investitionen angekurbelt und Steuerfl\u00fcchtlinge zur\u00fcck ins Land geholt werden. F\u00fcr den Erfolg dieser Reform gibt es bislang keine \u00fcberzeugende Evidenz. Der entstandene j\u00e4hrliche Einnahmenverlust wird auf 4,5 Milliarden [&hellip;]<\/p>","protected":false},"author":13890,"featured_media":216547,"comment_status":"open","ping_status":"open","sticky":false,"template":"","format":"standard","meta":{"_acf_changed":false,"om_disable_all_campaigns":false,"ep_exclude_from_search":false,"footnotes":""},"post__type":[67],"post_opinion":[226],"post_serie":[],"post_content_category":[154],"post_content_subject":[172],"acf":{"seco_author":13890,"seco_co_author":"","author_override":"","seco_author_post_ocupation_year":"","seco_author_post_occupation_de":"Leiterin Sektion Verteilung und \u00d6ffentliche Finanzen, KOF Institut der ETH Z\u00fcrich","seco_author_post_occupation_fr":"","seco_co_authors_post_ocupation":null,"short_title":"","post_lead":"","post_hero_image_description":"Die Verm\u00f6genssteuer stand in Frankreich erneut auf der politischen Agenda.","post_hero_image_description_copyright_de":"Keystone","post_hero_image_description_copyright_fr":"","post_references_literature":"","post_kasten":[{"kasten_title":"Interviewpartnerin","kasten_box":"<img class=\"alignnone wp-image-216195 size-full\" src=\"https:\/\/dievolkswirtschaft.ch\/content\/uploads\/2025\/12\/Martinez_Isabel.jpg\" alt=\"\" width=\"541\" height=\"300\" \/>\r\n\r\nIsabel Mart\u00ednez ist Leiterin Sektion Verteilung und \u00d6ffentliche Finanzen am KOF Institut der ETH Z\u00fcrich"}],"post_notes_for_print":"","first_teaser_header_de":"","first_teaser_header_fr":"","first_teaser_text_de":"","first_teaser_text_fr":"","second_teaser_header_de":"","second_teaser_header_fr":"","second_teaser_text_de":"","second_teaser_text_fr":"","kseason_de":"","kseason_fr":"","post_in_pdf":"","main_focus":"","serie_email":"","frontpage_slider_bild":"","artikel_bild-slider":null,"legacy_id":"","post_abstract":"","magazine_issue":null,"seco_author_reccomended_post":"","redaktoren":[9757],"korrektor":5357,"planned_publication_date":"2025-12-17 06:00:29","original_files":null,"external_release_for_author":"20251218","external_release_for_author_time":"00:04:00","link_for_external_authors":"https:\/\/dievolkswirtschaft.ch\/de\/exedit\/6931709a00b7e"},"_links":{"self":[{"href":"https:\/\/dievolkswirtschaft.ch\/de\/wp-json\/wp\/v2\/posts\/216088"}],"collection":[{"href":"https:\/\/dievolkswirtschaft.ch\/de\/wp-json\/wp\/v2\/posts"}],"about":[{"href":"https:\/\/dievolkswirtschaft.ch\/de\/wp-json\/wp\/v2\/types\/post"}],"author":[{"embeddable":true,"href":"https:\/\/dievolkswirtschaft.ch\/de\/wp-json\/wp\/v2\/users\/13890"}],"replies":[{"embeddable":true,"href":"https:\/\/dievolkswirtschaft.ch\/de\/wp-json\/wp\/v2\/comments?post=216088"}],"version-history":[{"count":22,"href":"https:\/\/dievolkswirtschaft.ch\/de\/wp-json\/wp\/v2\/posts\/216088\/revisions"}],"predecessor-version":[{"id":216556,"href":"https:\/\/dievolkswirtschaft.ch\/de\/wp-json\/wp\/v2\/posts\/216088\/revisions\/216556"}],"acf:user":[{"embeddable":true,"href":"https:\/\/dievolkswirtschaft.ch\/de\/wp-json\/wp\/v2\/users\/5357"},{"embeddable":true,"href":"https:\/\/dievolkswirtschaft.ch\/de\/wp-json\/wp\/v2\/users\/9757"},{"embeddable":true,"href":"https:\/\/dievolkswirtschaft.ch\/de\/wp-json\/wp\/v2\/users\/13890"}],"wp:featuredmedia":[{"embeddable":true,"href":"https:\/\/dievolkswirtschaft.ch\/de\/wp-json\/wp\/v2\/media\/216547"}],"wp:attachment":[{"href":"https:\/\/dievolkswirtschaft.ch\/de\/wp-json\/wp\/v2\/media?parent=216088"}],"wp:term":[{"taxonomy":"post__type","embeddable":true,"href":"https:\/\/dievolkswirtschaft.ch\/de\/wp-json\/wp\/v2\/post__type?post=216088"},{"taxonomy":"post_opinion","embeddable":true,"href":"https:\/\/dievolkswirtschaft.ch\/de\/wp-json\/wp\/v2\/post_opinion?post=216088"},{"taxonomy":"post_serie","embeddable":true,"href":"https:\/\/dievolkswirtschaft.ch\/de\/wp-json\/wp\/v2\/post_serie?post=216088"},{"taxonomy":"post_content_category","embeddable":true,"href":"https:\/\/dievolkswirtschaft.ch\/de\/wp-json\/wp\/v2\/post_content_category?post=216088"},{"taxonomy":"post_content_subject","embeddable":true,"href":"https:\/\/dievolkswirtschaft.ch\/de\/wp-json\/wp\/v2\/post_content_subject?post=216088"}],"curies":[{"name":"wp","href":"https:\/\/api.w.org\/{rel}","templated":true}]}}