{"id":219010,"date":"2026-03-26T07:00:14","date_gmt":"2026-03-26T06:00:14","guid":{"rendered":"https:\/\/dievolkswirtschaft.ch\/?p=219010"},"modified":"2026-03-26T15:24:33","modified_gmt":"2026-03-26T14:24:33","slug":"schweizer-wirtschaft-waechst-2025-moderat","status":"publish","type":"post","link":"https:\/\/dievolkswirtschaft.ch\/de\/2026\/03\/schweizer-wirtschaft-waechst-2025-moderat\/","title":{"rendered":"Schweizer Wirtschaft w\u00e4chst 2025 moderat"},"content":{"rendered":"<p>Im Jahr 2025 ist die Schweizer Wirtschaft real und Sportevent-bereinigt um 1,4 Prozent gewachsen.<a href=\"#footnote_1\" id=\"footnote-anchor_1\" class=\"inline-footnote__anchor\">[1]<\/a> Damit hat sich das Wachstum gegen\u00fcber 2023 und 2024 mit je 1,2 Prozent leicht beschleunigt. Es liegt aber erneut unter dem langj\u00e4hrigen Mittelwert: Seit 1981 wuchs die Schweizer Wirtschaft im Schnitt um 1,8 Prozent pro Jahr.<\/p>\n<p>Im internationalen Vergleich weisen die USA 2025 ein deutlich st\u00e4rkeres BIP-Wachstum als die Schweiz auf. Allerdings hat sich die Differenz im Vergleich zu den Vorjahren etwas reduziert (siehe Abbildung 1). Im Euroraum fiel das Wachstum \u00e4hnlich hoch aus wie in der Schweiz. Die Unterschiede zwischen den L\u00e4ndern in Europa sind jedoch gross. Einige L\u00e4nder wie Spanien wuchsen kr\u00e4ftig (+2,8%). Die spanische Wirtschaft wurde in den vergangenen Jahren von starken Investitionen, zunehmenden Dienstleistungsexporten und einer wachsenden Erwerbsbev\u00f6lkerung gest\u00fctzt. Deutschland hingegen weist 2025 nur ein schwaches Wachstum auf (0,3%).<\/p>\n<p>Insgesamt blickt die deutsche Wirtschaft auf eine ausgepr\u00e4gte Schw\u00e4chephase zur\u00fcck. Zum einen steht sie vor strukturellen Herausforderungen, insbesondere in der Industrie. So ist die Automobilindustrie durch den \u00dcbergang zur Elektromobilit\u00e4t unter Anpassungsdruck. Hinzu kommen weitere Faktoren, die den Wirtschaftsstandort belasten. Dazu z\u00e4hlen Fachkr\u00e4ftemangel, hohe b\u00fcrokratische H\u00fcrden, ein langsames Fortschreiten der Digitalisierung und hohe Standortkosten.<\/p>\n<p>Zum anderen kam ab 2022 eine konjunkturelle Schw\u00e4che hinzu. Ausl\u00f6ser waren stark gestiegene Energiepreise und erh\u00f6hte Inflation. Das belastete die deutsche Wirtschaft stark. Aber auch andere europ\u00e4ische L\u00e4nder entwickelten sich angesichts hoher Energiepreise und erh\u00f6hter Inflation in den vergangenen Jahren schwach. Das machte sich in den exponierten Branchen der Schweizer Wirtschaft bemerkbar. Beispielsweise f\u00fchrte die Krise in der deutschen Automobilindustrie auch bei Schweizer Zulieferbetrieben zu Auftragsr\u00fcckg\u00e4ngen.<\/p>\n<h2 class=\"text__graphic-title\">Abb. 1: Die US-Wirtschaft wuchs ab 2023 st\u00e4rker als die Schweizer Wirtschaft<\/h2>\n<h6 class=\"copy-small-bold\">INTERAKTIVE GRAFIK<\/h6>\n<div class='chart chart--normal' id='KEMENY-SCHMIDT_03-2026_ABB1_DE'><\/div>\n\n<script>\n$(function () {\n\n$('#KEMENY-SCHMIDT_03-2026_ABB1_DE').highcharts({\n\ncolors: [ \"#5a7298\", \"#f07c2c\", \"#66b6bc\", \"#fbc65f\", \"#8a2a1d\", \"#2d5b52\"],\n\nchart: {\n    type: 'column'\n},\n\ntitle: {\n    text: ''\n},\n\nsubtitle: {\n    text: ''\n},\n\nxAxis: {\n    categories: [2022, 2023, 2024, 2025],\n    title: {\n        text: ''\n    }\n},\n\nyAxis: {\n    title: {\n        text: 'BIP-Wachstum (in Prozent)'\n    },\n    labels: {\n        formatter: function () {\n            return Highcharts.numberFormat(this.value, 0, ',', '.');\n        }\n    }\n},\n\ntooltip: {\n    useHTML: true,\n    formatter: function () {\n        var categories = this.series.chart.xAxis[0].categories;\n        var points = this.series.data;\n        var html = '<b>' + this.series.name + '<\/b><br>';\n\n        for (var i = 0; i < points.length; i++) {\n            var year = categories[i];\n            var value = Highcharts.numberFormat(points[i].y, 1, ',', '.');\n\n            if (i === this.point.index) {\n                html += '<b>' + year + ': ' + value + '%<\/b><br>';\n            } else {\n                html += year + ': ' + value + '%<br>';\n            }\n        }\n\n        return html;\n    }\n},\n\nplotOptions: {\n    column: {\n        borderWidth: 0,\n        grouping: true\n    },\n    series: {\n        dataLabels: {\n            enabled: false\n        }\n    }\n},\n\nseries: [\n{\n    name: 'Schweiz',\n    data: [3.5, 1.2, 1.2, 1.4]\n},\n{\n    name: 'USA',\n    data: [2.5, 2.9, 2.8, 2.4]\n},\n{\n    name: 'Euroraum',\n    data: [3.7, 0.6, 0.9, 1.5]\n},\n{\n    name: 'Deutschland',\n    data: [1.9, -0.7, -0.5, 0.4]\n}\n]\n\n});\n\n});\n<\/script>\n<div class=\"diagram-legend\">Anmerkung: Real, saison- und kalenderbereinigt, Schweiz: Sportevent-bereinigt<\/div>\n<div class=\"diagram-legend\">Quellen: BFS, Seco, BEA, Eurostat, nationale Statistik\u00e4mter | Grafik: Die Volkswirtschaft<\/div>\n<h2 class=\"text__graphic-title\">Achterbahnfahrt im Aussenhandel<\/h2>\n<p>Seit Anfang 2025 pr\u00e4gen zudem die h\u00f6heren US-Z\u00f6lle und die damit verbundene Unsicherheit die Konjunktur. Dies f\u00fchrte zu einer ausgepr\u00e4gten Volatilit\u00e4t in verschiedenen makro\u00f6konomischen Daten, sowohl international wie auch in der Schweiz: Im Fr\u00fchjahr 2025 kam es zu deutlichen Vorzieheffekten bei den Warenexporten in die USA. Danach folgte eine entsprechende Gegenbewegung. Diese Dynamik widerspiegelte sich im gesamtwirtschaftlichen Wirtschaftswachstum: Auf ein \u00fcberdurchschnittliches BIP-Wachstum im ersten Halbjahr folgte eine sehr schwache zweite Jahresh\u00e4lfte.<\/p>\n<p>Eine wichtige Rolle spielte dabei die chemisch-pharmazeutische Industrie, die einen grossen Anteil an den Schweizer Exporten hat. Auch in anderen Branchen machte sich die US-Zollpolitik bemerkbar. So zog beispielsweise die Uhrenindustrie Lieferungen in die USA vor, in Erwartung h\u00f6herer Zolls\u00e4tze. Zudem wurden die US-Z\u00f6lle Anfang August erh\u00f6ht. Insgesamt gingen die Exporte in die USA im 3. Quartal stark zur\u00fcck (siehe Abbildung\u00a02).<\/p>\n<h2 class=\"text__graphic-title\">Abb. 2: Warenexporte in die USA gingen im 3. Quartal stark zur\u00fcck<\/h2>\n<h6 class=\"copy-small-bold\">INTERAKTIVE GRAFIK<\/h6>\n<div class='chart chart--normal' id='KEMENY-SCHMIDT_03-2026_ABB2_DE'><\/div>\n\n<script>\n$(function () {\n  Highcharts.setOptions({\n    lang: {\n      months: \"Januar,Februar,M\u00e4rz,April,Mai,Juni,Juli,August,September,Oktober,November,Dezember\".split(\",\"),\n      decimalPoint: ',',\n      thousandsSep: ' '\n    }\n  });\n\n  $('#KEMENY-SCHMIDT_03-2026_ABB2_DE').highcharts({\n    chart: { type: 'line' },\n    title: { text: '' },\n\n    xAxis: {\n      type: 'datetime',\n      title: { text: '' },\n      labels: {\n        formatter: function () {\n          return new Date(this.value).getUTCFullYear();\n        }\n      },\n      tickInterval: 365 * 24 * 3600 * 1000\n    },\n\n    yAxis: [{\n      labels: {\n        formatter: function () {\n          return Highcharts.numberFormat(this.value, 0, ',', ' ');\n        }\n      },\n      title: { text: 'Warenexporte (Index: 2023, Q1 = 100)' }\n    }],\n\n    plotOptions: {\n      line: {\n        marker: { enabled: false }\n      }\n    },\n\n    tooltip: {\n      formatter: function () {\n        const date = new Date(this.x);\n        const year = date.getUTCFullYear();\n        const quarter = Math.floor(date.getUTCMonth() \/ 3) + 1;\n\n        return '<b>' + year + ', Q' + quarter + '<\/b><br\/>' +\n          '<span style=\"color:' + this.series.color + '\">\u25cf<\/span> ' +\n          this.series.name + ': <b>' +\n          Highcharts.numberFormat(this.y, 2, ',', ' ') +\n          '<\/b>';\n      }\n    },\n\n    series: [\n      {\n        name: 'Schweiz Total',\n        data: [\n          [Date.UTC(2023, 0), 100.00],\n          [Date.UTC(2023, 3), 95.88],\n          [Date.UTC(2023, 6), 95.25],\n          [Date.UTC(2023, 9), 93.52],\n          [Date.UTC(2024, 0), 92.65],\n          [Date.UTC(2024, 3), 103.36],\n          [Date.UTC(2024, 6), 96.97],\n          [Date.UTC(2024, 9), 105.71],\n          [Date.UTC(2025, 0), 109.05],\n          [Date.UTC(2025, 3), 104.89],\n          [Date.UTC(2025, 6), 96.24],\n          [Date.UTC(2025, 9), 98.69]\n        ],\n        color: '#4b83c9',\n        showInLegend: true\n      },\n      {\n        name: 'Schweiz ohne Chemie\/Pharma',\n        data: [\n          [Date.UTC(2023, 0), 100.00],\n          [Date.UTC(2023, 3), 97.54],\n          [Date.UTC(2023, 6), 92.71],\n          [Date.UTC(2023, 9), 92.72],\n          [Date.UTC(2024, 0), 92.84],\n          [Date.UTC(2024, 3), 95.14],\n          [Date.UTC(2024, 6), 90.22],\n          [Date.UTC(2024, 9), 92.67],\n          [Date.UTC(2025, 0), 95.54],\n          [Date.UTC(2025, 3), 100.01],\n          [Date.UTC(2025, 6), 93.62],\n          [Date.UTC(2025, 9), 92.55]\n        ],\n        color: '#b3cdea',\n        showInLegend: true\n      },\n      {\n        name: 'USA Total',\n        data: [\n          [Date.UTC(2023, 0), 100.00],\n          [Date.UTC(2023, 3), 90.65],\n          [Date.UTC(2023, 6), 90.41],\n          [Date.UTC(2023, 9), 80.88],\n          [Date.UTC(2024, 0), 92.16],\n          [Date.UTC(2024, 3), 104.48],\n          [Date.UTC(2024, 6), 91.82],\n          [Date.UTC(2024, 9), 101.82],\n          [Date.UTC(2025, 0), 136.23],\n          [Date.UTC(2025, 3), 99.05],\n          [Date.UTC(2025, 6), 84.13],\n          [Date.UTC(2025, 9), 85.74]\n        ],\n        color: '#ff730D',\n        showInLegend: true\n      },\n      {\n        name: 'USA ohne Chemie\/Pharma',\n        data: [\n          [Date.UTC(2023, 0), 100.00],\n          [Date.UTC(2023, 3), 96.61],\n          [Date.UTC(2023, 6), 94.66],\n          [Date.UTC(2023, 9), 96.15],\n          [Date.UTC(2024, 0), 95.70],\n          [Date.UTC(2024, 3), 99.81],\n          [Date.UTC(2024, 6), 95.24],\n          [Date.UTC(2024, 9), 105.48],\n          [Date.UTC(2025, 0), 104.66],\n          [Date.UTC(2025, 3), 107.85],\n          [Date.UTC(2025, 6), 83.11],\n          [Date.UTC(2025, 9), 79.97]\n        ],\n        color: '#ffc999',\n        showInLegend: true\n      }\n    ]\n  });\n});\n<\/script>\n<div class=\"diagram-legend\">Anmerkung: Nominal, saisonbereinigt, ohne Wertsachen und Transithandel.<\/div>\n<div class=\"diagram-legend\">Quelle: Seco | Grafik: Die Volkswirtschaft<\/div>\n<p>In der weniger konjunktur- und wechselkursexponierten Pharmabranche wuchs die Wertsch\u00f6pfung im Jahr 2025. Das konnte die R\u00fcckg\u00e4nge in anderen Industriebereichen jedoch nicht vollst\u00e4ndig kompensieren. Insgesamt trug der Industriesektor \u2013 wie bereits in den beiden Jahren zuvor \u2013 negativ zum BIP-Wachstum bei. Demgegen\u00fcber stieg die Wertsch\u00f6pfung im Dienstleistungssektor 2025 abermals an. Insbesondere der Finanzsektor und der Handel zeigten bereits in der ersten Jahresh\u00e4lfte bedeutende Wertsch\u00f6pfungsanstiege.<\/p>\n<h2 class=\"text__graphic-title\">Die Schweizer Wirtschaft w\u00e4chst trotz grosser Herausforderungen<\/h2>\n<p>Somit zeigt sich: Die grossen Herausforderungen der vergangenen Jahre belasteten die einzelnen Branchen teils sp\u00fcrbar. Allerdings folgte die deutlich unterdurchschnittliche BIP-Entwicklung der vergangenen Jahre auf eine ausgesprochen kr\u00e4ftige Erholung im Nachgang zur Coronakrise. 2021 war die Schweizer Wirtschaft um 5,9 Prozent gewachsen, 2022 um 3,5 Prozent. Eine gewisse Verlangsamung in den Folgejahren w\u00e4re daher auch ohne zus\u00e4tzliche Belastungsfaktoren zu erwarten gewesen. Insgesamt war das BIP 2025 11,2 Prozent h\u00f6her als im letzten Jahr vor der Coronakrise (2019). Damit war die Entwicklung zwar weniger stark als in den USA (+15,2%), aber wesentlich dynamischer als etwa im Euroraum (+6,6%) und in Deutschland (+0,3%).<\/p>\n<p>So hat die Schweizer Wirtschaft in den vergangenen, bewegten Jahren abermals ihre Widerstandsf\u00e4higkeit bewiesen. Dazu hat eine g\u00fcnstige Branchenstruktur beigetragen, aber auch die stabilen Rahmenbedingungen, der flexible Arbeitsmarkt, offener Handel und effektive automatische Stabilisatoren wie die Arbeitslosenversicherung.<\/p>\n<ol class=\"footnote\"><li id=\"footnote_1\" class=\"footnote--item\">Dieser Artikel basiert auf dem Exkurs \u00abSchweizer BIP 2025: +1,4%; BIP pro Kopf: +0,5%; seit 2019 ist das BIP pro Kopf um 4,8% gestiegen\u00bb in den <a href=\"https:\/\/www.seco.admin.ch\/seco\/de\/home\/Publikationen_Dienstleistungen\/Publikationen_und_Formulare\/konjunkturtendenz\/fruehjar2026.html\">\u00abKonjunkturtendenzen\u00bb Fr\u00fchjahr 2026<\/a> (siehe Kasten).&nbsp;<a href=\"#footnote-anchor_1\" class=\"inline-footnote__anchor hidden-print\">[<span class=\"icon-arrow-up\"><\/span>]<\/a><\/li><\/ol>","protected":false},"excerpt":{"rendered":"<p>Im Jahr 2025 ist die Schweizer Wirtschaft real und Sportevent-bereinigt um 1,4 Prozent gewachsen. Damit hat sich das Wachstum gegen\u00fcber 2023 und 2024 mit je 1,2 Prozent leicht beschleunigt. Es liegt aber erneut unter dem langj\u00e4hrigen Mittelwert: Seit 1981 wuchs die Schweizer Wirtschaft im Schnitt um 1,8 Prozent pro Jahr. Im internationalen Vergleich weisen die [&hellip;]<\/p>","protected":false},"author":4189,"featured_media":218965,"comment_status":"open","ping_status":"open","sticky":false,"template":"","format":"standard","meta":{"_acf_changed":false,"om_disable_all_campaigns":false,"ep_exclude_from_search":false,"footnotes":""},"post__type":[68],"post_opinion":[],"post_serie":[75],"post_content_category":[213],"post_content_subject":[244,242],"acf":{"seco_author":4189,"seco_co_author":[4710],"author_override":"","seco_author_post_ocupation_year":"","seco_author_post_occupation_de":"Leiterin Ressort Konjunktur, Staatssekretariat f\u00fcr Wirtschaft (Seco), Bern","seco_author_post_occupation_fr":"Cheffe du secteur Conjoncture, Secr\u00e9tariat d\u2019\u00c9tat \u00e0 l\u2019\u00e9conomie (Seco), Berne","seco_co_authors_post_ocupation":[{"seco_co_author":4710,"seco_co_author_post_occupation_year":"","seco_co_author_post_occupation_de":"Dr. oec., \u00d6konomin, Ressort Konjunktur, Staatssekretariat f\u00fcr Wirtschaft (Seco), Bern","seco_co_author_post_occupation_fr":"\u00c9conomiste, secteur Conjoncture, Secr\u00e9tariat d\u2019\u00c9tat \u00e0 l\u2019\u00e9conomie (Seco), Berne"}],"short_title":"","post_lead":"Das Schweizer BIP wuchs mit 1,4 Prozent unter dem langj\u00e4hrigen Mittel. Auch andere L\u00e4nder wiesen ein im historischen Vergleich eher geringes Wachstum auf. Die Entwicklung folgt allerdings auf eine kr\u00e4ftige Erholung nach der Coronakrise.","post_hero_image_description":"Die Schweizer Wirtschaft ist seit 2019 deutlich st\u00e4rker gewachsen als die Deutschlands. Ventilatoren am K\u00fchlwerk eines ehemaligen Stahlwerks in Nordrhein-Westfalen, Deutschland.","post_hero_image_description_copyright_de":"Keystone","post_hero_image_description_copyright_fr":"","post_references_literature":"","post_kasten":[{"kasten_title":"","kasten_box":"<h2 class=\"text__graphic-title\">\u00abKonjunkturtendenzen\u00bb Fr\u00fchjahr 2026<\/h2>\r\n<strong>Wirtschaftslage Schweiz \u2013 <\/strong>Im 4. Quartal 2025 ist das Sportevent-bereinigte BIP der Schweiz um 0,2 Prozent gewachsen. Damit hat sich die Wirtschaftsentwicklung zum Jahresende stabilisiert, die Branchenentwicklung war allerdings durchwachsen. In den letzten Monaten bewegte sich die Arbeitslosigkeit in den meisten Branchen seitw\u00e4rts.\r\n\r\n<strong>Exkurs: Schweizer BIP 2025: +1,4 Prozent, moderate Expansion bei schwacher Investitions- und Exportdynamik \u2013 <\/strong>Trotz einer leichten Beschleunigung blieb das Wachstum erneut unter seinem langfristigen Durchschnitt. Das konjunkturelle Umfeld war im Jahr 2025 insbesondere durch die US-Zollpolitik und die damit einhergehende Unsicherheit gepr\u00e4gt. Dies f\u00fchrte zu einer ausgepr\u00e4gten Volatilit\u00e4t in verschiedenen makro\u00f6konomischen Daten.\r\n\r\n<strong>Konjunkturprognose \u2013 <\/strong>Mit dem Krieg im Nahen und im Mittleren Osten sind die internationalen Energiepreise seit Anfang M\u00e4rz stark angestiegen. Die Expertengruppe Konjunkturprognosen des Bundes erh\u00f6ht ihre Inflationsprognose leicht. Das Wirtschaftswachstum d\u00fcrfte 2026 etwas schw\u00e4cher ausfallen als bisher erwartet.\r\n\r\n<strong>Szenario \u2013 <\/strong>Aufgrund der Unsicherheit erg\u00e4nzt das Staatssekretariat f\u00fcr Wirtschaft (Seco) die Konjunkturprognose um ein alternatives, negativeres Szenario. Dabei wird eine persistentere Erh\u00f6hung der Energiepreise unterstellt.\r\n\r\n<strong>Weltwirtschaft \u2013 <\/strong>Im 4. Quartal 2025 wuchs die Weltwirtschaft, gemessen an den wichtigsten Handelspartnern der Schweiz, etwas langsamer als im Vorquartal. Die Inflation hat sich bis Januar in vielen L\u00e4ndern zur\u00fcckgebildet. Mit Kriegsbeginn im Nahen und im Mittleren Osten schnellte der \u00d6lpreis Anfang M\u00e4rz jedoch in die H\u00f6he. Gleichzeitig gaben die Aktienm\u00e4rkte deutlich nach, vor allem in Europa. Der Franken ist real und handelsgewichtet hoch bewertet.\r\n\r\n<a href=\"https:\/\/www.seco.admin.ch\/dam\/seco\/de\/dokumente\/Wirtschaft\/Wirtschaftslage\/Konjunkturprognosen\/konjunkturprognose.pdf.download.pdf\/2026-1-KT-SECO.pdf\"><img class=\"alignnone wp-image-218911 size-medium\" src=\"https:\/\/dievolkswirtschaft.ch\/content\/uploads\/2026\/03\/KT_Fruhjahr_2026-e1774531761159-209x300.png\" alt=\"\" width=\"209\" height=\"300\" \/><\/a>"}],"post_notes_for_print":"","first_teaser_header_de":"","first_teaser_header_fr":"","first_teaser_text_de":"","first_teaser_text_fr":"","second_teaser_header_de":"","second_teaser_header_fr":"","second_teaser_text_de":"","second_teaser_text_fr":"","kseason_de":"","kseason_fr":"","post_in_pdf":"","main_focus":"","serie_email":"","frontpage_slider_bild":"","artikel_bild-slider":null,"legacy_id":"","post_abstract":"","magazine_issue":null,"seco_author_reccomended_post":"","redaktoren":"","korrektor":5357,"planned_publication_date":"2026-03-26 06:00:14","original_files":null,"external_release_for_author":null,"external_release_for_author_time":"","link_for_external_authors":"https:\/\/dievolkswirtschaft.ch\/de\/exedit\/69c2b32e9157c"},"_links":{"self":[{"href":"https:\/\/dievolkswirtschaft.ch\/de\/wp-json\/wp\/v2\/posts\/219010"}],"collection":[{"href":"https:\/\/dievolkswirtschaft.ch\/de\/wp-json\/wp\/v2\/posts"}],"about":[{"href":"https:\/\/dievolkswirtschaft.ch\/de\/wp-json\/wp\/v2\/types\/post"}],"author":[{"embeddable":true,"href":"https:\/\/dievolkswirtschaft.ch\/de\/wp-json\/wp\/v2\/users\/4189"}],"replies":[{"embeddable":true,"href":"https:\/\/dievolkswirtschaft.ch\/de\/wp-json\/wp\/v2\/comments?post=219010"}],"version-history":[{"count":9,"href":"https:\/\/dievolkswirtschaft.ch\/de\/wp-json\/wp\/v2\/posts\/219010\/revisions"}],"predecessor-version":[{"id":219158,"href":"https:\/\/dievolkswirtschaft.ch\/de\/wp-json\/wp\/v2\/posts\/219010\/revisions\/219158"}],"acf:user":[{"embeddable":true,"href":"https:\/\/dievolkswirtschaft.ch\/de\/wp-json\/wp\/v2\/users\/5357"},{"embeddable":true,"href":"https:\/\/dievolkswirtschaft.ch\/de\/wp-json\/wp\/v2\/users\/4710"},{"embeddable":true,"href":"https:\/\/dievolkswirtschaft.ch\/de\/wp-json\/wp\/v2\/users\/4189"}],"wp:featuredmedia":[{"embeddable":true,"href":"https:\/\/dievolkswirtschaft.ch\/de\/wp-json\/wp\/v2\/media\/218965"}],"wp:attachment":[{"href":"https:\/\/dievolkswirtschaft.ch\/de\/wp-json\/wp\/v2\/media?parent=219010"}],"wp:term":[{"taxonomy":"post__type","embeddable":true,"href":"https:\/\/dievolkswirtschaft.ch\/de\/wp-json\/wp\/v2\/post__type?post=219010"},{"taxonomy":"post_opinion","embeddable":true,"href":"https:\/\/dievolkswirtschaft.ch\/de\/wp-json\/wp\/v2\/post_opinion?post=219010"},{"taxonomy":"post_serie","embeddable":true,"href":"https:\/\/dievolkswirtschaft.ch\/de\/wp-json\/wp\/v2\/post_serie?post=219010"},{"taxonomy":"post_content_category","embeddable":true,"href":"https:\/\/dievolkswirtschaft.ch\/de\/wp-json\/wp\/v2\/post_content_category?post=219010"},{"taxonomy":"post_content_subject","embeddable":true,"href":"https:\/\/dievolkswirtschaft.ch\/de\/wp-json\/wp\/v2\/post_content_subject?post=219010"}],"curies":[{"name":"wp","href":"https:\/\/api.w.org\/{rel}","templated":true}]}}