{"id":219066,"date":"2026-04-09T07:00:15","date_gmt":"2026-04-09T05:00:15","guid":{"rendered":"https:\/\/dievolkswirtschaft.ch\/?p=219066"},"modified":"2026-04-09T10:10:38","modified_gmt":"2026-04-09T08:10:38","slug":"schweiz-oesterreich-zwei-maerkte-zwei-logiken","status":"publish","type":"post","link":"https:\/\/dievolkswirtschaft.ch\/de\/2026\/04\/schweiz-oesterreich-zwei-maerkte-zwei-logiken\/","title":{"rendered":"Schweiz &#8211; \u00d6sterreich: Zwei M\u00e4rkte, zwei Logiken"},"content":{"rendered":"<p>Die Schweiz und \u00d6sterreich sind geografisch nahe, kulturell verwandt und bef\u00fcrworten beide eine regelbasierte internationale Wirtschaftsordnung. Trotz vieler Gemeinsamkeiten unterscheiden sich die beiden M\u00e4rkte aber deutlich in ihren wirtschaftlichen Rahmenbedingungen. Diese Unterschiede pr\u00e4gen das unternehmerische Umfeld st\u00e4rker, als es ihre geografische N\u00e4he vermuten l\u00e4sst.<\/p>\n<p>Die \u00f6sterreichische Wirtschaftslogik ist stark von klein- und mittelst\u00e4ndischen Unternehmen gepr\u00e4gt, vielfach eigent\u00fcmergef\u00fchrt und in Familienhand. Grosse international t\u00e4tige Konzerne gibt es kaum. W\u00e4hrend \u00d6sterreich Teil des europ\u00e4ischen Binnenmarkts ist, geh\u00f6rt die Schweiz weder der EU noch dem Europ\u00e4ischen Wirtschaftsraum (EWR) an. Zwar ist sie \u00fcber bilaterale Abkommen in vielen Bereichen eng an den europ\u00e4ischen Binnenmarkt angebunden, im Alltag bleiben die Unterschiede jedoch sp\u00fcrbar: Eigene Zoll- und Ursprungsregeln, kantonale Zust\u00e4ndigkeiten sowie spezifische Vorgaben bei der Entsendung von Mitarbeitenden pr\u00e4gen den Zugang zum Schweizer Markt. Wie konkret sich diese Unterschiede auswirken, merke ich an der Grenze regelm\u00e4ssig selbst: Bei der Einreise in die Schweiz gilt es, die Wertfreigrenze von 150 Franken im Blick zu behalten.<\/p>\n<p><span class=\"content-quotes\">Zentral ist die ausgepr\u00e4gte Qualit\u00e4ts- und Vertrauenskultur der Schweiz.<\/span><\/p>\n<p>F\u00fcr Unternehmen, die in der Schweiz aktiv sind, sind diese Rahmenbedingungen selbstverst\u00e4ndlich \u2013 ebenso wie der hohe Anspruch an Eigenverantwortung. Vor Augen gef\u00fchrt wurde mir das schon nach wenigen Tagen im Land beim \u00dcberqueren des Paradeplatzes in Z\u00fcrich: Trams, Autos und Fahrr\u00e4der kommen aus allen Richtungen. Aber statt einer Ampelregelung, wie ich es aus Wien gewohnt bin, muss ich selbst darauf achten, wie ich sicher ans Ziel komme.<\/p>\n<p>Zentral ist auch die ausgepr\u00e4gte Qualit\u00e4ts- und Vertrauenskultur der Schweiz. Schweizer Gesch\u00e4ftspartner entscheiden langfristig und mit klarem Fokus auf Verl\u00e4sslichkeit und Nachhaltigkeit. Reputation und lokale Pr\u00e4senz wiegen dabei schwerer als kurzfristige Preisvorteile. Erfolgreiche \u00f6sterreichische Unternehmen \u00fcberzeugen ihre Partner daher nicht nur durch Innovationskraft und Handschlagqualit\u00e4t \u2013 also durch gelebte Verbindlichkeit. Ebenso wichtig ist ihre F\u00e4higkeit, sich geschmeidig auf die Schweizer Marktlogik einzustellen.<\/p>\n<p>Das wirtschaftliche Interesse ist dabei hoch: Die Schweiz z\u00e4hlt zu den wichtigsten Absatz- und Investitionsm\u00e4rkten \u00d6sterreichs. J\u00e4hrlich werden Waren und Dienstleistungen in H\u00f6he von ungef\u00e4hr 25\u202fMilliarden Schweizer Franken zwischen den beiden L\u00e4ndern gehandelt, und rund 4000 Unternehmen unterhalten Niederlassungen im jeweils anderen Land. Besonders gefragt sind \u00f6sterreichische L\u00f6sungen in den Bereichen energieeffiziente Bau\u2011 und Geb\u00e4udetechnik, Maschinen\u2011 und Anlagenbau sowie Digitalisierung und Automatisierung.<\/p>\n<p>So zeigt sich ein Bild zweier L\u00e4nder, die im Detail unterschiedlicher sind, als es ihre N\u00e4he vermuten l\u00e4sst. Viel relevanter ist aber, dass die Schweiz und \u00d6sterreich in Zeiten globaler Verwerfungen dieselben Werte und Interessen teilen. In einer Welt, die wieder st\u00e4rker von wirtschaftlicher Abgrenzung gepr\u00e4gt ist, gewinnt die enge nachbarschaftliche Partnerschaft weiter an Bedeutung.<\/p>","protected":false},"excerpt":{"rendered":"<p>Die Schweiz und \u00d6sterreich sind geografisch nahe, kulturell verwandt und bef\u00fcrworten beide eine regelbasierte internationale Wirtschaftsordnung. Trotz vieler Gemeinsamkeiten unterscheiden sich die beiden M\u00e4rkte aber deutlich in ihren wirtschaftlichen Rahmenbedingungen. Diese Unterschiede pr\u00e4gen das unternehmerische Umfeld st\u00e4rker, als es ihre geografische N\u00e4he vermuten l\u00e4sst. Die \u00f6sterreichische Wirtschaftslogik ist stark von klein- und mittelst\u00e4ndischen Unternehmen gepr\u00e4gt, [&hellip;]<\/p>","protected":false},"author":14124,"featured_media":218466,"comment_status":"open","ping_status":"open","sticky":false,"template":"","format":"standard","meta":{"_acf_changed":false,"om_disable_all_campaigns":false,"ep_exclude_from_search":false,"footnotes":""},"post__type":[67,69],"post_opinion":[71],"post_serie":[],"post_content_category":[97],"post_content_subject":[160,130,171],"acf":{"seco_author":14124,"seco_co_author":"","author_override":"","seco_author_post_ocupation_year":"","seco_author_post_occupation_de":"\u00d6sterreichischer Wirtschaftsdelegierter f\u00fcr die Schweiz und Liechtenstein, B\u00fcro Z\u00fcrich","seco_author_post_occupation_fr":"D\u00e9l\u00e9gu\u00e9 \u00e9conomique de l\u2019Autriche aupr\u00e8s de la Suisse et du Liechtenstein, bureau de Zurich","seco_co_authors_post_ocupation":null,"short_title":"","post_lead":"","post_hero_image_description":"","post_hero_image_description_copyright_de":"","post_hero_image_description_copyright_fr":"","post_references_literature":"","post_kasten":null,"post_notes_for_print":"","first_teaser_header_de":"","first_teaser_header_fr":"","first_teaser_text_de":"","first_teaser_text_fr":"","second_teaser_header_de":"","second_teaser_header_fr":"","second_teaser_text_de":"","second_teaser_text_fr":"","kseason_de":"","kseason_fr":"","post_in_pdf":"","main_focus":[219185,219188,219876],"serie_email":"","frontpage_slider_bild":"","artikel_bild-slider":null,"legacy_id":"","post_abstract":"","magazine_issue":null,"seco_author_reccomended_post":"","redaktoren":[9757],"korrektor":5357,"planned_publication_date":"2026-04-09 05:00:15","original_files":null,"external_release_for_author":"20260413","external_release_for_author_time":"00:05:00","link_for_external_authors":"https:\/\/dievolkswirtschaft.ch\/de\/exedit\/69c397b3ead6b"},"_links":{"self":[{"href":"https:\/\/dievolkswirtschaft.ch\/de\/wp-json\/wp\/v2\/posts\/219066"}],"collection":[{"href":"https:\/\/dievolkswirtschaft.ch\/de\/wp-json\/wp\/v2\/posts"}],"about":[{"href":"https:\/\/dievolkswirtschaft.ch\/de\/wp-json\/wp\/v2\/types\/post"}],"author":[{"embeddable":true,"href":"https:\/\/dievolkswirtschaft.ch\/de\/wp-json\/wp\/v2\/users\/14124"}],"replies":[{"embeddable":true,"href":"https:\/\/dievolkswirtschaft.ch\/de\/wp-json\/wp\/v2\/comments?post=219066"}],"version-history":[{"count":5,"href":"https:\/\/dievolkswirtschaft.ch\/de\/wp-json\/wp\/v2\/posts\/219066\/revisions"}],"predecessor-version":[{"id":219239,"href":"https:\/\/dievolkswirtschaft.ch\/de\/wp-json\/wp\/v2\/posts\/219066\/revisions\/219239"}],"acf:user":[{"embeddable":true,"href":"https:\/\/dievolkswirtschaft.ch\/de\/wp-json\/wp\/v2\/users\/5357"},{"embeddable":true,"href":"https:\/\/dievolkswirtschaft.ch\/de\/wp-json\/wp\/v2\/users\/9757"},{"embeddable":true,"href":"https:\/\/dievolkswirtschaft.ch\/de\/wp-json\/wp\/v2\/users\/14124"}],"acf:post":[{"embeddable":true,"href":"https:\/\/dievolkswirtschaft.ch\/de\/wp-json\/wp\/v2\/main_focus_post\/219188"},{"embeddable":true,"href":"https:\/\/dievolkswirtschaft.ch\/de\/wp-json\/wp\/v2\/main_focus_post\/219185"}],"wp:featuredmedia":[{"embeddable":true,"href":"https:\/\/dievolkswirtschaft.ch\/de\/wp-json\/wp\/v2\/media\/218466"}],"wp:attachment":[{"href":"https:\/\/dievolkswirtschaft.ch\/de\/wp-json\/wp\/v2\/media?parent=219066"}],"wp:term":[{"taxonomy":"post__type","embeddable":true,"href":"https:\/\/dievolkswirtschaft.ch\/de\/wp-json\/wp\/v2\/post__type?post=219066"},{"taxonomy":"post_opinion","embeddable":true,"href":"https:\/\/dievolkswirtschaft.ch\/de\/wp-json\/wp\/v2\/post_opinion?post=219066"},{"taxonomy":"post_serie","embeddable":true,"href":"https:\/\/dievolkswirtschaft.ch\/de\/wp-json\/wp\/v2\/post_serie?post=219066"},{"taxonomy":"post_content_category","embeddable":true,"href":"https:\/\/dievolkswirtschaft.ch\/de\/wp-json\/wp\/v2\/post_content_category?post=219066"},{"taxonomy":"post_content_subject","embeddable":true,"href":"https:\/\/dievolkswirtschaft.ch\/de\/wp-json\/wp\/v2\/post_content_subject?post=219066"}],"curies":[{"name":"wp","href":"https:\/\/api.w.org\/{rel}","templated":true}]}}