{"id":222619,"date":"2026-08-31T07:00:59","date_gmt":"2026-08-31T05:00:59","guid":{"rendered":"https:\/\/dievolkswirtschaft.ch\/?p=222619"},"modified":"2026-08-31T14:03:23","modified_gmt":"2026-08-31T12:03:23","slug":"agenda-2030-eine-gemischte-bilanz","status":"publish","type":"post","link":"https:\/\/dievolkswirtschaft.ch\/de\/2026\/08\/agenda-2030-eine-gemischte-bilanz\/","title":{"rendered":"Agenda 2030: Eine gemischte Bilanz"},"content":{"rendered":"<p>Elf Jahre sind vergangen, seit die Staatengemeinschaft die Agenda 2030 mit ihren 17 Ziele f\u00fcr nachhaltige Entwicklung beschlossen hat. Diese hat weltweit zu einem gemeinsamen Verst\u00e4ndnis und einer gemeinsamen Sprache zur nachhaltigen Entwicklung beigetragen. Bis 2030 bleiben noch vier Jahre. Wo steht die Schweiz bei der Umsetzung?<\/p>\n<p>Im Juli 2026 hat die Schweiz ihren vierten <a href=\"https:\/\/www.agenda-2030.eda.admin.ch\/de\/laenderbericht-und-bestandesaufnahme\">L\u00e4nderbericht zur Umsetzung der Agenda 2030<\/a> vorgestellt. Er zeigt Fortschritte, aber auch deutliche L\u00fccken: In Bereichen wie erneuerbare Energien, Kreislaufwirtschaft und Gleichstellung ist die Schweiz vorangekommen. Bei nachhaltigem Konsum, Klimaschutz, Biodiversit\u00e4t, Armutsbek\u00e4mpfung und Zugang zu bezahlbarem Wohnraum besteht hingegen weiterhin erheblicher Handlungsbedarf.<\/p>\n<p>Selbstkritisch muss sich die Schweiz eingestehen: Das Umsetzungstempo reicht nicht aus, um alle Ziele bis 2030 vollst\u00e4ndig zu erreichen. Die Schweiz ist damit nicht allein. Gem\u00e4ss dem neuesten UNO-<a href=\"https:\/\/unstats.un.org\/sdgs\/report\/2026\/\">Bericht<\/a> ist die Staatengemeinschaft bei 36 Prozent der messbaren Unterziele auf Kurs oder verzeichnet moderate Fortschritte. Tats\u00e4chlich erreicht werden bis 2030 voraussichtlich nur 15 Prozent der Ziele.<\/p>\n<h2 class=\"text__graphic-title\">Agenda 2030: Nicht \u00fcberall ist die Schweiz auf Kurs<\/h2>\n<table class=\"content-table\" style=\"height: 333px; width: 100%; border-style: none;\" border=\"0\">\n<tbody>\n<tr style=\"height: 23px;\">\n<td style=\"width: 25%; height: 23px; border-style: none;\"><strong>Bereich<\/strong><\/td>\n<td style=\"width: 25%; height: 23px; border-style: none; text-align: left;\"><strong>Kennzahl<\/strong><\/td>\n<td style=\"width: 25%; height: 23px; border-style: none; text-align: left;\"><strong>Entwicklung<\/strong><\/td>\n<td style=\"width: 25%; height: 23px; border-style: none; text-align: left;\"><strong>Einordnung<\/strong><\/td>\n<\/tr>\n<tr style=\"border-style: solid; border-color: #333333;\">\n<td style=\"width: 25%; height: 47px; vertical-align: middle; border-style: ridge; border-color: #333333;\"><strong>Ressourcenverbrauch<\/strong><\/td>\n<td style=\"width: 25%; height: 47px; vertical-align: middle; border-style: ridge; border-color: #333333; text-align: center;\">Material-Fussabdruck pro Person: 15\u00a0Tonnen im Jahr 2023<\/td>\n<td style=\"width: 25%; height: 47px; vertical-align: middle; border-style: ridge; border-color: #333333; text-align: center;\">\u201326,1% seit 2000<\/td>\n<td style=\"width: 25%; height: 47px; vertical-align: middle; border-style: ridge; border-color: #333333; text-align: center;\">Positive Entwicklung. Der Materialverbrauch der Schweiz bleibt jedoch im internationalen Vergleich hoch<\/td>\n<\/tr>\n<tr style=\"border-style: solid; border-color: #333333;\">\n<td style=\"width: 25%; height: 47px; vertical-align: middle; border-style: ridge; border-color: #333333;\"><strong>Finanzielle Anreize betreffend fossile Energien<\/strong><\/td>\n<td style=\"width: 25%; height: 47px; vertical-align: middle; border-style: ridge; border-color: #333333; text-align: center;\">3,9% der Nettoertr\u00e4ge aus der Mineral\u00f6lsteuer wurden 2024 an Unternehmen zur\u00fcckerstattet<\/td>\n<td style=\"width: 25%; height: 47px; vertical-align: middle; border-style: ridge; border-color: #333333; text-align: center;\">+52,7% seit 2002<\/td>\n<td style=\"width: 25%; height: 47px; vertical-align: middle; border-style: ridge; border-color: #333333; text-align: center;\">Entwicklung entgegen dem Ziel<\/td>\n<\/tr>\n<tr style=\"border-style: solid; border-color: #333333;\">\n<td style=\"width: 25%; height: 71px; vertical-align: middle; border-style: ridge; border-color: #333333;\"><strong>Klimaschutz<\/strong><\/td>\n<td style=\"width: 25%; height: 71px; vertical-align: middle; border-style: ridge; border-color: #333333; text-align: center;\">Treibhausgasemissionen 2024: 41,3 Mio. Tonnen CO<sub>2<\/sub>-\u00c4quivalente<\/td>\n<td style=\"width: 25%; height: 71px; vertical-align: middle; border-style: ridge; border-color: #333333; text-align: center;\">61,8% des n\u00f6tigen Zielpfads erreicht<\/td>\n<td style=\"width: 25%; height: 71px; vertical-align: middle; border-style: ridge; border-color: #333333; text-align: center;\">Die Emissionen sinken zu langsam. Der anvisierte R\u00fcckgang der Emissionen auf 50% des Ausstosses von 1990 bis 2030 ist nicht realistisch<\/td>\n<\/tr>\n<tr style=\"border-style: solid; border-color: #333333;\">\n<td style=\"width: 25%; height: 47px; vertical-align: middle; border-style: ridge; border-color: #333333;\"><strong>Erneuerbare Energien<\/strong><\/td>\n<td style=\"width: 25%; height: 47px; vertical-align: middle; border-style: ridge; border-color: #333333; text-align: center;\">29,9% des Energieverbrauchs stammten 2024 aus erneuerbaren Quellen<\/td>\n<td style=\"width: 25%; height: 47px; vertical-align: middle; border-style: ridge; border-color: #333333; text-align: center;\">+61,1% seit 2000<\/td>\n<td style=\"width: 25%; height: 47px; vertical-align: middle; border-style: ridge; border-color: #333333; text-align: center;\">Der Zielanteil am Strommix wird noch nicht erreicht<\/td>\n<\/tr>\n<tr style=\"border-style: solid; border-color: #333333;\">\n<td style=\"width: 25%; height: 23px; vertical-align: middle; border-style: ridge; border-color: #333333;\"><strong>Biodiversit\u00e4t<\/strong><\/td>\n<td style=\"width: 25%; height: 23px; vertical-align: middle; border-style: ridge; border-color: #333333; text-align: center;\">174 invasive gebietsfremde Arten im Jahr 2020<\/td>\n<td style=\"width: 25%; height: 23px; vertical-align: middle; border-style: ridge; border-color: #333333; text-align: center;\">+33,4% seit 2000<\/td>\n<td style=\"width: 25%; height: 23px; vertical-align: middle; border-style: ridge; border-color: #333333; text-align: center;\">Entwicklung entgegen dem Ziel<\/td>\n<\/tr>\n<tr style=\"border-style: solid; border-color: #333333;\">\n<td style=\"width: 25%; height: 28px; vertical-align: middle; border-style: ridge; border-color: #333333;\"><strong>Armut<\/strong><\/td>\n<td style=\"width: 25%; height: 28px; vertical-align: middle; border-style: ridge; border-color: #333333; text-align: center;\">Die Armutsquote in der Schweiz im Jahr 2024: 8,4%<\/td>\n<td style=\"width: 25%; height: 28px; vertical-align: middle; border-style: ridge; border-color: #333333; text-align: center;\">keine statistisch signifikante Ver\u00e4nderung seit 2014<\/td>\n<td style=\"width: 25%; height: 28px; vertical-align: middle; border-style: ridge; border-color: #333333; text-align: center;\">Das Ziel der Armutsreduktion wird nicht erreicht<\/td>\n<\/tr>\n<tr style=\"border-style: solid; border-color: #333333;\">\n<td style=\"width: 25%; height: 47px; vertical-align: middle; border-style: ridge; border-color: #333333;\"><strong>Gleichstellung<\/strong><\/td>\n<td style=\"width: 25%; height: 47px; vertical-align: middle; border-style: ridge; border-color: #333333; text-align: center;\">Lohnunterschiede zwischen Frauen und M\u00e4nnern im Privatsektor 2024: 11,1%<\/td>\n<td style=\"width: 25%; height: 47px; vertical-align: middle; border-style: ridge; border-color: #333333; text-align: center;\">\u201348,3% seit 2000<\/td>\n<td style=\"width: 25%; height: 47px; vertical-align: middle; border-style: ridge; border-color: #333333; text-align: center;\">Positive Entwicklung. Der unerkl\u00e4rte Anteil im Lohnunterschied ist jedoch nicht gesunken<\/td>\n<\/tr>\n<\/tbody>\n<\/table>\n<div class=\"diagram-legend\">Anmerkung: Stand der Daten: April 2026<\/div>\n<div class=\"diagram-legend\">Quelle: <a href=\"https:\/\/www.agenda-2030.eda.admin.ch\/de\/laenderbericht-und-bestandesaufnahme\">L\u00e4nderbericht zur Umsetzung der Agenda 2030<\/a><\/div>\n<h2 class=\"text__graphic-title\">Ein wichtiger Referenzrahmen<\/h2>\n<p>Die Agenda 2030 ist zu einem wichtigen internationalen Referenzrahmen f\u00fcr nachhaltige Entwicklung geworden. Mit Ausnahme der USA stellt kein anderes Land sie grunds\u00e4tzlich infrage. Ihre Umsetzung ist allerdings international und auch in der Schweiz schwieriger geworden. International ist die Welt von geopolitischen, sozialen und \u00f6kologischen Krisen gezeichnet, und in der Schweiz erschweren nicht gel\u00f6ste Zielkonflikte und knappere finanzielle Ressourcen die Umsetzung. In den kommenden Jahren wird es deshalb umso wichtiger sein, die bestehenden Instrumente noch besser zu nutzen, die richtigen Priorit\u00e4ten zu setzen und dabei m\u00f6glichst viel Wirkung zu erzielen.<\/p>\n<p>Die UNO-Nachhaltigkeitsziele definieren lediglich die \u00fcbergeordneten Ziele. 2021 verabschiedete der Bundesrat die <a href=\"https:\/\/www.are.admin.ch\/de\/sne\">Strategie Nachhaltige Entwicklung 2030<\/a> (SNE 2030), die der Umsetzung der Agenda 2030 in der Schweiz die Richtung vorgibt. Er legt dabei drei Schwerpunktthemen fest: Konsum und Produktion; Klima, Energie und Biodiversit\u00e4t sowie Chancengleichheit und sozialer Zusammenhalt. Nachhaltige Entwicklung ist heute in vielen Politikbereichen gut verankert. Zahlreiche Bundesstellen haben die Ziele und Stossrichtungen der SNE 2030 in ihre Strategien, Aktionspl\u00e4ne und Finanzierungsbotschaften aufgenommen, so etwa bei der Strategie Baukultur und der Klimastrategie Landwirtschaft und Ern\u00e4hrung, in der Botschaft f\u00fcr Bildung, Forschung und Innovation, bei der Neuen Regionalpolitik oder beim Nachhaltigkeitsleitbild der Armee. Die Abstimmung zwischen den Politikbereichen bleibt jedoch anspruchsvoll \u2013 etwa zwischen dem Ausbau von erneuerbaren Energien und dem Schutz von Biodiversit\u00e4t. Generell braucht es zwischen den verschiedenen Bundessubventionen noch mehr Koh\u00e4renz in Bezug auf nachhaltige Entwicklung.<\/p>\n<p>Auch die Bundesverwaltung nimmt ihre Vorbildfunktion st\u00e4rker wahr, wie der <a href=\"https:\/\/www.are.admin.ch\/de\/monitoring-berichterstattung\">Nachhaltigkeitsbericht der Bundesverwaltung<\/a> zeigt. Fortschritte sind beispielsweise beim Klimaschutz und beim Energieverbrauch, im \u00f6ffentlichen Beschaffungswesen oder beim Immobilienmanagement zu verzeichnen. So orientiert sich die Bundesverwaltung beim Bau und Betrieb von Geb\u00e4uden systematisch an Nachhaltigkeitsstandards.<\/p>\n<p>International bildet die Agenda 2030 den Rahmen f\u00fcr die internationale Entwicklungszusammenarbeit. Sie hilft Geber- und Empf\u00e4ngerl\u00e4ndern, ihre Priorit\u00e4ten besser aufeinander abzustimmen. Der <a href=\"https:\/\/financing.desa.un.org\/ffd4\">Compromiso de Sevilla<\/a> hilft, Investitionen f\u00fcr nachhaltige Entwicklung zu mobilisieren, die Schulden- und Entwicklungskrise zu bew\u00e4ltigen und die internationale Finanzarchitektur zu reformieren.<\/p>\n<h2 class=\"text__graphic-title\">Umsetzung auf allen Staatsebenen<\/h2>\n<p>F\u00fcr die Umsetzung der Agenda 2030 sind neben dem Bund auch die Kantone und Gemeinden verantwortlich. Die meisten Kantone haben Nachhaltigkeitsfachstellen geschaffen sowie entsprechende Strategien und Aktionspl\u00e4ne verabschiedet. Die Kantone <a href=\"https:\/\/www.ag.ch\/de\/themen\/nachhaltige-entwicklung\/voluntary-local-review-2026\">Aargau <\/a>und <a href=\"https:\/\/media.bs.ch\/original_file\/2d48b9082c1292b396fbfb319f80cdfdab631257\/voluntary-local-review-basel-stadt-2024.pdf\">Basel-Stadt<\/a> sowie die St\u00e4dte <a href=\"https:\/\/www.geneve.ch\/actualites\/ville-geneve-publie-lieux-mise-oeuvre-objectifs-developpement-durable\">Genf<\/a> und <a href=\"https:\/\/www.bern.ch\/rahmenstrategie-nachhaltige-entwicklung\/berichte\/ftw-simplelayout-filelistingblock\/20250528-vlr-stadtbern-d.pdf\/view\">Bern<\/a> haben sogenannte Voluntary Local Reviews zur Agenda 2030 publiziert, in denen sie den Stand der Umsetzung und die verbleibenden Herausforderungen aufzeigen und konkret darlegen, wie sie diese politisch angehen wollen. Zudem tauschen sich die St\u00e4dte seit 2025 j\u00e4hrlich an einem St\u00e4dtesymposium aus und besprechen gute Beispiele einer nachhaltigen Stadtentwicklung. Und schliesslich hat die Tripartite Konferenz, welche die Zusammenarbeit zwischen Bund, Kantonen und Gemeinden st\u00e4rkt, die Agenda 2030 in ihr Arbeitsprogramm aufgenommen. Ihr Ziel ist es, die Zusammenarbeit zwischen den Staatsebenen zu verst\u00e4rken und besser abzustimmen.<\/p>\n<h2 class=\"text__graphic-title\">Die Wirtschaft hat einen grossen Hebel<\/h2>\n<p>Wirtschaft und Finanzsektor k\u00f6nnen die nachhaltige Entwicklung besonders stark beeinflussen. Nachhaltige Lieferketten, Kreislaufwirtschaft, klimaneutrale Produktion und Themen wie Menschenrechte oder Kinderarbeit werden vor allem bei gr\u00f6sseren, international t\u00e4tigen Unternehmen zunehmend strategisch angegangen. Dies wirkt sich insbesondere positiv auf das Risikomanagement und die Resilienz gegen\u00fcber Schocks aus, da \u00f6kologische, soziale und regulatorische Risiken fr\u00fchzeitig erkannt, bewertet und gesteuert werden k\u00f6nnen.<\/p>\n<p>KMU k\u00f6nnen durch nachhaltigeres Wirtschaften ihre Innovationskraft und Resilienz st\u00e4rken, etwa wenn sie fr\u00fchzeitig in ressourceneffiziente Produktionsprozesse investieren, ihre Lieferketten auf Umwelt- und Sozialstandards hin \u00fcberpr\u00fcfen und dadurch neue Marktchancen erschliessen.<\/p>\n<p>Um KMU bei der Umsetzung von Regulierungen zu entlasten, hat der Bundesrat in seinem <a href=\"https:\/\/www.parlament.ch\/de\/ratsbetrieb\/suche-curia-vista\/geschaeft?AffairId=20234062\">Bericht zur Unterst\u00fctzung von Schweizer KMU bei der Anwendung von ESG-Richtlinien<\/a> verschiedene Unterst\u00fctzungsangebote in Aussicht gestellt. So will er beispielsweise das <a href=\"https:\/\/www.seco.admin.ch\/de\/anwendungsinstrumente-fuer-unternehmen\">CSR-Bundesportal<\/a> optimieren und bei der Identifikation von Nachhaltigkeitsrisiken st\u00e4rker unterst\u00fctzen. Konkrete Massnahmen und praktische Umsetzungsbeispiele, wie Unternehmen nachhaltiger werden k\u00f6nnen, bietet zudem die <a href=\"https:\/\/business.toolbox-agenda2030.ch\/de\/\">Toolbox Agenda 2030<\/a> f\u00fcr Unternehmen.<\/p>\n<p>Damit Schweizer Unternehmen wettbewerbsf\u00e4hig bleiben, pr\u00fcft der Bundesrat als indirekten Gegenvorschlag zur zweiten Konzernverantwortungsinitiative ein neues <a href=\"https:\/\/www.admin.ch\/de\/newnsb\/UDalr4CV5UX2_sLwdBHN_\">Bundesgesetz \u00fcber die nachhaltige Unternehmensf\u00fchrung (NUFG)<\/a>. Dieses soll sich an den relevanten internationalen Standards orientieren und im Hinblick auf die Einhaltung der nachhaltigen Unternehmensf\u00fchrung mehr Schutz und Rechtssicherheit bieten.<\/p>\n<p>Damit Unternehmen und Finanzinstitutionen nachhaltig investieren k\u00f6nnen, braucht es seitens des Staates eine langfristig ausgerichtete Politik, die verl\u00e4ssliche Rahmenbedingungen und Planungssicherheit schafft und Innovation f\u00f6rdert.<\/p>\n<h2 class=\"text__graphic-title\">Noch vier Jahre: Und was dann?<\/h2>\n<p>Die Agenda 2030 ist heute in Politik, Wirtschaft und Verwaltung deutlich st\u00e4rker verankert als noch vor zehn Jahren. Die Notwendigkeit einer nachhaltigen Entwicklung ist breit akzeptiert. Auch die notwendigen Strukturen und Strategien sind inzwischen weitgehend vorhanden. In den kommenden Jahren sollte deshalb der Fokus darauf liegen, diese Instrumente konsequent anzuwenden. Dies kann zum Erfolg f\u00fchren, wenn die verschiedenen staatlichen Ebenen mit Wirtschaft, Zivilgesellschaft und Wissenschaft noch st\u00e4rker zusammenarbeiten und unn\u00f6tige B\u00fcrokratie vermieden und wo immer m\u00f6glich abgebaut wird.<\/p>\n<p>Es bleiben noch vier Jahre. Mit dem SDG-Summit der UNO im Herbst 2027 richtet sich der Blick immer st\u00e4rker auch auf die Zeit nach 2030. Es ist weitgehend unbestritten, dass der nachhaltigen Entwicklung weiterhin eine wichtige Bedeutung zukommen soll. Allerdings ist diesbez\u00fcglich schwierig vorauszusehen, auf welchen Referenzrahmen sich die Staatengemeinschaft einigen wird. Einige Akteure sprechen sich daf\u00fcr aus, den eingeschlagenen Weg fortzusetzen. Andere fordern beispielsweise st\u00e4rker fokussierte und wirksamere Ziele. Wieder andere setzen sich daf\u00fcr ein, weitere Themen wie beispielsweise die digitale Transformation, k\u00fcnstliche Intelligenz und andere Zukunftstechnologien st\u00e4rker aufzunehmen.<\/p>\n<p>Der Erfolg der Agenda 2030 wird jedoch nicht daran gemessen, ob jedes einzelne Ziel und Unterziel vollst\u00e4ndig erreicht wird. Entscheidend ist, ob nachhaltige Entwicklung dauerhaft zum Leitprinzip politischer, wirtschaftlicher und gesellschaftlicher Entscheidungen wird. Damit erm\u00f6glicht es die Agenda 2030 als Referenzrahmen, das Staatsziel einer nachhaltigen Entwicklung gem\u00e4ss Artikel 2 der Bundesverfassung zu konkretisieren.<\/p>","protected":false},"excerpt":{"rendered":"<p>Elf Jahre sind vergangen, seit die Staatengemeinschaft die Agenda 2030 mit ihren 17 Ziele f\u00fcr nachhaltige Entwicklung beschlossen hat. Diese hat weltweit zu einem gemeinsamen Verst\u00e4ndnis und einer gemeinsamen Sprache zur nachhaltigen Entwicklung beigetragen. Bis 2030 bleiben noch vier Jahre. Wo steht die Schweiz bei der Umsetzung? Im Juli 2026 hat die Schweiz ihren vierten [&hellip;]<\/p>","protected":false},"author":4371,"featured_media":223354,"comment_status":"open","ping_status":"open","sticky":false,"template":"","format":"standard","meta":{"_acf_changed":false,"om_disable_all_campaigns":false,"ep_exclude_from_search":false,"footnotes":""},"post__type":[69,66],"post_opinion":[],"post_serie":[],"post_content_category":[97],"post_content_subject":[184,182,170,129],"acf":{"seco_author":4371,"seco_co_author":[14538],"author_override":"","seco_author_post_ocupation_year":"","seco_author_post_occupation_de":"Delegierter des Bundesrates f\u00fcr die Agenda 2030, Bundesamt f\u00fcr Raumentwicklung (ARE), Ittigen","seco_author_post_occupation_fr":"D\u00e9l\u00e9gu\u00e9 du Conseil f\u00e9d\u00e9ral \u00e0 l\u2019Agenda 2030 et chef de la section D\u00e9veloppement durable, Office f\u00e9d\u00e9ral du d\u00e9veloppement territorial (ARE), Ittigen","seco_co_authors_post_ocupation":[{"seco_co_author":14538,"seco_co_author_post_occupation_year":"","seco_co_author_post_occupation_de":"Delegierter des Bundesrates f\u00fcr die Agenda 2030, Staatssekretariat des Eidgen\u00f6ssischen Departements f\u00fcr ausw\u00e4rtige Angelegenheiten (EDA), Bern","seco_co_author_post_occupation_fr":""}],"short_title":"","post_lead":"2019 am UNO-Hauptquartier in New York: #2030isNOW. Die  Schweiz hat Fortschritte gemacht, wird aber nicht alle Nachhaltigkeitsziele erreichen.","post_hero_image_description":"Podium zur Agenda 2030 im UN-Hauptquartier in New York: Gem\u00e4ss UNO-Bericht werden bis 2030 voraussichtlich nur 15 Prozent der Ziele erreicht.","post_hero_image_description_copyright_de":"EPA\/UN PHOTO\/LOEY FELIPE","post_hero_image_description_copyright_fr":"","post_references_literature":"","post_kasten":null,"post_notes_for_print":"","first_teaser_header_de":"","first_teaser_header_fr":"","first_teaser_text_de":"","first_teaser_text_fr":"","second_teaser_header_de":"","second_teaser_header_fr":"","second_teaser_text_de":"","second_teaser_text_fr":"","kseason_de":"","kseason_fr":"","post_in_pdf":"","main_focus":[222749,222751],"serie_email":"","frontpage_slider_bild":"","artikel_bild-slider":null,"legacy_id":"","post_abstract":"","magazine_issue":null,"seco_author_reccomended_post":"","redaktoren":"","korrektor":5357,"planned_publication_date":"2026-08-31 05:00:59","original_files":null,"external_release_for_author":"20260827","external_release_for_author_time":"00:05:00","link_for_external_authors":"https:\/\/dievolkswirtschaft.ch\/de\/exedit\/6a71e8a3b7cea"},"_links":{"self":[{"href":"https:\/\/dievolkswirtschaft.ch\/de\/wp-json\/wp\/v2\/posts\/222619"}],"collection":[{"href":"https:\/\/dievolkswirtschaft.ch\/de\/wp-json\/wp\/v2\/posts"}],"about":[{"href":"https:\/\/dievolkswirtschaft.ch\/de\/wp-json\/wp\/v2\/types\/post"}],"author":[{"embeddable":true,"href":"https:\/\/dievolkswirtschaft.ch\/de\/wp-json\/wp\/v2\/users\/4371"}],"replies":[{"embeddable":true,"href":"https:\/\/dievolkswirtschaft.ch\/de\/wp-json\/wp\/v2\/comments?post=222619"}],"version-history":[{"count":58,"href":"https:\/\/dievolkswirtschaft.ch\/de\/wp-json\/wp\/v2\/posts\/222619\/revisions"}],"predecessor-version":[{"id":223363,"href":"https:\/\/dievolkswirtschaft.ch\/de\/wp-json\/wp\/v2\/posts\/222619\/revisions\/223363"}],"acf:user":[{"embeddable":true,"href":"https:\/\/dievolkswirtschaft.ch\/de\/wp-json\/wp\/v2\/users\/5357"},{"embeddable":true,"href":"https:\/\/dievolkswirtschaft.ch\/de\/wp-json\/wp\/v2\/users\/14538"},{"embeddable":true,"href":"https:\/\/dievolkswirtschaft.ch\/de\/wp-json\/wp\/v2\/users\/4371"}],"acf:post":[{"embeddable":true,"href":"https:\/\/dievolkswirtschaft.ch\/de\/wp-json\/wp\/v2\/main_focus_post\/222751"},{"embeddable":true,"href":"https:\/\/dievolkswirtschaft.ch\/de\/wp-json\/wp\/v2\/main_focus_post\/222749"}],"wp:featuredmedia":[{"embeddable":true,"href":"https:\/\/dievolkswirtschaft.ch\/de\/wp-json\/wp\/v2\/media\/223354"}],"wp:attachment":[{"href":"https:\/\/dievolkswirtschaft.ch\/de\/wp-json\/wp\/v2\/media?parent=222619"}],"wp:term":[{"taxonomy":"post__type","embeddable":true,"href":"https:\/\/dievolkswirtschaft.ch\/de\/wp-json\/wp\/v2\/post__type?post=222619"},{"taxonomy":"post_opinion","embeddable":true,"href":"https:\/\/dievolkswirtschaft.ch\/de\/wp-json\/wp\/v2\/post_opinion?post=222619"},{"taxonomy":"post_serie","embeddable":true,"href":"https:\/\/dievolkswirtschaft.ch\/de\/wp-json\/wp\/v2\/post_serie?post=222619"},{"taxonomy":"post_content_category","embeddable":true,"href":"https:\/\/dievolkswirtschaft.ch\/de\/wp-json\/wp\/v2\/post_content_category?post=222619"},{"taxonomy":"post_content_subject","embeddable":true,"href":"https:\/\/dievolkswirtschaft.ch\/de\/wp-json\/wp\/v2\/post_content_subject?post=222619"}],"curies":[{"name":"wp","href":"https:\/\/api.w.org\/{rel}","templated":true}]}}