{"id":222845,"date":"2026-09-02T07:00:34","date_gmt":"2026-09-02T05:00:34","guid":{"rendered":"https:\/\/dievolkswirtschaft.ch\/?p=222845"},"modified":"2026-09-02T10:14:51","modified_gmt":"2026-09-02T08:14:51","slug":"wie-wichtig-sind-praktische-faehigkeiten-beim-berufseinstieg","status":"publish","type":"post","link":"https:\/\/dievolkswirtschaft.ch\/de\/2026\/09\/wie-wichtig-sind-praktische-faehigkeiten-beim-berufseinstieg\/","title":{"rendered":"Wie wichtig sind praktische F\u00e4higkeiten beim Berufseinstieg?"},"content":{"rendered":"<div class=\"content-copy-questions\">Sie analysieren in Ihrer neuen <a href=\"https:\/\/www.rfberlin.com\/network-paper\/the-value-of-practical-skills\/\">Studie<\/a>, welche F\u00e4higkeiten f\u00fcr den sp\u00e4teren Arbeitsmarkt entscheidend sind. Grundlage sind Lehrabschlusspr\u00fcfungen in \u00fcber 170 Berufen. Zu welcher Erkenntnis kommen Sie?<\/div>\n<p>Junge Berufsleute mit besonders ausgepr\u00e4gten praktischen F\u00e4higkeiten sind auf dem Arbeitsmarkt am gefragtesten. Dies zeigt sich in h\u00f6heren L\u00f6hnen, in der Bereitschaft der Betriebe, sie weiterzubesch\u00e4ftigen, und in einem geringeren Risiko, erwerbslos zu werden.<\/p>\n<div class=\"content-copy-questions\">Gilt das f\u00fcr alle Berufe?<\/div>\n<p>Ja, das l\u00e4sst sich bei allen Berufen beobachten. Besonders interessant ist, dass praktische F\u00e4higkeiten nicht nur in Berufen mit \u00fcberwiegend manuellen T\u00e4tigkeiten von Bedeutung sind, sondern ebenso in Lehrberufen mit hohen kognitiven Anforderungen wie zum Beispiel Automatikerin oder Informatiker.<\/p>\n<div class=\"content-copy-questions\">Was bedeutet das f\u00fcr das duale Bildungssystem?<\/div>\n<p>Unsere Ergebnisse zeigen, dass das duale Bildungssystem eine zentrale Erg\u00e4nzung des Bildungswesens darstellt. Die Ausbildung an zwei verschiedenen Lernorten \u2013 Betrieb und Berufsschule \u2013 erm\u00f6glicht jungen Menschen mit praktischer Begabung, ihre praktischen F\u00e4higkeiten schon sehr fr\u00fch zu entfalten. In einem rein schulischen System wie der Maturit\u00e4t und anschliessendem Studium w\u00fcrden sie in ihrer Entwicklung h\u00e4ufig gebremst und h\u00e4tten kaum Gelegenheit, ihre praktischen Talente zu entdecken und weiterzuentwickeln.<\/p>\n<p><span class=\"content-quotes\">Die Maturit\u00e4t ist nicht das Problem, sondern das Wachstum bei vollschulischen Angeboten \u2013 auch in der Berufsbildung.<\/span><\/p>\n<div class=\"content-copy-questions\">Je h\u00f6her die Maturit\u00e4tsquote, desto h\u00f6her die Jugendarbeitslosigkeit. Wird die Schweiz ein Problem bekommen, wenn immer mehr junge Menschen die Matura machen?<\/div>\n<p>Die Maturit\u00e4t ist nicht das Problem, sondern das Wachstum bei vollschulischen Angeboten \u2013 auch in der Berufsbildung. Das duale, betrieblich organisierte Bildungssystem f\u00f6rdert einen guten \u00abMatch\u00bb zwischen individuellen Talenten und den berufs- und betriebsspezifischen Anforderungen, sowohl quantitativ als auch qualitativ. In schulischen Systemen k\u00f6nnen junge Menschen zwar l\u00e4nger ihren beruflichen W\u00fcnschen folgen. H\u00e4ufig f\u00fchrt es aber dazu, dass es in ihrer Spezialisierung dann entweder zu wenige Arbeitsstellen gibt oder sie zu sp\u00e4t erkennen, dass ihre Begabungen nicht zu den Stellenprofilen passen.<\/p>\n<div class=\"content-copy-questions\">Fehlt den Akademikern die Praxis, um auf dem Arbeitsmarkt bestehen zu k\u00f6nnen?<\/div>\n<p>Es war schon immer so, dass Akademikern beim Eintritt in den Arbeitsmarkt praktische Erfahrung fehlt. Die ersten Berufsjahre dienen deshalb auch dazu, diese zu erwerben. Aber auch hier gilt, was wir in unserer Studie beobachten: Wer beides mitbringt, also sehr gute theoretische Kenntnisse gepaart mit praktischer Begabung, hat die besten Voraussetzungen. Wenn das Begabungspendel jedoch st\u00e4rker in Richtung Theorie oder Praxis ausschl\u00e4gt, dann ist die Praxis im Vorteil.<\/p>\n<p><em>Interview: Die Volkswirtschaft<\/em><\/p>","protected":false},"excerpt":{"rendered":"<p>Sie analysieren in Ihrer neuen Studie, welche F\u00e4higkeiten f\u00fcr den sp\u00e4teren Arbeitsmarkt entscheidend sind. Grundlage sind Lehrabschlusspr\u00fcfungen in \u00fcber 170 Berufen. Zu welcher Erkenntnis kommen Sie? Junge Berufsleute mit besonders ausgepr\u00e4gten praktischen F\u00e4higkeiten sind auf dem Arbeitsmarkt am gefragtesten. Dies zeigt sich in h\u00f6heren L\u00f6hnen, in der Bereitschaft der Betriebe, sie weiterzubesch\u00e4ftigen, und in einem [&hellip;]<\/p>","protected":false},"author":3061,"featured_media":223389,"comment_status":"open","ping_status":"open","sticky":false,"template":"","format":"standard","meta":{"_acf_changed":false,"om_disable_all_campaigns":false,"ep_exclude_from_search":false,"footnotes":""},"post__type":[67],"post_opinion":[226],"post_serie":[],"post_content_category":[154],"post_content_subject":[216,122],"acf":{"seco_author":3061,"seco_co_author":"","author_override":"","seco_author_post_ocupation_year":"","seco_author_post_occupation_de":"Direktor Schweizerische Koordinationsstelle f\u00fcr Bildungsforschung (SKBF), Aarau, Professor f\u00fcr Bildungs\u00f6konomie und Leiter Forschungsstelle f\u00fcr Bildungs\u00f6konomie, Universit\u00e4t Bern, sowie Co-Direktor Leading House VPET-ECON, Universit\u00e4t Z\u00fcrich","seco_author_post_occupation_fr":"Directeur du Centre suisse de coordination pour la recherche en \u00e9ducation (CSRE), Aarau, professeur d\u2019\u00e9conomie de l\u2019\u00e9ducation et responsable du Centre de recherche sur l\u2019\u00e9conomie de l\u2019\u00e9ducation, Universit\u00e9 de Berne, et codirecteur du Leading House VPET-ECON, Universit\u00e9 de Zurich","seco_co_authors_post_ocupation":null,"short_title":"","post_lead":"","post_hero_image_description":"Junge Menschen, die besonders ausgepr\u00e4gte praktische F\u00e4higkeiten haben, sind auf dem Arbeitsmarkt am gefragtesten. ","post_hero_image_description_copyright_de":"SwissSkills \/ Michael Zanghellini","post_hero_image_description_copyright_fr":"","post_references_literature":"","post_kasten":[{"kasten_title":"Interviewpartner","kasten_box":"<a href=\"https:\/\/dievolkswirtschaft.ch\/content\/uploads\/2026\/08\/Wolter_Stefan_nachgefragt.jpg\"><img class=\"alignnone size-full wp-image-223015\" src=\"https:\/\/dievolkswirtschaft.ch\/content\/uploads\/2026\/08\/Wolter_Stefan_nachgefragt.jpg\" alt=\"\" width=\"592\" height=\"396\" \/><\/a>\r\n\r\nStefan C. Wolter ist Professor f\u00fcr Bildungs\u00f6konomie und Leiter Forschungsstelle f\u00fcr Bildungs\u00f6konomie, Universit\u00e4t Bern"}],"post_notes_for_print":"","first_teaser_header_de":"","first_teaser_header_fr":"","first_teaser_text_de":"","first_teaser_text_fr":"","second_teaser_header_de":"","second_teaser_header_fr":"","second_teaser_text_de":"","second_teaser_text_fr":"","kseason_de":"","kseason_fr":"","post_in_pdf":"","main_focus":"","serie_email":"","frontpage_slider_bild":"","artikel_bild-slider":null,"legacy_id":"","post_abstract":"","magazine_issue":null,"seco_author_reccomended_post":"","redaktoren":[9757],"korrektor":5357,"planned_publication_date":"2026-09-02 05:00:34","original_files":null,"external_release_for_author":"20260903","external_release_for_author_time":"00:02:00","link_for_external_authors":"https:\/\/dievolkswirtschaft.ch\/de\/exedit\/6a840b475603a"},"_links":{"self":[{"href":"https:\/\/dievolkswirtschaft.ch\/de\/wp-json\/wp\/v2\/posts\/222845"}],"collection":[{"href":"https:\/\/dievolkswirtschaft.ch\/de\/wp-json\/wp\/v2\/posts"}],"about":[{"href":"https:\/\/dievolkswirtschaft.ch\/de\/wp-json\/wp\/v2\/types\/post"}],"author":[{"embeddable":true,"href":"https:\/\/dievolkswirtschaft.ch\/de\/wp-json\/wp\/v2\/users\/3061"}],"replies":[{"embeddable":true,"href":"https:\/\/dievolkswirtschaft.ch\/de\/wp-json\/wp\/v2\/comments?post=222845"}],"version-history":[{"count":17,"href":"https:\/\/dievolkswirtschaft.ch\/de\/wp-json\/wp\/v2\/posts\/222845\/revisions"}],"predecessor-version":[{"id":223408,"href":"https:\/\/dievolkswirtschaft.ch\/de\/wp-json\/wp\/v2\/posts\/222845\/revisions\/223408"}],"acf:user":[{"embeddable":true,"href":"https:\/\/dievolkswirtschaft.ch\/de\/wp-json\/wp\/v2\/users\/5357"},{"embeddable":true,"href":"https:\/\/dievolkswirtschaft.ch\/de\/wp-json\/wp\/v2\/users\/9757"},{"embeddable":true,"href":"https:\/\/dievolkswirtschaft.ch\/de\/wp-json\/wp\/v2\/users\/3061"}],"wp:featuredmedia":[{"embeddable":true,"href":"https:\/\/dievolkswirtschaft.ch\/de\/wp-json\/wp\/v2\/media\/223389"}],"wp:attachment":[{"href":"https:\/\/dievolkswirtschaft.ch\/de\/wp-json\/wp\/v2\/media?parent=222845"}],"wp:term":[{"taxonomy":"post__type","embeddable":true,"href":"https:\/\/dievolkswirtschaft.ch\/de\/wp-json\/wp\/v2\/post__type?post=222845"},{"taxonomy":"post_opinion","embeddable":true,"href":"https:\/\/dievolkswirtschaft.ch\/de\/wp-json\/wp\/v2\/post_opinion?post=222845"},{"taxonomy":"post_serie","embeddable":true,"href":"https:\/\/dievolkswirtschaft.ch\/de\/wp-json\/wp\/v2\/post_serie?post=222845"},{"taxonomy":"post_content_category","embeddable":true,"href":"https:\/\/dievolkswirtschaft.ch\/de\/wp-json\/wp\/v2\/post_content_category?post=222845"},{"taxonomy":"post_content_subject","embeddable":true,"href":"https:\/\/dievolkswirtschaft.ch\/de\/wp-json\/wp\/v2\/post_content_subject?post=222845"}],"curies":[{"name":"wp","href":"https:\/\/api.w.org\/{rel}","templated":true}]}}