{"id":198623,"date":"2024-05-07T09:30:06","date_gmt":"2024-05-07T07:30:06","guid":{"rendered":"https:\/\/dievolkswirtschaft.ch\/?post_type=main_focus_post&#038;p=198623"},"modified":"2024-06-11T14:00:34","modified_gmt":"2024-06-11T12:00:34","slug":"suisse-des-logements-tres-convoites","status":"publish","type":"main_focus_post","link":"https:\/\/dievolkswirtschaft.ch\/fr\/dossiers\/suisse-des-logements-tres-convoites\/","title":{"rendered":"Suisse: des logements tr\u00e8s convoit\u00e9s"},"content":{"rendered":"<p>En Suisse, les logements se rar\u00e9fient progressivement en raison de la croissance d\u00e9mographique, de la diminution de la taille des m\u00e9nages et de l\u2019augmentation de la surface habitable. Dans notre dossier, nous nous demandons pourquoi on ne construit pas davantage de logements malgr\u00e9 la forte demande et nous examinons le r\u00f4le du march\u00e9 et de l\u2019\u00c9tat dans ce domaine.<\/p>","protected":false},"author":9862,"featured_media":198888,"template":"","acf":{"main_focus_post_central_image":198811,"main_focus_posts_list":[197815,197585,197590,197710,197595,197600,197606,197697,198012],"animation":198884},"_links":{"self":[{"href":"https:\/\/dievolkswirtschaft.ch\/fr\/wp-json\/wp\/v2\/main_focus_post\/198623"}],"collection":[{"href":"https:\/\/dievolkswirtschaft.ch\/fr\/wp-json\/wp\/v2\/main_focus_post"}],"about":[{"href":"https:\/\/dievolkswirtschaft.ch\/fr\/wp-json\/wp\/v2\/types\/main_focus_post"}],"author":[{"embeddable":true,"href":"https:\/\/dievolkswirtschaft.ch\/fr\/wp-json\/wp\/v2\/users\/9862"}],"version-history":[{"count":9,"href":"https:\/\/dievolkswirtschaft.ch\/fr\/wp-json\/wp\/v2\/main_focus_post\/198623\/revisions"}],"predecessor-version":[{"id":199987,"href":"https:\/\/dievolkswirtschaft.ch\/fr\/wp-json\/wp\/v2\/main_focus_post\/198623\/revisions\/199987"}],"acf:post":[{"embeddable":true,"href":"https:\/\/dievolkswirtschaft.ch\/fr\/wp-json\/wp\/v2\/posts\/198012"},{"embeddable":true,"href":"https:\/\/dievolkswirtschaft.ch\/fr\/wp-json\/wp\/v2\/posts\/197697"},{"embeddable":true,"href":"https:\/\/dievolkswirtschaft.ch\/fr\/wp-json\/wp\/v2\/posts\/197606"},{"embeddable":true,"href":"https:\/\/dievolkswirtschaft.ch\/fr\/wp-json\/wp\/v2\/posts\/197600"},{"embeddable":true,"href":"https:\/\/dievolkswirtschaft.ch\/fr\/wp-json\/wp\/v2\/posts\/197595"},{"embeddable":true,"href":"https:\/\/dievolkswirtschaft.ch\/fr\/wp-json\/wp\/v2\/posts\/197710"},{"embeddable":true,"href":"https:\/\/dievolkswirtschaft.ch\/fr\/wp-json\/wp\/v2\/posts\/197590"},{"embeddable":true,"href":"https:\/\/dievolkswirtschaft.ch\/fr\/wp-json\/wp\/v2\/posts\/197585"},{"embeddable":true,"href":"https:\/\/dievolkswirtschaft.ch\/fr\/wp-json\/wp\/v2\/posts\/197815"}],"wp:featuredmedia":[{"embeddable":true,"href":"https:\/\/dievolkswirtschaft.ch\/fr\/wp-json\/wp\/v2\/media\/198888"}],"wp:attachment":[{"href":"https:\/\/dievolkswirtschaft.ch\/fr\/wp-json\/wp\/v2\/media?parent=198623"}],"curies":[{"name":"wp","href":"https:\/\/api.w.org\/{rel}","templated":true}]}}