{"id":213274,"date":"2025-09-09T07:15:45","date_gmt":"2025-09-09T05:15:45","guid":{"rendered":"https:\/\/dievolkswirtschaft.ch\/?post_type=main_focus_post&#038;p=213274"},"modified":"2025-09-09T10:12:14","modified_gmt":"2025-09-09T08:12:14","slug":"la-sante-a-un-prix-nous-faisons-le-calcul","status":"publish","type":"main_focus_post","link":"https:\/\/dievolkswirtschaft.ch\/fr\/dossiers\/la-sante-a-un-prix-nous-faisons-le-calcul\/","title":{"rendered":"La sant\u00e9 a un prix. Nous faisons le calcul."},"content":{"rendered":"<p>Chaque ann\u00e9e en automne, une hausse des primes d\u2019assurance maladie est annonc\u00e9e. Et chaque ann\u00e9e, cette annonce soul\u00e8ve la question des co\u00fbts et des avantages de notre syst\u00e8me de sant\u00e9. Pour apporter des r\u00e9ponses \u00e0 ces questions, notre num\u00e9ro de septembre fournit des donn\u00e9es chiffr\u00e9es et \u00e9conomiques, tout en s\u2019attardant sur les doutes et les dilemmes. Il se fait aussi l\u2019\u00e9cho d\u2019un certain optimisme, notamment celui affich\u00e9 par la conseill\u00e8re f\u00e9d\u00e9rale Elisabeth Baume-Schneider dans l\u2019entretien qu\u2019elle nous a accord\u00e9.<\/p>","protected":false},"author":9708,"featured_media":213723,"template":"","acf":{"main_focus_post_central_image":213727,"main_focus_posts_list":[211183,213020,212136,212448,213250,211698,212778,211692,212131,212158,211186,212451,211701,213023,212139,212781,212134,213253,212164,211695],"animation":213727},"_links":{"self":[{"href":"https:\/\/dievolkswirtschaft.ch\/fr\/wp-json\/wp\/v2\/main_focus_post\/213274"}],"collection":[{"href":"https:\/\/dievolkswirtschaft.ch\/fr\/wp-json\/wp\/v2\/main_focus_post"}],"about":[{"href":"https:\/\/dievolkswirtschaft.ch\/fr\/wp-json\/wp\/v2\/types\/main_focus_post"}],"author":[{"embeddable":true,"href":"https:\/\/dievolkswirtschaft.ch\/fr\/wp-json\/wp\/v2\/users\/9708"}],"version-history":[{"count":5,"href":"https:\/\/dievolkswirtschaft.ch\/fr\/wp-json\/wp\/v2\/main_focus_post\/213274\/revisions"}],"predecessor-version":[{"id":213810,"href":"https:\/\/dievolkswirtschaft.ch\/fr\/wp-json\/wp\/v2\/main_focus_post\/213274\/revisions\/213810"}],"acf:post":[{"embeddable":true,"href":"https:\/\/dievolkswirtschaft.ch\/fr\/wp-json\/wp\/v2\/posts\/211695"},{"embeddable":true,"href":"https:\/\/dievolkswirtschaft.ch\/fr\/wp-json\/wp\/v2\/posts\/212164"},{"embeddable":true,"href":"https:\/\/dievolkswirtschaft.ch\/fr\/wp-json\/wp\/v2\/posts\/213253"},{"embeddable":true,"href":"https:\/\/dievolkswirtschaft.ch\/fr\/wp-json\/wp\/v2\/posts\/212134"},{"embeddable":true,"href":"https:\/\/dievolkswirtschaft.ch\/fr\/wp-json\/wp\/v2\/posts\/212781"},{"embeddable":true,"href":"https:\/\/dievolkswirtschaft.ch\/fr\/wp-json\/wp\/v2\/posts\/212139"},{"embeddable":true,"href":"https:\/\/dievolkswirtschaft.ch\/fr\/wp-json\/wp\/v2\/posts\/213023"},{"embeddable":true,"href":"https:\/\/dievolkswirtschaft.ch\/fr\/wp-json\/wp\/v2\/posts\/211701"},{"embeddable":true,"href":"https:\/\/dievolkswirtschaft.ch\/fr\/wp-json\/wp\/v2\/posts\/212451"},{"embeddable":true,"href":"https:\/\/dievolkswirtschaft.ch\/fr\/wp-json\/wp\/v2\/posts\/211186"},{"embeddable":true,"href":"https:\/\/dievolkswirtschaft.ch\/fr\/wp-json\/wp\/v2\/posts\/212158"},{"embeddable":true,"href":"https:\/\/dievolkswirtschaft.ch\/fr\/wp-json\/wp\/v2\/posts\/212131"},{"embeddable":true,"href":"https:\/\/dievolkswirtschaft.ch\/fr\/wp-json\/wp\/v2\/posts\/211692"},{"embeddable":true,"href":"https:\/\/dievolkswirtschaft.ch\/fr\/wp-json\/wp\/v2\/posts\/212778"},{"embeddable":true,"href":"https:\/\/dievolkswirtschaft.ch\/fr\/wp-json\/wp\/v2\/posts\/211698"},{"embeddable":true,"href":"https:\/\/dievolkswirtschaft.ch\/fr\/wp-json\/wp\/v2\/posts\/213250"},{"embeddable":true,"href":"https:\/\/dievolkswirtschaft.ch\/fr\/wp-json\/wp\/v2\/posts\/212448"},{"embeddable":true,"href":"https:\/\/dievolkswirtschaft.ch\/fr\/wp-json\/wp\/v2\/posts\/212136"},{"embeddable":true,"href":"https:\/\/dievolkswirtschaft.ch\/fr\/wp-json\/wp\/v2\/posts\/213020"},{"embeddable":true,"href":"https:\/\/dievolkswirtschaft.ch\/fr\/wp-json\/wp\/v2\/posts\/211183"}],"wp:featuredmedia":[{"embeddable":true,"href":"https:\/\/dievolkswirtschaft.ch\/fr\/wp-json\/wp\/v2\/media\/213723"}],"wp:attachment":[{"href":"https:\/\/dievolkswirtschaft.ch\/fr\/wp-json\/wp\/v2\/media?parent=213274"}],"curies":[{"name":"wp","href":"https:\/\/api.w.org\/{rel}","templated":true}]}}