{"id":128653,"date":"2021-12-23T13:38:48","date_gmt":"2021-12-23T12:38:48","guid":{"rendered":"https:\/\/dievolkswirtschaft.ch\/2021\/12\/la-loi-de-lavantage-comparatif\/"},"modified":"2023-08-23T23:50:46","modified_gmt":"2023-08-23T21:50:46","slug":"la-loi-de-lavantage-comparatif","status":"publish","type":"post","link":"https:\/\/dievolkswirtschaft.ch\/fr\/2021\/12\/la-loi-de-lavantage-comparatif\/","title":{"rendered":"La loi de l\u2019avantage comparatif"},"content":{"rendered":"<p>Dans les d\u00e9bats de politique \u00e9conomique, il est important de citer des th\u00e9ories \u00e9conomiques pour \u00e9tayer son argumentation. Encore faut-il que le public les comprenne. Les th\u00e9ories sont simples lorsqu\u2019elles sont intuitives, \u00e0 l\u2019image de la loi de la demande\u00a0: celle-ci postule que la quantit\u00e9 demand\u00e9e baisse lorsque le prix augmente (toutes choses \u00e9tant \u00e9gales par ailleurs). L\u2019opinion publique soutient des mesures comme une hausse du prix du CO<sub>2<\/sub> pour diminuer les \u00e9missions ou un rel\u00e8vement des prix des cr\u00e8ches destin\u00e9 \u00e0 r\u00e9duire les listes d\u2019attente lorsqu\u2019un tel effet est souhait\u00e9. Elle les refuse dans le cas contraire.&#13;<br \/>\n&#13;<br \/>\nLa situation se complique lorsqu\u2019une th\u00e9orie ne peut \u00eatre comprise de mani\u00e8re intuitive. Celle de l\u2019avantage comparatif est un bon exemple. Elle affirme que le commerce li\u00e9 \u00e0 une sp\u00e9cialisation de la production contribue davantage \u00e0 la prosp\u00e9rit\u00e9 d\u2019un pays qu\u2019une situation d\u2019autarcie fond\u00e9e sur l\u2019autoproduction des biens. Cette loi se v\u00e9rifie \u00e9galement lorsqu\u2019un pays affiche une performance \u00e9conomique inf\u00e9rieure \u00e0 un autre sur tous les plans et qu\u2019il enregistre une productivit\u00e9 moindre pour tous les biens qu\u2019il produit.&#13;<br \/>\n&#13;<br \/>\nD\u2019aucuns soup\u00e7onneront que le commerce entre deux \u00e9conomies in\u00e9gales profitera au pays le plus fort au d\u00e9triment du plus faible. Une telle opinion contredit la loi de l\u2019avantage comparatif. Mais, pour le public, il est contre-intuitif de penser que le commerce profite aussi au pays faible.&#13;<br \/>\n&#13;<br \/>\nVoil\u00e0 peut-\u00eatre pourquoi le peuple a approuv\u00e9 de justesse, par 51,6\u00a0% des voix, l\u2019accord de libre-\u00e9change entre la Suisse et l\u2019Indon\u00e9sie. De nombreuses personnes ayant vot\u00e9 non ont sans doute eu l\u2019impression que cet accord b\u00e9n\u00e9ficierait uniquement \u00e0 la Suisse, et non \u00e0 l\u2019Indon\u00e9sie.&#13;<\/p>\n<h2><strong>Roger Federer jardinier\u00a0?<\/strong><\/h2>\n<p>&#13;<br \/>\nIllustrons la loi de l\u2019avantage comparatif par un exemple du quotidien\u00a0: le champion de tennis Roger Federer doit d\u00e9cider s\u2019il passera la prochaine heure \u00e0 s\u2019entra\u00eener ou \u00e0 tailler la haie de son jardin, sachant qu\u2019il peut aussi confier cette t\u00e2che \u00e0 un jardinier. Admettons qu\u2019il soit non seulement meilleur en tennis, mais qu\u2019il manie aussi la cisaille de mani\u00e8re plus efficace que le jardinier\u00a0: comment mettra-t-il \u00e0 profit l\u2019heure dont il dispose\u00a0?&#13;<br \/>\n&#13;<br \/>\nLa r\u00e9ponse est claire\u00a0: Roger Federer aura certes un taux de productivit\u00e9 plus \u00e9lev\u00e9 dans les deux activit\u00e9s, mais comme cet avantage est bien sup\u00e9rieur dans le tennis que dans la taille, il fera appel au jardinier. La r\u00e9partition du travail qui en r\u00e9sulte implique la sp\u00e9cialisation de chaque acteur. Le d\u00e9ficit de productivit\u00e9 du jardinier \u00e9tant moins important lorsqu\u2019il taille des haies, les deux parties peuvent tirer le maximum de l\u2019heure que chacune d\u2019entre elles consacre \u00e0 son activit\u00e9.&#13;<br \/>\n&#13;<br \/>\nD\u2019une mani\u00e8re g\u00e9n\u00e9rale, le commerce li\u00e9 \u00e0 une sp\u00e9cialisation de la production augmente la prosp\u00e9rit\u00e9 de tous les pays participants. Il y aura lieu de sensibiliser la population sur ce point lors de prochaines votations sur des accords de libre-\u00e9change.<\/p>","protected":false},"excerpt":{"rendered":"<p>Dans les d\u00e9bats de politique \u00e9conomique, il est important de citer des th\u00e9ories \u00e9conomiques pour \u00e9tayer son argumentation. Encore faut-il que le public les comprenne. Les th\u00e9ories sont simples lorsqu\u2019elles sont intuitives, \u00e0 l\u2019image de la loi de la demande\u00a0: celle-ci postule que la quantit\u00e9 demand\u00e9e baisse lorsque le prix augmente (toutes choses \u00e9tant \u00e9gales [&hellip;]<\/p>","protected":false},"author":3530,"featured_media":97507,"comment_status":"closed","ping_status":"closed","sticky":false,"template":"","format":"standard","meta":{"_acf_changed":false,"om_disable_all_campaigns":false,"ep_exclude_from_search":false,"footnotes":""},"post__type":[80],"post_opinion":[84],"post_serie":[],"post_content_category":[106],"post_content_subject":[134,205],"acf":{"seco_author":3530,"seco_co_author":"","author_override":"","seco_author_post_ocupation_year":"","seco_author_post_occupation_de":"Dr. rer. pol., Vizedirektor und Leiter Wirtschaftspolitik Swissmem, Z\u00fcrich","seco_author_post_occupation_fr":"Directeur adjoint et chef de la division Politique \u00e9conomique de Swissmem, Zurich","seco_co_authors_post_ocupation":null,"short_title":"La loi de l\u2019avantage comparatif","post_lead":"","post_hero_image_description":"\u00ab Le commerce et, partant, la sp\u00e9cialisation de la production contribuent \u00e0 la prosp\u00e9rit\u00e9 de tous les pays concern\u00e9s. \u00bb","post_hero_image_description_copyright_de":"Shutterstock","post_hero_image_description_copyright_fr":"Shutterstock","post_references_literature":"","post_kasten":null,"post_notes_for_print":"","first_teaser_header_de":"","first_teaser_header_fr":"","first_teaser_text_de":"","first_teaser_text_fr":"","second_teaser_header_de":"","second_teaser_header_fr":"","second_teaser_text_de":"","second_teaser_text_fr":"","kseason_de":"","kseason_fr":"","post_in_pdf":128656,"main_focus":"","serie_email":null,"frontpage_slider_bild":128660,"artikel_bild-slider":null,"legacy_id":"108139","post_abstract":"","magazine_issue":"20220102","seco_author_reccomended_post":"","redaktoren":[4127,3988,0],"korrektor":4139,"planned_publication_date":"20220111","original_files":null,"external_release_for_author":"20211219","external_release_for_author_time":"23:00:00","link_for_external_authors":"https:\/\/dievolkswirtschaft.ch\/exedit\/6197a857cd980"},"_links":{"self":[{"href":"https:\/\/dievolkswirtschaft.ch\/fr\/wp-json\/wp\/v2\/posts\/128653"}],"collection":[{"href":"https:\/\/dievolkswirtschaft.ch\/fr\/wp-json\/wp\/v2\/posts"}],"about":[{"href":"https:\/\/dievolkswirtschaft.ch\/fr\/wp-json\/wp\/v2\/types\/post"}],"author":[{"embeddable":true,"href":"https:\/\/dievolkswirtschaft.ch\/fr\/wp-json\/wp\/v2\/users\/3530"}],"replies":[{"embeddable":true,"href":"https:\/\/dievolkswirtschaft.ch\/fr\/wp-json\/wp\/v2\/comments?post=128653"}],"version-history":[{"count":1,"href":"https:\/\/dievolkswirtschaft.ch\/fr\/wp-json\/wp\/v2\/posts\/128653\/revisions"}],"predecessor-version":[{"id":187335,"href":"https:\/\/dievolkswirtschaft.ch\/fr\/wp-json\/wp\/v2\/posts\/128653\/revisions\/187335"}],"acf:user":[{"embeddable":true,"href":"https:\/\/dievolkswirtschaft.ch\/fr\/wp-json\/wp\/v2\/users\/4139"},{"embeddable":true,"href":"https:\/\/dievolkswirtschaft.ch\/fr\/wp-json\/wp\/v2\/users\/0"},{"embeddable":true,"href":"https:\/\/dievolkswirtschaft.ch\/fr\/wp-json\/wp\/v2\/users\/3988"},{"embeddable":true,"href":"https:\/\/dievolkswirtschaft.ch\/fr\/wp-json\/wp\/v2\/users\/4127"},{"embeddable":true,"href":"https:\/\/dievolkswirtschaft.ch\/fr\/wp-json\/wp\/v2\/users\/3530"}],"wp:featuredmedia":[{"embeddable":true,"href":"https:\/\/dievolkswirtschaft.ch\/fr\/wp-json\/wp\/v2\/media\/97507"}],"wp:attachment":[{"href":"https:\/\/dievolkswirtschaft.ch\/fr\/wp-json\/wp\/v2\/media?parent=128653"}],"wp:term":[{"taxonomy":"post__type","embeddable":true,"href":"https:\/\/dievolkswirtschaft.ch\/fr\/wp-json\/wp\/v2\/post__type?post=128653"},{"taxonomy":"post_opinion","embeddable":true,"href":"https:\/\/dievolkswirtschaft.ch\/fr\/wp-json\/wp\/v2\/post_opinion?post=128653"},{"taxonomy":"post_serie","embeddable":true,"href":"https:\/\/dievolkswirtschaft.ch\/fr\/wp-json\/wp\/v2\/post_serie?post=128653"},{"taxonomy":"post_content_category","embeddable":true,"href":"https:\/\/dievolkswirtschaft.ch\/fr\/wp-json\/wp\/v2\/post_content_category?post=128653"},{"taxonomy":"post_content_subject","embeddable":true,"href":"https:\/\/dievolkswirtschaft.ch\/fr\/wp-json\/wp\/v2\/post_content_subject?post=128653"}],"curies":[{"name":"wp","href":"https:\/\/api.w.org\/{rel}","templated":true}]}}