{"id":133437,"date":"2020-02-18T11:00:12","date_gmt":"2020-02-18T11:00:12","guid":{"rendered":"https:\/\/dievolkswirtschaft.ch\/2020\/02\/infografik-03-2020fr\/"},"modified":"2023-08-24T00:01:44","modified_gmt":"2023-08-23T22:01:44","slug":"infografik-03-2020fr","status":"publish","type":"post","link":"https:\/\/dievolkswirtschaft.ch\/fr\/2020\/02\/infografik-03-2020fr\/","title":{"rendered":"La volaille prend du poids"},"content":{"rendered":"<p><a href=\"https:\/\/dievolkswirtschaft.ch\/content\/uploads\/2020\/02\/20_Infografik_Nutztiere_FR.pdf\"><img fetchpriority=\"high\" decoding=\"async\" class=\"alignnone size-full wp-image-93215\" src=\"https:\/\/dievolkswirtschaft.ch\/content\/uploads\/2020\/02\/20_Infografik_Nutztiere_FR.jpg\" alt=\"\" width=\"1240\" height=\"1754\" \/><\/a><\/p>","protected":false},"excerpt":{"rendered":"","protected":false},"author":4197,"featured_media":12896,"comment_status":"closed","ping_status":"closed","sticky":false,"template":"","format":"standard","meta":{"_acf_changed":false,"om_disable_all_campaigns":false,"ep_exclude_from_search":false,"footnotes":""},"post__type":[82],"post_opinion":[],"post_serie":[223],"post_content_category":[],"post_content_subject":[],"acf":{"seco_author":4197,"seco_co_author":null,"author_override":"","seco_author_post_ocupation_year":"","seco_author_post_occupation_de":"","seco_author_post_occupation_fr":"","seco_co_authors_post_ocupation":null,"short_title":"La volaille prend du poids","post_lead":"La population des poulaillers explose : en 2018, les gallinac\u00e9s \u00e9taient une fois et demi plus nombreux que les hommes en Suisse. Leur effectif a augment\u00e9 d\u2019environ un tiers ces dix derni\u00e8res ann\u00e9es. Les autres animaux d\u2019\u00e9levage ont en revanche perdu des plumes. Les porcs ont ainsi vu leur population diminuer depuis 2006. La tendance est claire et le \u00ab cycle du porc \u00bb est de moins en moins visible.","post_hero_image_description":"","post_hero_image_description_copyright_de":"","post_hero_image_description_copyright_fr":"","post_references_literature":"","post_kasten":null,"post_notes_for_print":"","first_teaser_header_de":"","first_teaser_header_fr":"","first_teaser_text_de":"","first_teaser_text_fr":"","second_teaser_header_de":"","second_teaser_header_fr":"","second_teaser_text_de":"","second_teaser_text_fr":"","kseason_de":"","kseason_fr":"","post_in_pdf":133440,"main_focus":null,"serie_email":null,"frontpage_slider_bild":133444,"artikel_bild-slider":null,"legacy_id":"93152","post_abstract":"","magazine_issue":"20200401","seco_author_reccomended_post":null,"redaktoren":[3988,0],"korrektor":4139,"planned_publication_date":"20200324","original_files":null,"external_release_for_author":"19700101","external_release_for_author_time":"00:00:00","link_for_external_authors":"https:\/\/dievolkswirtschaft.ch\/exedit\/5e4a848567fca"},"_links":{"self":[{"href":"https:\/\/dievolkswirtschaft.ch\/fr\/wp-json\/wp\/v2\/posts\/133437"}],"collection":[{"href":"https:\/\/dievolkswirtschaft.ch\/fr\/wp-json\/wp\/v2\/posts"}],"about":[{"href":"https:\/\/dievolkswirtschaft.ch\/fr\/wp-json\/wp\/v2\/types\/post"}],"author":[{"embeddable":true,"href":"https:\/\/dievolkswirtschaft.ch\/fr\/wp-json\/wp\/v2\/users\/4197"}],"replies":[{"embeddable":true,"href":"https:\/\/dievolkswirtschaft.ch\/fr\/wp-json\/wp\/v2\/comments?post=133437"}],"version-history":[{"count":1,"href":"https:\/\/dievolkswirtschaft.ch\/fr\/wp-json\/wp\/v2\/posts\/133437\/revisions"}],"predecessor-version":[{"id":187705,"href":"https:\/\/dievolkswirtschaft.ch\/fr\/wp-json\/wp\/v2\/posts\/133437\/revisions\/187705"}],"acf:user":[{"embeddable":true,"href":"https:\/\/dievolkswirtschaft.ch\/fr\/wp-json\/wp\/v2\/users\/4139"},{"embeddable":true,"href":"https:\/\/dievolkswirtschaft.ch\/fr\/wp-json\/wp\/v2\/users\/0"},{"embeddable":true,"href":"https:\/\/dievolkswirtschaft.ch\/fr\/wp-json\/wp\/v2\/users\/3988"},{"embeddable":true,"href":"https:\/\/dievolkswirtschaft.ch\/fr\/wp-json\/wp\/v2\/users\/4197"}],"wp:featuredmedia":[{"embeddable":true,"href":"https:\/\/dievolkswirtschaft.ch\/fr\/wp-json\/wp\/v2\/media\/12896"}],"wp:attachment":[{"href":"https:\/\/dievolkswirtschaft.ch\/fr\/wp-json\/wp\/v2\/media?parent=133437"}],"wp:term":[{"taxonomy":"post__type","embeddable":true,"href":"https:\/\/dievolkswirtschaft.ch\/fr\/wp-json\/wp\/v2\/post__type?post=133437"},{"taxonomy":"post_opinion","embeddable":true,"href":"https:\/\/dievolkswirtschaft.ch\/fr\/wp-json\/wp\/v2\/post_opinion?post=133437"},{"taxonomy":"post_serie","embeddable":true,"href":"https:\/\/dievolkswirtschaft.ch\/fr\/wp-json\/wp\/v2\/post_serie?post=133437"},{"taxonomy":"post_content_category","embeddable":true,"href":"https:\/\/dievolkswirtschaft.ch\/fr\/wp-json\/wp\/v2\/post_content_category?post=133437"},{"taxonomy":"post_content_subject","embeddable":true,"href":"https:\/\/dievolkswirtschaft.ch\/fr\/wp-json\/wp\/v2\/post_content_subject?post=133437"}],"curies":[{"name":"wp","href":"https:\/\/api.w.org\/{rel}","templated":true}]}}