{"id":135161,"date":"2019-05-14T10:15:20","date_gmt":"2019-05-14T10:15:20","guid":{"rendered":"https:\/\/dievolkswirtschaft.ch\/2019\/05\/infografik-06-2019fr\/"},"modified":"2023-08-24T00:05:55","modified_gmt":"2023-08-23T22:05:55","slug":"infografik-06-2019fr","status":"publish","type":"post","link":"https:\/\/dievolkswirtschaft.ch\/fr\/2019\/05\/infografik-06-2019fr\/","title":{"rendered":"Le trafic a\u00e9rien suisse d\u00e9colle"},"content":{"rendered":"<p><a href=\"https:\/\/dievolkswirtschaft.ch\/content\/uploads\/2019\/05\/Infografik_6_2019_FR_.jpg\"><img fetchpriority=\"high\" decoding=\"async\" class=\"alignnone wp-image-87124 size-full\" src=\"https:\/\/dievolkswirtschaft.ch\/content\/uploads\/2019\/05\/Infografik_6_2019_FR_.jpg\" alt=\"\" width=\"1323\" height=\"1427\" \/><\/a><\/p>","protected":false},"excerpt":{"rendered":"","protected":false},"author":4197,"featured_media":19970,"comment_status":"closed","ping_status":"closed","sticky":false,"template":"","format":"standard","meta":{"_acf_changed":false,"om_disable_all_campaigns":false,"ep_exclude_from_search":false,"footnotes":""},"post__type":[82],"post_opinion":[],"post_serie":[223],"post_content_category":[],"post_content_subject":[],"acf":{"seco_author":4197,"seco_co_author":null,"author_override":"","seco_author_post_ocupation_year":"","seco_author_post_occupation_de":"","seco_author_post_occupation_fr":"","seco_co_authors_post_ocupation":null,"short_title":"Le trafic a\u00e9rien suisse d\u00e9colle","post_lead":"Le nombre de passagers a\u00e9riens au d\u00e9part de la Suisse a doubl\u00e9 entre 2008 et 2018. Les destinations asiatiques ont le plus fortement progress\u00e9 (+135\u2009%). En nombre absolu, ce sont les destinations europ\u00e9ennes qui ont \u00e9t\u00e9 privil\u00e9gi\u00e9es l\u2019an dernier\u2009: 1,3 million de personnes ont atterri au seul a\u00e9roport de Londres Heathrow. Le fret a\u00e9rien a enregistr\u00e9 une croissance moyenne de 44\u2009%, malgr\u00e9 un recul du transport de marchandises en direction de l\u2019Afrique.","post_hero_image_description":"","post_hero_image_description_copyright_de":"","post_hero_image_description_copyright_fr":"","post_references_literature":"","post_kasten":null,"post_notes_for_print":"","first_teaser_header_de":"","first_teaser_header_fr":"","first_teaser_text_de":"","first_teaser_text_fr":"","second_teaser_header_de":"","second_teaser_header_fr":"","second_teaser_text_de":"","second_teaser_text_fr":"","kseason_de":"","kseason_fr":"","post_in_pdf":135164,"main_focus":null,"serie_email":null,"frontpage_slider_bild":135168,"artikel_bild-slider":null,"legacy_id":"86092","post_abstract":"","magazine_issue":"20190601","seco_author_reccomended_post":null,"redaktoren":[3988,0],"korrektor":4139,"planned_publication_date":"20190523","original_files":null,"external_release_for_author":"19700101","external_release_for_author_time":"00:00:00","link_for_external_authors":"https:\/\/dievolkswirtschaft.ch\/exedit\/5ca5c2f4f02e7"},"_links":{"self":[{"href":"https:\/\/dievolkswirtschaft.ch\/fr\/wp-json\/wp\/v2\/posts\/135161"}],"collection":[{"href":"https:\/\/dievolkswirtschaft.ch\/fr\/wp-json\/wp\/v2\/posts"}],"about":[{"href":"https:\/\/dievolkswirtschaft.ch\/fr\/wp-json\/wp\/v2\/types\/post"}],"author":[{"embeddable":true,"href":"https:\/\/dievolkswirtschaft.ch\/fr\/wp-json\/wp\/v2\/users\/4197"}],"replies":[{"embeddable":true,"href":"https:\/\/dievolkswirtschaft.ch\/fr\/wp-json\/wp\/v2\/comments?post=135161"}],"version-history":[{"count":1,"href":"https:\/\/dievolkswirtschaft.ch\/fr\/wp-json\/wp\/v2\/posts\/135161\/revisions"}],"predecessor-version":[{"id":187854,"href":"https:\/\/dievolkswirtschaft.ch\/fr\/wp-json\/wp\/v2\/posts\/135161\/revisions\/187854"}],"acf:user":[{"embeddable":true,"href":"https:\/\/dievolkswirtschaft.ch\/fr\/wp-json\/wp\/v2\/users\/4139"},{"embeddable":true,"href":"https:\/\/dievolkswirtschaft.ch\/fr\/wp-json\/wp\/v2\/users\/0"},{"embeddable":true,"href":"https:\/\/dievolkswirtschaft.ch\/fr\/wp-json\/wp\/v2\/users\/3988"},{"embeddable":true,"href":"https:\/\/dievolkswirtschaft.ch\/fr\/wp-json\/wp\/v2\/users\/4197"}],"wp:featuredmedia":[{"embeddable":true,"href":"https:\/\/dievolkswirtschaft.ch\/fr\/wp-json\/wp\/v2\/media\/19970"}],"wp:attachment":[{"href":"https:\/\/dievolkswirtschaft.ch\/fr\/wp-json\/wp\/v2\/media?parent=135161"}],"wp:term":[{"taxonomy":"post__type","embeddable":true,"href":"https:\/\/dievolkswirtschaft.ch\/fr\/wp-json\/wp\/v2\/post__type?post=135161"},{"taxonomy":"post_opinion","embeddable":true,"href":"https:\/\/dievolkswirtschaft.ch\/fr\/wp-json\/wp\/v2\/post_opinion?post=135161"},{"taxonomy":"post_serie","embeddable":true,"href":"https:\/\/dievolkswirtschaft.ch\/fr\/wp-json\/wp\/v2\/post_serie?post=135161"},{"taxonomy":"post_content_category","embeddable":true,"href":"https:\/\/dievolkswirtschaft.ch\/fr\/wp-json\/wp\/v2\/post_content_category?post=135161"},{"taxonomy":"post_content_subject","embeddable":true,"href":"https:\/\/dievolkswirtschaft.ch\/fr\/wp-json\/wp\/v2\/post_content_subject?post=135161"}],"curies":[{"name":"wp","href":"https:\/\/api.w.org\/{rel}","templated":true}]}}