{"id":136512,"date":"2018-10-24T10:00:34","date_gmt":"2018-10-24T10:00:34","guid":{"rendered":"https:\/\/dievolkswirtschaft.ch\/2018\/10\/niederbaeumer-11-2018fr\/"},"modified":"2023-08-24T00:09:25","modified_gmt":"2023-08-23T22:09:25","slug":"niederbaeumer-11-2018fr","status":"publish","type":"post","link":"https:\/\/dievolkswirtschaft.ch\/fr\/2018\/10\/niederbaeumer-11-2018fr\/","title":{"rendered":"Climat&nbsp;: les assureurs au front"},"content":{"rendered":"<p>Une politique climatique ambitieuse est devenue in\u00e9vitable face aux menaces que le changement climatique fait peser sur la soci\u00e9t\u00e9 et l\u2019\u00e9conomie mondiale. Les compagnies d\u2019assurances ont int\u00e9r\u00eat \u00e0 contenir les atteintes potentielles \u00e0 l\u2019environnement, notamment pour des raisons de responsabilit\u00e9 sociale.&#13;<br \/>\n&#13;<br \/>\nAfin d\u2019inciter l\u2019\u00e9conomie \u00e0 respecter le climat, les compagnies d\u2019assurances peuvent poursuivre une politique de placement durable, tant en Suisse qu\u2019\u00e0 l\u2019\u00e9tranger. Des \u00e9tudes ont r\u00e9v\u00e9l\u00e9 que les rendements obtenus sont comparables, voire meilleurs que ceux des placements classiques. De nombreuses compagnies ont d\u00e9j\u00e0 commenc\u00e9 \u00e0 modifier la composition de leur portefeuille dans ce sens. L\u2019assainissement \u00e9nerg\u00e9tique des b\u00e2timents dont elles sont propri\u00e9taires constitue une autre contribution \u00e0 la r\u00e9duction des \u00e9missions de CO<sub>2<\/sub>.&#13;<br \/>\n&#13;<br \/>\nS\u2019agissant de la souscription des risques, les compagnies doivent cependant s\u2019interroger davantage sur les risques qu\u2019elles veulent assurer. Sortir des industries \u00e0 risque qui malm\u00e8nent le climat ne doit plus \u00eatre un tabou. Quelques soci\u00e9t\u00e9s refusent d\u2019ailleurs d\u00e9j\u00e0 d\u2019assurer les entreprises qui tirent plus de la moiti\u00e9 de leurs revenus du charbon.&#13;<\/p>\n<h2>Augmentation des fortes pr\u00e9cipitations<\/h2>\n<p>&#13;<br \/>\nM\u00eame si l\u2019on r\u00e9ussit \u00e0 r\u00e9duire sensiblement les \u00e9missions de CO<sub>2<\/sub>, il ne sera pas possible d\u2019\u00e9viter les cons\u00e9quences du changement climatique. Les \u00e9v\u00e9nements extr\u00eames, tels que les pr\u00e9cipitations de forte intensit\u00e9, devraient par exemple se multiplier \u00e0 l\u2019avenir. La question de l\u2019adaptation au changement climatique se posera alors in\u00e9luctablement.&#13;<br \/>\n&#13;<br \/>\nLes compagnies d\u2019assurances assument une fonction importante en mati\u00e8re de pr\u00e9vention des dangers naturels. Les projets qu\u2019elles poursuivent ou soutiennent \u00e0 ce titre ont pour but de r\u00e9duire les dommages et de sensibiliser la population au th\u00e8me des dangers naturels. Pour cela, elles collaborent avec les services comp\u00e9tents de la Conf\u00e9d\u00e9ration et des cantons. Avec succ\u00e8s, comme en t\u00e9moigne la \u00ab\u00a0Carte de l\u2019al\u00e9a ruissellement\u00a0\u00bb qui a \u00e9t\u00e9 publi\u00e9e et pr\u00e9sent\u00e9e au public r\u00e9cemment. Les inondations peuvent \u00eatre provoqu\u00e9es non seulement par des rivi\u00e8res, des fleuves ou des lacs qui d\u00e9bordent, mais aussi par le ruissellement. Ce dernier provient des eaux pluviales qui, en cas de fortes pr\u00e9cipitations, s\u2019\u00e9coulent en surface au lieu de s\u2019infiltrer dans le sol. La carte nationale met en \u00e9vidence les zones expos\u00e9es en indiquant le niveau possible de submersion. Elle aide les architectes, les ma\u00eetres d\u2019ouvrage, les autorit\u00e9s et les secours \u00e0 planifier des mesures de protection. Elle peut \u00eatre consult\u00e9e en libre acc\u00e8s par tous les milieux int\u00e9ress\u00e9s \u00e0 l\u2019adresse <a href=\"https:\/\/www.protection-dangers-naturels.ch\/eau.html\">protection-dangers-naturels.ch<\/a>.&#13;<br \/>\n&#13;<br \/>\nLes compagnies d\u2019assurances prennent au s\u00e9rieux les dangers dus au changement climatique et ont commenc\u00e9 \u00e0 adapter leur politique commerciale. Il est important que toute la branche agisse rapidement pour avoir l&#8217;impact n\u00e9cessaire.<\/p>","protected":false},"excerpt":{"rendered":"<p>Une politique climatique ambitieuse est devenue in\u00e9vitable face aux menaces que le changement climatique fait peser sur la soci\u00e9t\u00e9 et l\u2019\u00e9conomie mondiale. Les compagnies d\u2019assurances ont int\u00e9r\u00eat \u00e0 contenir les atteintes potentielles \u00e0 l\u2019environnement, notamment pour des raisons de responsabilit\u00e9 sociale.&#13; &#13; Afin d\u2019inciter l\u2019\u00e9conomie \u00e0 respecter le climat, les compagnies d\u2019assurances peuvent poursuivre une [&hellip;]<\/p>","protected":false},"author":4741,"featured_media":170985,"comment_status":"closed","ping_status":"closed","sticky":false,"template":"","format":"standard","meta":{"_acf_changed":false,"om_disable_all_campaigns":false,"ep_exclude_from_search":false,"footnotes":""},"post__type":[81,80],"post_opinion":[86],"post_serie":[],"post_content_category":[229,108],"post_content_subject":[231],"acf":{"seco_author":4741,"seco_co_author":"","author_override":"","seco_author_post_ocupation_year":"","seco_author_post_occupation_de":"Dr. sc. nat. ETH, Leiter Bereich Schaden- und R\u00fcckversicherung beim Schweizerischen Versicherungsverband (SVV), Z\u00fcrich","seco_author_post_occupation_fr":"Chef du D\u00e9partement des sinistres et de la r\u00e9assurance aupr\u00e8s de l\u2019Association suisse d\u2019assurances (ASA), Zurich","seco_co_authors_post_ocupation":null,"short_title":"Climat : les assureurs au front","post_lead":"R\u00e9duction des \u00e9missions de CO<sub>2<\/sub>, pr\u00e9vention des dangers naturels : les compagnies d\u2019assurances font leur part pour prot\u00e9ger le climat.","post_hero_image_description":"","post_hero_image_description_copyright_de":"","post_hero_image_description_copyright_fr":"","post_references_literature":"","post_kasten":null,"post_notes_for_print":"","first_teaser_header_de":"","first_teaser_header_fr":"","first_teaser_text_de":"","first_teaser_text_fr":"","second_teaser_header_de":"","second_teaser_header_fr":"","second_teaser_text_de":"","second_teaser_text_fr":"","kseason_de":"","kseason_fr":"","post_in_pdf":136515,"main_focus":[156198,156947],"serie_email":null,"frontpage_slider_bild":"","artikel_bild-slider":null,"legacy_id":"81146","post_abstract":"","magazine_issue":"20181101","seco_author_reccomended_post":"","redaktoren":null,"korrektor":4139,"planned_publication_date":"2018-10-24 08:00:34","original_files":null,"external_release_for_author":"20180930","external_release_for_author_time":"23:30:00","link_for_external_authors":"https:\/\/dievolkswirtschaft.ch\/exedit\/5b9b5ba3c30e2"},"_links":{"self":[{"href":"https:\/\/dievolkswirtschaft.ch\/fr\/wp-json\/wp\/v2\/posts\/136512"}],"collection":[{"href":"https:\/\/dievolkswirtschaft.ch\/fr\/wp-json\/wp\/v2\/posts"}],"about":[{"href":"https:\/\/dievolkswirtschaft.ch\/fr\/wp-json\/wp\/v2\/types\/post"}],"author":[{"embeddable":true,"href":"https:\/\/dievolkswirtschaft.ch\/fr\/wp-json\/wp\/v2\/users\/4741"}],"replies":[{"embeddable":true,"href":"https:\/\/dievolkswirtschaft.ch\/fr\/wp-json\/wp\/v2\/comments?post=136512"}],"version-history":[{"count":1,"href":"https:\/\/dievolkswirtschaft.ch\/fr\/wp-json\/wp\/v2\/posts\/136512\/revisions"}],"predecessor-version":[{"id":187976,"href":"https:\/\/dievolkswirtschaft.ch\/fr\/wp-json\/wp\/v2\/posts\/136512\/revisions\/187976"}],"acf:user":[{"embeddable":true,"href":"https:\/\/dievolkswirtschaft.ch\/fr\/wp-json\/wp\/v2\/users\/4139"},{"embeddable":true,"href":"https:\/\/dievolkswirtschaft.ch\/fr\/wp-json\/wp\/v2\/users\/4741"}],"acf:post":[{"embeddable":true,"href":"https:\/\/dievolkswirtschaft.ch\/fr\/wp-json\/wp\/v2\/main_focus_post\/156947"},{"embeddable":true,"href":"https:\/\/dievolkswirtschaft.ch\/fr\/wp-json\/wp\/v2\/main_focus_post\/156198"}],"wp:featuredmedia":[{"embeddable":true,"href":"https:\/\/dievolkswirtschaft.ch\/fr\/wp-json\/wp\/v2\/media\/170985"}],"wp:attachment":[{"href":"https:\/\/dievolkswirtschaft.ch\/fr\/wp-json\/wp\/v2\/media?parent=136512"}],"wp:term":[{"taxonomy":"post__type","embeddable":true,"href":"https:\/\/dievolkswirtschaft.ch\/fr\/wp-json\/wp\/v2\/post__type?post=136512"},{"taxonomy":"post_opinion","embeddable":true,"href":"https:\/\/dievolkswirtschaft.ch\/fr\/wp-json\/wp\/v2\/post_opinion?post=136512"},{"taxonomy":"post_serie","embeddable":true,"href":"https:\/\/dievolkswirtschaft.ch\/fr\/wp-json\/wp\/v2\/post_serie?post=136512"},{"taxonomy":"post_content_category","embeddable":true,"href":"https:\/\/dievolkswirtschaft.ch\/fr\/wp-json\/wp\/v2\/post_content_category?post=136512"},{"taxonomy":"post_content_subject","embeddable":true,"href":"https:\/\/dievolkswirtschaft.ch\/fr\/wp-json\/wp\/v2\/post_content_subject?post=136512"}],"curies":[{"name":"wp","href":"https:\/\/api.w.org\/{rel}","templated":true}]}}