{"id":139379,"date":"2017-09-25T10:30:01","date_gmt":"2017-09-25T10:30:01","guid":{"rendered":"https:\/\/dievolkswirtschaft.ch\/2017\/09\/infografik-10-2017fr\/"},"modified":"2023-08-24T00:15:07","modified_gmt":"2023-08-23T22:15:07","slug":"infografik-10-2017fr","status":"publish","type":"post","link":"https:\/\/dievolkswirtschaft.ch\/fr\/2017\/09\/infografik-10-2017fr\/","title":{"rendered":"L\u2019exc\u00e9dent commercial revient \u00e0 trois cat\u00e9gories  de marchandises"},"content":{"rendered":"<p><a href=\"http:\/\/dievolkswirtschaft.ch\/content\/uploads\/2017\/09\/Infografik_10-2017_FR.pdf\"><img fetchpriority=\"high\" decoding=\"async\" class=\"alignnone wp-image-72945 size-large\" src=\"http:\/\/dievolkswirtschaft.ch\/content\/uploads\/2017\/09\/Infografik_10-2017_FR-920x1170.png\" alt=\"\" width=\"920\" height=\"1170\" \/><\/a><\/p>","protected":false},"excerpt":{"rendered":"","protected":false},"author":4197,"featured_media":24836,"comment_status":"closed","ping_status":"closed","sticky":false,"template":"","format":"standard","meta":{"_acf_changed":false,"om_disable_all_campaigns":false,"ep_exclude_from_search":false,"footnotes":""},"post__type":[82],"post_opinion":[],"post_serie":[223],"post_content_category":[],"post_content_subject":[],"acf":{"seco_author":4197,"seco_co_author":null,"author_override":"","seco_author_post_ocupation_year":"","seco_author_post_occupation_de":"","seco_author_post_occupation_fr":"","seco_co_authors_post_ocupation":null,"short_title":"","post_lead":"La balance commerciale suisse des marchandises a pratiquement toujours enregistr\u00e9 un exc\u00e9dent depuis 1993. Celui-ci est m\u00eame le double de celui produit par la balance des services. L\u2019ann\u00e9e derni\u00e8re, il a atteint le chiffre record de 36,9 milliards de francs. Il faut, toutefois, noter que seules trois cat\u00e9gories de marchandises sur douze ont contribu\u00e9 \u00e0 cet exc\u00e9dent. La Suisse exporte en effet plus qu\u2019elle n\u2019importe dans l\u2019industrie chimique et pharmaceutique, dans les instruments de pr\u00e9cision et l\u2019horlogerie, ainsi que dans les machines et l\u2019\u00e9lectronique.","post_hero_image_description":"","post_hero_image_description_copyright_de":"","post_hero_image_description_copyright_fr":"","post_references_literature":"","post_kasten":null,"post_notes_for_print":"","first_teaser_header_de":"","first_teaser_header_fr":"","first_teaser_text_de":"","first_teaser_text_fr":"","second_teaser_header_de":"","second_teaser_header_fr":"","second_teaser_text_de":"","second_teaser_text_fr":"","kseason_de":"","kseason_fr":"","post_in_pdf":139382,"main_focus":null,"serie_email":null,"frontpage_slider_bild":"","artikel_bild-slider":null,"legacy_id":"71827","post_abstract":"","magazine_issue":"10\/2017","seco_author_reccomended_post":null,"redaktoren":[3988,0],"korrektor":4139,"planned_publication_date":"20170926","original_files":null,"external_release_for_author":"19700101","external_release_for_author_time":"00:00:00","link_for_external_authors":"https:\/\/dievolkswirtschaft.ch\/exedit\/597b041acfecf"},"_links":{"self":[{"href":"https:\/\/dievolkswirtschaft.ch\/fr\/wp-json\/wp\/v2\/posts\/139379"}],"collection":[{"href":"https:\/\/dievolkswirtschaft.ch\/fr\/wp-json\/wp\/v2\/posts"}],"about":[{"href":"https:\/\/dievolkswirtschaft.ch\/fr\/wp-json\/wp\/v2\/types\/post"}],"author":[{"embeddable":true,"href":"https:\/\/dievolkswirtschaft.ch\/fr\/wp-json\/wp\/v2\/users\/4197"}],"replies":[{"embeddable":true,"href":"https:\/\/dievolkswirtschaft.ch\/fr\/wp-json\/wp\/v2\/comments?post=139379"}],"version-history":[{"count":1,"href":"https:\/\/dievolkswirtschaft.ch\/fr\/wp-json\/wp\/v2\/posts\/139379\/revisions"}],"predecessor-version":[{"id":188168,"href":"https:\/\/dievolkswirtschaft.ch\/fr\/wp-json\/wp\/v2\/posts\/139379\/revisions\/188168"}],"acf:user":[{"embeddable":true,"href":"https:\/\/dievolkswirtschaft.ch\/fr\/wp-json\/wp\/v2\/users\/4139"},{"embeddable":true,"href":"https:\/\/dievolkswirtschaft.ch\/fr\/wp-json\/wp\/v2\/users\/0"},{"embeddable":true,"href":"https:\/\/dievolkswirtschaft.ch\/fr\/wp-json\/wp\/v2\/users\/3988"},{"embeddable":true,"href":"https:\/\/dievolkswirtschaft.ch\/fr\/wp-json\/wp\/v2\/users\/4197"}],"wp:featuredmedia":[{"embeddable":true,"href":"https:\/\/dievolkswirtschaft.ch\/fr\/wp-json\/wp\/v2\/media\/24836"}],"wp:attachment":[{"href":"https:\/\/dievolkswirtschaft.ch\/fr\/wp-json\/wp\/v2\/media?parent=139379"}],"wp:term":[{"taxonomy":"post__type","embeddable":true,"href":"https:\/\/dievolkswirtschaft.ch\/fr\/wp-json\/wp\/v2\/post__type?post=139379"},{"taxonomy":"post_opinion","embeddable":true,"href":"https:\/\/dievolkswirtschaft.ch\/fr\/wp-json\/wp\/v2\/post_opinion?post=139379"},{"taxonomy":"post_serie","embeddable":true,"href":"https:\/\/dievolkswirtschaft.ch\/fr\/wp-json\/wp\/v2\/post_serie?post=139379"},{"taxonomy":"post_content_category","embeddable":true,"href":"https:\/\/dievolkswirtschaft.ch\/fr\/wp-json\/wp\/v2\/post_content_category?post=139379"},{"taxonomy":"post_content_subject","embeddable":true,"href":"https:\/\/dievolkswirtschaft.ch\/fr\/wp-json\/wp\/v2\/post_content_subject?post=139379"}],"curies":[{"name":"wp","href":"https:\/\/api.w.org\/{rel}","templated":true}]}}