{"id":152444,"date":"2009-10-01T12:00:00","date_gmt":"2009-10-01T12:00:00","guid":{"rendered":"https:\/\/dievolkswirtschaft.ch\/2009\/10\/kueng-4\/"},"modified":"2023-08-24T01:02:09","modified_gmt":"2023-08-23T23:02:09","slug":"kueng-4","status":"publish","type":"post","link":"https:\/\/dievolkswirtschaft.ch\/fr\/2009\/10\/kueng-4\/","title":{"rendered":"Les accords de libre-\u00e9change sont bons pour les exportations suisses"},"content":{"rendered":"<p>Dans le cadre du programme de stabilisation d\u00e9cid\u00e9 par le Conseil f\u00e9d\u00e9ral pour soutenir les exportateurs, l&#8217;Osec a pris des mesures pour encourager les petites et moyennes entreprises (PME) suisses \u00e0 d\u00e9velopper leurs activit\u00e9s \u00e0 l&#8217;\u00e9tranger. Il lui appartient \u00e9galement de mettre en \u00e9vidence les chance qui s&#8217;offrent \u00e0 ces derni\u00e8res dans les pays avec lesquels la Suisse a conclu ou est en passe de signer un accord de libre-\u00e9change (ALE), en raison du surcro\u00eet de potentiel que ceux-ci suscitent pour nos exportations Pour plus d&#8217;informations sur la question: <a href=\"http:\/\/www.osec.ch\/stabilisation_fr\">www.osec.ch\/stabilisation_fr<\/a> ..&#13;<br \/>\n&#13;<br \/>\nLa Suisse a mis en place, par l&#8217;interm\u00e9diaire de l&#8217;AELE, des accords de libre-\u00e9change avec 19 \u00c9tats. Selon le Secr\u00e9tariat d&#8217;\u00c9tat \u00e0 l&#8217;\u00e9conomie (Seco), les entreprises suisses ont pu ainsi \u00e9conomiser 420 millions de francs en taxes douani\u00e8res (2008). Si l&#8217;on consid\u00e8re le nombre de PME suisses pr\u00e9sentes \u00e0 l&#8217;\u00e9tranger, on constate que notre pays est fortement tourn\u00e9 vers l&#8217;ext\u00e9rieur, compar\u00e9 \u00e0 d&#8217;autres, et que sa prosp\u00e9rit\u00e9 d\u00e9pend en grande partie de ses exportations. Il est donc essentiel que la Suisse ne soit pas d\u00e9favoris\u00e9e par rapport \u00e0 ses concurrents \u00e0 l&#8217;entr\u00e9e sur les march\u00e9s. C&#8217;est la raison pour laquelle la signature d&#8217;accords de libre-\u00e9change est d&#8217;une importance capitale.&#13;<\/p>\n<h2>Ils ne profitent pas qu&#8217;aux exportateurs<\/h2>\n<p>&#13;<br \/>\nIl faut savoir que les accords de libre-\u00e9change ne r\u00e8glent pas que les \u00e9changes de marchandises: ils r\u00e9gissent aussi certains points relevant du commerce des services et des investissements. C&#8217;est particuli\u00e8rement important pour la Suisse, qui est tr\u00e8s active dans le secteur tertiaire. S&#8217;ajoute \u00e0 cela le fait que ces accords ne profitent pas qu&#8217;aux entreprises exportatrices mais aussi aux consommateurs, qui b\u00e9n\u00e9ficient par ce biais de produits meilleur march\u00e9 et d&#8217;un choix plus large. Les fabricants suisses aussi en profitent, car ils peuvent payer leurs produits interm\u00e9diaires moins chers et obtenir un meilleur acc\u00e8s aux mati\u00e8res premi\u00e8res dont la Suisse est priv\u00e9e.\u00a0La Suisse, ou dans certains cas l&#8217;AELE, vient de conclure ou est en passe de signer de nouveaux accords, notamment avec le Japon, le Canada et les \u00c9tats du Golfe. Le Japon et le Canada, au regard de leur importance internationale, ainsi que les \u00c9tats du golfe, un march\u00e9 en forte croissance, pr\u00e9sentent des potentiels dont les exportateurs suisses devraient davantage profiter. Des accords sont \u00e9galement pass\u00e9s avec l&#8217;\u00c9gypte, la Colombie, le Chili, la Cor\u00e9e du Sud et l&#8217;Afrique du Sud. Le cercle de ces pays s&#8217;\u00e9largit r\u00e9guli\u00e8rement et inclura bient\u00f4t le P\u00e9rou. Les entreprises suisses profiteront avec ces \u00c9tats d&#8217;all\u00e9gements douaniers, dans le domaine des produits agricoles, des biens industriels, des investissements, de la propri\u00e9t\u00e9 intellectuelle et des march\u00e9s publics.&#13;<\/p>\n<h2>L&#8217;Osec montre aux entreprises comment profiter des accords de libre-\u00e9change<\/h2>\n<p>&#13;<br \/>\nPour faciliter la p\u00e9n\u00e9tration suisse dans les pays signataires de ces accords, l&#8217;Osec &#8211; le promoteur officiel des activit\u00e9s \u00e9conomiques ext\u00e9rieures &#8211; prend des mesures depuis ce printemps pour fournir un appui aux entreprises d&#8217;exportation. Il s&#8217;agit notamment de prestations destin\u00e9es \u00e0 les aider \u00e0 d\u00e9marrer des activit\u00e9s dans les pays avec lesquels des accord de libre-\u00e9change ont \u00e9t\u00e9 sign\u00e9s. Dans un premier temps, une mission \u00e9conomique part en reconnaissance dans le pays, puis l&#8217;Osec r\u00e9alise des \u00e9tudes de march\u00e9 dans les secteurs \u00e0 haut potentiel commercial. Enfin, il fait conna\u00eetre les r\u00e9sultats aux PME suisses. Dans ce but, l&#8217;Osec propose des services de conseil et met sur pied des s\u00e9ances d&#8217;information. Il en a ainsi organis\u00e9 une derni\u00e8rement sur le Japon qui a permis de pr\u00e9senter aux participants avec grand succ\u00e8s les opportunit\u00e9s commerciales qu&#8217;autorise le nouvel accord de libre-\u00e9change. En octobre, l&#8217;Osec mettra sur pied six s\u00e9ances d&#8217;information en Suisse sur les possibilit\u00e9s d&#8217;affaires au Canada.&#13;<\/p>\n<h2>Ouvrir de nouveaux d\u00e9bouch\u00e9s lors des p\u00e9riodes \u00e9conomiques difficiles<\/h2>\n<p>&#13;<br \/>\nC&#8217;est justement en p\u00e9riode de crise qu&#8217;il faut informer les PME des niches, tendances et opportunit\u00e9s qui s&#8217;offrent \u00e0 elles. Les pays avec lesquels la Suisse signe des accord de libre-\u00e9change entrent tout particuli\u00e8rement dans ce cadre.<\/p>","protected":false},"excerpt":{"rendered":"<p>Dans le cadre du programme de stabilisation d\u00e9cid\u00e9 par le Conseil f\u00e9d\u00e9ral pour soutenir les exportateurs, l&#8217;Osec a pris des mesures pour encourager les petites et moyennes entreprises (PME) suisses \u00e0 d\u00e9velopper leurs activit\u00e9s \u00e0 l&#8217;\u00e9tranger. Il lui appartient \u00e9galement de mettre en \u00e9vidence les chance qui s&#8217;offrent \u00e0 ces derni\u00e8res dans les pays avec [&hellip;]<\/p>","protected":false},"author":3345,"featured_media":0,"comment_status":"open","ping_status":"closed","sticky":false,"template":"","format":"standard","meta":{"_acf_changed":false,"om_disable_all_campaigns":false,"ep_exclude_from_search":false,"footnotes":""},"post__type":[83],"post_opinion":[],"post_serie":[],"post_content_category":[106],"post_content_subject":[],"acf":{"seco_author":3345,"seco_co_author":null,"author_override":"","seco_author_post_ocupation_year":"","seco_author_post_occupation_de":"CEO Business Network Switzerland (Osec), Z\u00fcrich","seco_author_post_occupation_fr":"CEO de Business Network Switzerland (Osec), Zurich","seco_co_authors_post_ocupation":null,"short_title":"","post_lead":"","post_hero_image_description":"","post_hero_image_description_copyright_de":"","post_hero_image_description_copyright_fr":"","post_references_literature":"","post_kasten":null,"post_notes_for_print":"","first_teaser_header_de":"","first_teaser_header_fr":"","first_teaser_text_de":"","first_teaser_text_fr":"","second_teaser_header_de":"","second_teaser_header_fr":"","second_teaser_text_de":"","second_teaser_text_fr":"","kseason_de":"","kseason_fr":"","post_in_pdf":152447,"main_focus":null,"serie_email":null,"frontpage_slider_bild":"","artikel_bild-slider":null,"legacy_id":"8118","post_abstract":"","magazine_issue":null,"seco_author_reccomended_post":null,"redaktoren":null,"korrektor":null,"planned_publication_date":null,"original_files":null,"external_release_for_author":"19700101","external_release_for_author_time":"00:00:00","link_for_external_authors":"https:\/\/dievolkswirtschaft.ch\/exedit\/55a61b7885a06"},"_links":{"self":[{"href":"https:\/\/dievolkswirtschaft.ch\/fr\/wp-json\/wp\/v2\/posts\/152444"}],"collection":[{"href":"https:\/\/dievolkswirtschaft.ch\/fr\/wp-json\/wp\/v2\/posts"}],"about":[{"href":"https:\/\/dievolkswirtschaft.ch\/fr\/wp-json\/wp\/v2\/types\/post"}],"author":[{"embeddable":true,"href":"https:\/\/dievolkswirtschaft.ch\/fr\/wp-json\/wp\/v2\/users\/3345"}],"replies":[{"embeddable":true,"href":"https:\/\/dievolkswirtschaft.ch\/fr\/wp-json\/wp\/v2\/comments?post=152444"}],"version-history":[{"count":1,"href":"https:\/\/dievolkswirtschaft.ch\/fr\/wp-json\/wp\/v2\/posts\/152444\/revisions"}],"predecessor-version":[{"id":189638,"href":"https:\/\/dievolkswirtschaft.ch\/fr\/wp-json\/wp\/v2\/posts\/152444\/revisions\/189638"}],"acf:user":[{"embeddable":true,"href":"https:\/\/dievolkswirtschaft.ch\/fr\/wp-json\/wp\/v2\/users\/3345"}],"wp:attachment":[{"href":"https:\/\/dievolkswirtschaft.ch\/fr\/wp-json\/wp\/v2\/media?parent=152444"}],"wp:term":[{"taxonomy":"post__type","embeddable":true,"href":"https:\/\/dievolkswirtschaft.ch\/fr\/wp-json\/wp\/v2\/post__type?post=152444"},{"taxonomy":"post_opinion","embeddable":true,"href":"https:\/\/dievolkswirtschaft.ch\/fr\/wp-json\/wp\/v2\/post_opinion?post=152444"},{"taxonomy":"post_serie","embeddable":true,"href":"https:\/\/dievolkswirtschaft.ch\/fr\/wp-json\/wp\/v2\/post_serie?post=152444"},{"taxonomy":"post_content_category","embeddable":true,"href":"https:\/\/dievolkswirtschaft.ch\/fr\/wp-json\/wp\/v2\/post_content_category?post=152444"},{"taxonomy":"post_content_subject","embeddable":true,"href":"https:\/\/dievolkswirtschaft.ch\/fr\/wp-json\/wp\/v2\/post_content_subject?post=152444"}],"curies":[{"name":"wp","href":"https:\/\/api.w.org\/{rel}","templated":true}]}}