{"id":152970,"date":"2009-03-01T09:21:52","date_gmt":"2009-03-01T09:21:52","guid":{"rendered":"https:\/\/dievolkswirtschaft.ch\/2009\/03\/bedeutung-statistischer-grundlagen-fuer-die-tourismuspolitik\/"},"modified":"2023-08-24T01:06:41","modified_gmt":"2023-08-23T23:06:41","slug":"bedeutung-statistischer-grundlagen-fuer-die-tourismuspolitik","status":"publish","type":"post","link":"https:\/\/dievolkswirtschaft.ch\/fr\/2009\/03\/bedeutung-statistischer-grundlagen-fuer-die-tourismuspolitik\/","title":{"rendered":"Bedeutung statistischer Grundlagen f\u00fcr die Tourismuspolitik"},"content":{"rendered":"<div><\/div>\n<p>&#13;<\/p>\n<div class=\"titleSection\"><\/div>\n<p>&#13;<\/p>\n<div class=\"body\">&#13;<\/p>\n<div class=\"LD\"><\/div>\n<p>&#13;<\/p>\n<h2 class=\"ZT\">Erfolgreicher Kampf um die Tourismusstatistik<\/h2>\n<p>&#13;<\/p>\n<p class=\"P\">In der Tourismusstatistik liegen herausfordernde Jahre hinter uns. Als Folge der zwei Sanierungsprogramme des Bundes musste auch bei der Tourismusstatistik rigoros gespart werden. Im Rahmen der Sanierungsprogramme wurde im Jahr 2003 beschlossen, die Tourismusstatistik nicht mehr weiterzuf\u00fchren. Das Jahr 2004 kennzeichnete den absoluten Tiefpunkt, sozusagen das Jahr des Groundings der Tourismusstatistik. Die Sparbem\u00fchungen hatten dazu gef\u00fchrt, dass keine \u00dcbernachtungsstatistik mehr erstellt und ver\u00f6ffentlicht werden konnte. Statt Zahlen stehen heute in den nationalen und internationalen Statistiken schwarze Punkte f\u00fcr das Jahr 2004.Die Interventionen der Parlamentarischen Gruppe f\u00fcr Tourismus und Verkehr beim zust\u00e4ndigen Bundesrat brachten immerhin einen Kompromiss. Unter der F\u00fchrung des Schweizerischen Tourismusverbandes \u00fcbernahm die Tourismuswirtschaft mehr finanzielle Verantwortung f\u00fcr einen Neuanfang auf einem bescheideneren Niveau. In dieser Zeit war es wichtig, dass mit Innotour ein flexibles F\u00f6rderinstrument zur Verf\u00fcgung stand, welches die Weiterf\u00fchrung der Beherbergungsstatistik finanziell unterst\u00fctzen konnte. In der Tourismusstatistik wurde und wird das Instrument des Public Private Partnership erfolgreich angewendet.Die gesetzlichen Grundlagen der Tourismusstatistik sind bescheiden. Eine Orientierung an den Mindeststandards von Eurostat gen\u00fcgt f\u00fcr das Tourismusland Schweiz auf die Dauer nicht. Wir werden deshalb Anstrengungen unternehmen, im n\u00e4chsten Tourismusprogramm des Bundesrates f\u00fcr die Jahre 2012 bis 2015 wieder finanzielle Mittel zur Modernisierung und Weiterentwicklung der statistischen Grundlagen der Bundespolitik vorzusehen.<\/p>\n<p>&#13;<br \/>\n&#13;<\/p>\n<h2 class=\"ZT\">Das Drei-Ebenen-Konzept der Tourismusstatistik<\/h2>\n<p>&#13;<\/p>\n<p class=\"P\">Die statistischen Grundlagen des Bundes decken nun die drei Ebenen Branche, Destination und Volkswirtschaft ab. Sie bilden zusammen ein integriertes Gesamtkonzept der Tourismusstatistik. In der Tabelle 1 haben wir die Funktionen dieser Statistiken stichwortartig dargestellt. Das Satellitenkonto Tourismus schliesst als volkswirtschaftliche Statistik den gesamten Tourismus ein und stellt diesen Wirtschaftsbereich im Vergleich zur Gesamtwirtschaft dar. Die Beherbergungsstatistik ist eine Branchenstatistik, welche R\u00fcckschl\u00fcsse auf die wirtschaftliche Lage der Beherbergungswirtschaft erlaubt. Die Destinationsstatistik, die unter dem Namen Benchmarking-Report publiziert wird, erlaubt schliesslich einen Blick auf die Destinationen. Sie erfasst die Performance der Fremdenverkehrsorte und erm\u00f6glicht nationale und internationale Vergleiche.Mit ihren drei S\u00e4ulen verf\u00fcgt die Tourismuspolitik des Bundes \u2013 erg\u00e4nzt um weitere Statistiken von touristischen Verb\u00e4nden und Organisationen \u2013 \u00fcber die notwendigen statistischen Grundlagen, um eine erfolgreiche und sachgerechte Tourismuspolitik zu formulieren und zu vollziehen.<\/p>\n<p>&#13;<br \/>\n<span class=\"AU\"> Richard K\u00e4mpf <\/span>&#13;<\/p>\n<p class=\"P\">Leiter Ressort Tourismus, SECO<\/p>\n<p>&#13;<br \/>\n<span class=\"AU\"> Dr. Karl Koch <\/span>&#13;<\/p>\n<p class=\"P\">Stv. Leiter Ressort Tourismus, SECO<\/p>\n<p>&#13;<br \/>\n&#13;\n<\/p><\/div>","protected":false},"excerpt":{"rendered":"<p>&#13; &#13; &#13; &#13; Erfolgreicher Kampf um die Tourismusstatistik &#13; In der Tourismusstatistik liegen herausfordernde Jahre hinter uns. Als Folge der zwei Sanierungsprogramme des Bundes musste auch bei der Tourismusstatistik rigoros gespart werden. Im Rahmen der Sanierungsprogramme wurde im Jahr 2003 beschlossen, die Tourismusstatistik nicht mehr weiterzuf\u00fchren. Das Jahr 2004 kennzeichnete den absoluten Tiefpunkt, sozusagen [&hellip;]<\/p>","protected":false},"author":3139,"featured_media":0,"comment_status":"closed","ping_status":"closed","sticky":false,"template":"","format":"standard","meta":{"_acf_changed":false,"om_disable_all_campaigns":false,"ep_exclude_from_search":false,"footnotes":""},"post__type":[83],"post_opinion":[],"post_serie":[],"post_content_category":[105],"post_content_subject":[],"acf":{"seco_author":3139,"seco_co_author":[3312,0],"author_override":"","seco_author_post_ocupation_year":"","seco_author_post_occupation_de":"Leiter Tourismuspolitik, Staatssekretariat f\u00fcr Wirtschaft (Seco), Bern","seco_author_post_occupation_fr":"Chef de la politique du tourisme, Secr\u00e9tariat d\u2019\u00c9tat \u00e0 l\u2019\u00e9conomie (Seco), Berne","seco_co_authors_post_ocupation":[{"seco_co_author":3312,"seco_co_author_post_occupation_year":"","seco_co_author_post_occupation_de":"Stv. Leiter Ressort Tourismus, Staatssekretariat f\u00fcr Wirtschaft SECO, Bern","seco_co_author_post_occupation_fr":"Chef suppl\u00e9ant du secteur Tourisme, Secr\u00e9tariat d'\u00c9tat \u00e0 l'\u00e9conomie SECO, Berne"}],"short_title":"","post_lead":"In der Tourismusstatistik liegen herausfordernde Jahre hinter uns. Dank gemeinsamen Anstrengungen von \u00f6ffentlicher Hand und Tourismuswirtschaft konnte die Tourismusstatistik nun gerettet werden. Ein Schwerpunkt des Bundes wird in den n\u00e4chsten Jahren auf der Konsolidierung und dem Ausbau des Satellitenkontos Tourismus liegen. Zudem soll die Datenlage f\u00fcr die Destinationen verbessert werden. Das Staatssekretariat f\u00fcr Wirtschaft (Seco) wird sich aber nicht nur damit begn\u00fcgen, statistische Priorit\u00e4ten zu setzen, sondern sich auch daf\u00fcr einsetzen, die Tourismusstatistik zusammen mit den Partnern mittel- und langfristig finanziell abzusichern.","post_hero_image_description":"","post_hero_image_description_copyright_de":"","post_hero_image_description_copyright_fr":"","post_references_literature":"","post_kasten":null,"post_notes_for_print":"","first_teaser_header_de":"","first_teaser_header_fr":"","first_teaser_text_de":"","first_teaser_text_fr":"","second_teaser_header_de":"","second_teaser_header_fr":"","second_teaser_text_de":"","second_teaser_text_fr":"","kseason_de":"","kseason_fr":"","post_in_pdf":152973,"main_focus":null,"serie_email":null,"frontpage_slider_bild":"","artikel_bild-slider":null,"legacy_id":"31075","post_abstract":"","magazine_issue":"20090301","seco_author_reccomended_post":null,"redaktoren":null,"korrektor":null,"planned_publication_date":null,"original_files":null,"external_release_for_author":"19700101","external_release_for_author_time":"00:00:00","link_for_external_authors":"https:\/\/dievolkswirtschaft.ch\/exedit\/55adf310442eb"},"_links":{"self":[{"href":"https:\/\/dievolkswirtschaft.ch\/fr\/wp-json\/wp\/v2\/posts\/152970"}],"collection":[{"href":"https:\/\/dievolkswirtschaft.ch\/fr\/wp-json\/wp\/v2\/posts"}],"about":[{"href":"https:\/\/dievolkswirtschaft.ch\/fr\/wp-json\/wp\/v2\/types\/post"}],"author":[{"embeddable":true,"href":"https:\/\/dievolkswirtschaft.ch\/fr\/wp-json\/wp\/v2\/users\/3139"}],"replies":[{"embeddable":true,"href":"https:\/\/dievolkswirtschaft.ch\/fr\/wp-json\/wp\/v2\/comments?post=152970"}],"version-history":[{"count":1,"href":"https:\/\/dievolkswirtschaft.ch\/fr\/wp-json\/wp\/v2\/posts\/152970\/revisions"}],"predecessor-version":[{"id":189751,"href":"https:\/\/dievolkswirtschaft.ch\/fr\/wp-json\/wp\/v2\/posts\/152970\/revisions\/189751"}],"acf:user":[{"embeddable":true,"href":"https:\/\/dievolkswirtschaft.ch\/fr\/wp-json\/wp\/v2\/users\/0"},{"embeddable":true,"href":"https:\/\/dievolkswirtschaft.ch\/fr\/wp-json\/wp\/v2\/users\/3312"},{"embeddable":true,"href":"https:\/\/dievolkswirtschaft.ch\/fr\/wp-json\/wp\/v2\/users\/3139"}],"wp:attachment":[{"href":"https:\/\/dievolkswirtschaft.ch\/fr\/wp-json\/wp\/v2\/media?parent=152970"}],"wp:term":[{"taxonomy":"post__type","embeddable":true,"href":"https:\/\/dievolkswirtschaft.ch\/fr\/wp-json\/wp\/v2\/post__type?post=152970"},{"taxonomy":"post_opinion","embeddable":true,"href":"https:\/\/dievolkswirtschaft.ch\/fr\/wp-json\/wp\/v2\/post_opinion?post=152970"},{"taxonomy":"post_serie","embeddable":true,"href":"https:\/\/dievolkswirtschaft.ch\/fr\/wp-json\/wp\/v2\/post_serie?post=152970"},{"taxonomy":"post_content_category","embeddable":true,"href":"https:\/\/dievolkswirtschaft.ch\/fr\/wp-json\/wp\/v2\/post_content_category?post=152970"},{"taxonomy":"post_content_subject","embeddable":true,"href":"https:\/\/dievolkswirtschaft.ch\/fr\/wp-json\/wp\/v2\/post_content_subject?post=152970"}],"curies":[{"name":"wp","href":"https:\/\/api.w.org\/{rel}","templated":true}]}}