{"id":154763,"date":"2007-01-01T12:00:00","date_gmt":"2007-01-01T12:00:00","guid":{"rendered":"https:\/\/dievolkswirtschaft.ch\/2007\/01\/sigerist-4\/"},"modified":"2023-08-24T01:19:49","modified_gmt":"2023-08-23T23:19:49","slug":"sigerist-4","status":"publish","type":"post","link":"https:\/\/dievolkswirtschaft.ch\/fr\/2007\/01\/sigerist-4\/","title":{"rendered":"La formation pour tous: un investissement rentable"},"content":{"rendered":"<p>L&#8217;Union syndicale suisse (USS) demande une augmentation des cr\u00e9dits de 8 \u00e0 10% pour la formation, la recherche et l&#8217;innovation (FRI) pour les ann\u00e9es 2008 \u00e0 2011. La proposition de 4,5% du Conseil f\u00e9d\u00e9ral, formul\u00e9e \u00e0 l&#8217;origine, n&#8217;a pas tenu devant le large front politique qu&#8217;elle a soulev\u00e9. Les 6% d&#8217;augmentation finalement adopt\u00e9s correspondent seulement au statu quo. Aucune r\u00e9forme vot\u00e9e par le Parlement en mati\u00e8re de politique de la formation ne peut \u00eatre financ\u00e9e de la sorte. Toutes les instances en mati\u00e8re de formation et de recherche ont justifi\u00e9 de mani\u00e8re convaincante les besoins en investissements. Les milieux politiques ont tout int\u00e9r\u00eat \u00e0 ne pas traiter ces arguments \u00e0 la l\u00e9g\u00e8re. Les \u00e9tudes comparatives adoptant une perspective historique et les derni\u00e8res th\u00e9ories sur le capital humain le d\u00e9montrent: les investissements dans la formation, l&#8217;enseignement et la recherche sont rentables du point de vue \u00e9conomique et d\u00e9mocratique, tant pour la soci\u00e9t\u00e9 dans son ensemble que pour les utilisateurs et utilisatrices de la formation.&#13;<br \/>\n&#13;<br \/>\nLors des rencontres de B\u00fcrgenstock en 2006, le Pr Stefan Wolter signalait que si toute la population b\u00e9n\u00e9ficiait d&#8217;une ann\u00e9e scolaire (standardis\u00e9e) suppl\u00e9mentaire, des \u00e9tudes empiriques, prenant appui sur la th\u00e9orie de la croissance, pr\u00e9voyaient que le PIB progresserait de 15%. Le salaire individuel n&#8217;augmentant \u00abque\u00bb de 7 \u00e0 9% (moyenne internationale), la diff\u00e9rence se r\u00e9partirait sur l&#8217;ensemble de la soci\u00e9t\u00e9. En effet, les investissements dans la formation poss\u00e8dent une utilit\u00e9 sociale plus grande que le profit individuel. Il ne s&#8217;agit donc pas d&#8217;un puits sans fond, et la recherche de moyens qui permettraient de gagner en efficience ne peut ni ne doit exclure des investissements suppl\u00e9mentaires dans la formation.&#13;<\/p>\n<h2>La complexification du travail suppose un surcro\u00eet de formation<\/h2>\n<p>&#13;<br \/>\nL&#8217;augmentation de la productivit\u00e9 n&#8217;est r\u00e9alisable qu&#8217;\u00e0 travers une complexification du travail, autrement dit en redoublant d&#8217;efforts dans la formation et la recherche. Ce que la Commission europ\u00e9enne et une partie de la recherche en \u00e9ducation appellent depuis quelques ann\u00e9es, par euph\u00e9misme, la \u00absoci\u00e9t\u00e9 du savoir\u00bb masque le fait que ce \u00absavoir\u00bb n&#8217;est pas un facteur de production autonome. Il est li\u00e9 au \u00abtravail intellectuel\u00bb, cr\u00e9ateur de valeur ajout\u00e9e. C&#8217;est la raison pour laquelle il est capital que la Suisse ne mise pas exclusivement sur la promotion de l&#8217;\u00e9lite et de l&#8217;excellence, mais encourage aussi intens\u00e9ment la formation professionnelle et la recherche appliqu\u00e9e. La derni\u00e8re d\u00e9cision de la Conf\u00e9rence des directeurs cantonaux de l&#8217;instruction publique (CDIP) &#8211; faire que 95% des jeunes en fin de scolarit\u00e9 obligatoire obtiennent un dipl\u00f4me du degr\u00e9 secondaire II en 2015 &#8211; est tout aussi importante pour la comp\u00e9titivit\u00e9 de l&#8217;\u00e9conomie et le fonctionnement d\u00e9mocratique de la Suisse. Le perfectionnement de la formation professionnelle sup\u00e9rieure, l&#8217;introduction de dipl\u00f4mes de master dans les hautes \u00e9coles sp\u00e9cialis\u00e9es, le renforcement du corps interm\u00e9diaire \u00e0 l&#8217;universit\u00e9 et dans les hautes \u00e9coles sp\u00e9cialis\u00e9es, l&#8217;am\u00e9lioration de l&#8217;encadrement dans les universit\u00e9s et les \u00e9coles polytechniques f\u00e9d\u00e9rales et le d\u00e9veloppement de la recherche fondamentale \u00e0 travers le Fonds national suisse sont des t\u00e2ches de valeur \u00e9gale. Si les politiciens en restent \u00e0 leur 6% de progression des investissements, les diff\u00e9rents domaines de la formation et de la recherche se lanceront, car ils le devront, dans un lobbying fratricide: la pire des solutions pour l&#8217;\u00e9volution de notre syst\u00e8me de formation et de recherche. Seule ou presque en tirerait profit la bureaucratie charg\u00e9e de la formation, en pleine phase de prolif\u00e9ration galopante, qui devrait contr\u00f4ler les mandats de prestations et les accr\u00e9ditations ou mener des actions de prospection pour trouver des fonds priv\u00e9s.&#13;<\/p>\n<h2>\u00c9galit\u00e9 des chances et des sexes maintenant<\/h2>\n<p>&#13;<br \/>\nDepuis 1993, les bourses ont diminu\u00e9 d&#8217;un quart malgr\u00e9 la progression du nombre d&#8217;\u00e9tudiants. C&#8217;est pour cette raison que le nombre de ceux qui doivent travailler \u00e0 temps partiel pour financer leurs \u00e9tudes augmente. Le caract\u00e8re \u00e9litaire des universit\u00e9s s&#8217;est accentu\u00e9. Certes, les femmes ont rattrap\u00e9 une grande partie de leur retard, avant et pendant les \u00e9tudes. Elles ne repr\u00e9sentent, toutefois, que 22% du personnel scientifique, et seulement 7% des enseignants, une proportion \u00e9galement faible au plan international. Si la progression des investissements \u00e9tait inf\u00e9rieure \u00e0 8%, l&#8217;\u00e9galit\u00e9 des sexes ne pr\u00e9senterait aucun signe d&#8217;am\u00e9lioration ces prochaines ann\u00e9es.&#13;<\/p>\n<h2>Une nouvelle impulsion s&#8217;impose<\/h2>\n<p>&#13;<br \/>\nBien que le nombre de personnes en cours de formation ait augment\u00e9 \u00e0 tous les niveaux, les investissements publics ont stagn\u00e9 durant les ann\u00e9es nonante. Le retard accumul\u00e9 est d&#8217;autant plus important que l&#8217;inversion d\u00e9mographique invoqu\u00e9e par beaucoup est encore loin de se mat\u00e9rialiser aux degr\u00e9s de formation sup\u00e9rieurs (les plus chers) et que les politiciens ont soumis le cr\u00e9dit-cadre du message relatif \u00e0 la FRT 2004-2007 \u00e0 une cure d&#8217;aust\u00e9rit\u00e9, manquant par cons\u00e9quent \u00e0 leur parole. Si cette mani\u00e8re de tirer \u00e0 hue et \u00e0 dia se r\u00e9p\u00e9tait pour le message 2008-2011, cela n&#8217;entra\u00eenerait pas seulement des difficult\u00e9s de planification li\u00e9es \u00e0 l&#8217;ins\u00e9curit\u00e9. L&#8217;USS n&#8217;h\u00e9siterait pas, avec le corps enseignant, les personnes en cours de formation et leurs organisations, les instituts formateurs et les cantons, \u00e0 se rassembler pour combattre une politique f\u00e9d\u00e9rale bas\u00e9e sur l&#8217;abus de confiance.<\/p>","protected":false},"excerpt":{"rendered":"<p>L&#8217;Union syndicale suisse (USS) demande une augmentation des cr\u00e9dits de 8 \u00e0 10% pour la formation, la recherche et l&#8217;innovation (FRI) pour les ann\u00e9es 2008 \u00e0 2011. La proposition de 4,5% du Conseil f\u00e9d\u00e9ral, formul\u00e9e \u00e0 l&#8217;origine, n&#8217;a pas tenu devant le large front politique qu&#8217;elle a soulev\u00e9. Les 6% d&#8217;augmentation finalement adopt\u00e9s correspondent seulement [&hellip;]<\/p>","protected":false},"author":2934,"featured_media":0,"comment_status":"open","ping_status":"closed","sticky":false,"template":"","format":"standard","meta":{"_acf_changed":false,"om_disable_all_campaigns":false,"ep_exclude_from_search":false,"footnotes":""},"post__type":[83],"post_opinion":[],"post_serie":[],"post_content_category":[],"post_content_subject":[123],"acf":{"seco_author":2934,"seco_co_author":null,"author_override":"","seco_author_post_ocupation_year":"","seco_author_post_occupation_de":"Zentralsekret\u00e4r Ressort Bildung, Schweizerischer Gewerkschaftsbund (SGB), Bern","seco_author_post_occupation_fr":"Secr\u00e9taire central en charge de la formation, Union syndicale suisse (USS), Berne","seco_co_authors_post_ocupation":null,"short_title":"","post_lead":"","post_hero_image_description":"","post_hero_image_description_copyright_de":"","post_hero_image_description_copyright_fr":"","post_references_literature":"","post_kasten":null,"post_notes_for_print":"","first_teaser_header_de":"","first_teaser_header_fr":"","first_teaser_text_de":"","first_teaser_text_fr":"","second_teaser_header_de":"","second_teaser_header_fr":"","second_teaser_text_de":"","second_teaser_text_fr":"","kseason_de":"","kseason_fr":"","post_in_pdf":154766,"main_focus":null,"serie_email":null,"frontpage_slider_bild":"","artikel_bild-slider":null,"legacy_id":"9456","post_abstract":"","magazine_issue":null,"seco_author_reccomended_post":null,"redaktoren":null,"korrektor":null,"planned_publication_date":null,"original_files":null,"external_release_for_author":"19700101","external_release_for_author_time":"00:00:00","link_for_external_authors":"https:\/\/dievolkswirtschaft.ch\/exedit\/55d49d3d3e8c6"},"_links":{"self":[{"href":"https:\/\/dievolkswirtschaft.ch\/fr\/wp-json\/wp\/v2\/posts\/154763"}],"collection":[{"href":"https:\/\/dievolkswirtschaft.ch\/fr\/wp-json\/wp\/v2\/posts"}],"about":[{"href":"https:\/\/dievolkswirtschaft.ch\/fr\/wp-json\/wp\/v2\/types\/post"}],"author":[{"embeddable":true,"href":"https:\/\/dievolkswirtschaft.ch\/fr\/wp-json\/wp\/v2\/users\/2934"}],"replies":[{"embeddable":true,"href":"https:\/\/dievolkswirtschaft.ch\/fr\/wp-json\/wp\/v2\/comments?post=154763"}],"version-history":[{"count":1,"href":"https:\/\/dievolkswirtschaft.ch\/fr\/wp-json\/wp\/v2\/posts\/154763\/revisions"}],"predecessor-version":[{"id":190127,"href":"https:\/\/dievolkswirtschaft.ch\/fr\/wp-json\/wp\/v2\/posts\/154763\/revisions\/190127"}],"acf:user":[{"embeddable":true,"href":"https:\/\/dievolkswirtschaft.ch\/fr\/wp-json\/wp\/v2\/users\/2934"}],"wp:attachment":[{"href":"https:\/\/dievolkswirtschaft.ch\/fr\/wp-json\/wp\/v2\/media?parent=154763"}],"wp:term":[{"taxonomy":"post__type","embeddable":true,"href":"https:\/\/dievolkswirtschaft.ch\/fr\/wp-json\/wp\/v2\/post__type?post=154763"},{"taxonomy":"post_opinion","embeddable":true,"href":"https:\/\/dievolkswirtschaft.ch\/fr\/wp-json\/wp\/v2\/post_opinion?post=154763"},{"taxonomy":"post_serie","embeddable":true,"href":"https:\/\/dievolkswirtschaft.ch\/fr\/wp-json\/wp\/v2\/post_serie?post=154763"},{"taxonomy":"post_content_category","embeddable":true,"href":"https:\/\/dievolkswirtschaft.ch\/fr\/wp-json\/wp\/v2\/post_content_category?post=154763"},{"taxonomy":"post_content_subject","embeddable":true,"href":"https:\/\/dievolkswirtschaft.ch\/fr\/wp-json\/wp\/v2\/post_content_subject?post=154763"}],"curies":[{"name":"wp","href":"https:\/\/api.w.org\/{rel}","templated":true}]}}