{"id":155484,"date":"2006-03-01T12:00:00","date_gmt":"2006-03-01T12:00:00","guid":{"rendered":"https:\/\/dievolkswirtschaft.ch\/2006\/03\/stiefel-4\/"},"modified":"2023-08-24T01:24:14","modified_gmt":"2023-08-23T23:24:14","slug":"stiefel-4","status":"publish","type":"post","link":"https:\/\/dievolkswirtschaft.ch\/fr\/2006\/03\/stiefel-4\/","title":{"rendered":"Une occasion \u00e0 saisir pour l&#8217;\u00e9conomie nationale"},"content":{"rendered":"<p>La Suisse a d\u00e9pens\u00e9 l&#8217;ann\u00e9e derni\u00e8re six milliards de francs pour importer des produits \u00e0 base de p\u00e9trole. C&#8217;est trois fois plus qu&#8217;au milieu des ann\u00e9es nonante. Une \u00e9volution qui n&#8217;a rien d&#8217;\u00e9tonnant: \u00e9tant donn\u00e9 le caract\u00e8re limit\u00e9 des r\u00e9serves de p\u00e9trole, le co\u00fbt toujours plus \u00e9lev\u00e9 de son extraction et l&#8217;augmentation persistante de la consommation mondiale, nous sommes condamn\u00e9s \u00e0 voir les prix atteindre de nouveaux sommets. Cet argent qui part \u00e0 l&#8217;\u00e9tranger, nous aurions pu l&#8217;investir en Suisse si les conditions-cadres n\u00e9cessaires avaient enfin \u00e9t\u00e9 mises en place. Pour le bien de la population et notamment de l&#8217;espace \u00e9conomique suisse, des mesures ad\u00e9quates s&#8217;imposent.&#13;<br \/>\n&#13;<br \/>\nNotre d\u00e9pendance \u00e0 l&#8217;\u00e9gard de r\u00e9gions en crise s&#8217;aggravera durant les prochaines d\u00e9cennies. Cela peut nous co\u00fbter tr\u00e8s cher et causer notre perte. Pour pr\u00e9server notre qualit\u00e9 de vie et le bien-\u00eatre des g\u00e9n\u00e9rations suivantes, il faut donc agir et se d\u00e9barrasser de cette d\u00e9pendance. Le remplacement du p\u00e9trole par des \u00e9nergies renouvelables et l&#8217;adoption d&#8217;une politique d&#8217;efficacit\u00e9 \u00e9conomique nous apporterait beaucoup. Du point de vue de la sant\u00e9, la baisse de consommation de p\u00e9trole diminuerait la pr\u00e9sence de particules fines et d&#8217;oxydes d&#8217;azote dans l&#8217;air, ce qui aurait des effets positifs imm\u00e9diats. Quant \u00e0 nos \u00e9missions de CO2, elles nous co\u00fbtent d&#8217;ores et d\u00e9j\u00e0 tr\u00e8s cher: \u00e0 elles seules, les inondations de l&#8217;\u00e9t\u00e9 dernier ont co\u00fbt\u00e9 2,5 milliards de francs \u00e0 la Suisse.&#13;<\/p>\n<h2>Il est possible de r\u00e9duire notre d\u00e9pendance envers le p\u00e9trole<\/h2>\n<p>&#13;<br \/>\nTout concourt \u00e0 d\u00e9montrer que nous devons \u00e0 tout prix r\u00e9duire notre d\u00e9pendance \u00e0 l&#8217;\u00e9gard du p\u00e9trole. Une attitude attentiste nous serait fatale. D&#8217;une part, nous laisserions passer la chance de d\u00e9velopper dans notre pays des technologies nouvelles et, de l&#8217;autre, chaque mauvais choix en mati\u00e8re d&#8217;assainissement ou de construction peut avoir des cons\u00e9quences en se r\u00e9percutant sur le climat pendant une trentaine d&#8217;ann\u00e9es au minimum. Les solutions techniques pour \u00e9conomiser l&#8217;\u00e9nergie tout en pr\u00e9servant notre qualit\u00e9 de vie existent. L&#8217;EPF Zurich a, par exemple, con\u00e7u un projet intitul\u00e9 \u00abSoci\u00e9t\u00e9 \u00e0 2000 watts\u00bb visant \u00e0 r\u00e9duire des deux tiers la consommation d&#8217;\u00e9nergie actuelle. Parall\u00e8lement, des progr\u00e8s importants ont \u00e9t\u00e9 accomplis en mati\u00e8re de rentabilit\u00e9 des \u00e9nergies renouvelables. Des exp\u00e9riences faites en Allemagne, en Autriche et en Espagne d\u00e9montrent que, moyennant une r\u00e9elle volont\u00e9 politique, il est possible de les utiliser pour couvrir une part croissante de nos besoins.&#13;<\/p>\n<h2>Mettre en place la loi sur le CO2 et voter celle sur l&#8217;approvisionnement en \u00e9lectricit\u00e9<\/h2>\n<p>&#13;<br \/>\nCette ann\u00e9e, la Suisse d\u00e9battra de deux dossiers politiques fondamentaux quant \u00e0 notre d\u00e9pendance vis-\u00e0-vis du p\u00e9trole: la mise en oeuvre de la loi sur le CO2 et la loi sur l&#8217;approvisionnement en \u00e9lectricit\u00e9. L&#8217;EPF Zurich estime que la perception de la taxe d&#8217;incitation aurait pu g\u00e9n\u00e9rer des rentr\u00e9es nettes de l&#8217;ordre de quelque 200 millions de francs pour l&#8217;\u00e9conomie nationale. Or, pour une raison absolument incompr\u00e9hensible, la taxe d&#8217;incitation sur les carburants a \u00e9t\u00e9 remplac\u00e9e par un imp\u00f4t priv\u00e9, le \u00abcentime climatique\u00bb, et renvoy\u00e9e aux calendes grecques. L&#8217;application de la loi sur le CO2 sombre ainsi dans la trag\u00e9die.\u00a0Mi-janvier, la taxe d&#8217;incitation applicable aux combustibles a elle aussi donn\u00e9 lieu \u00e0 des controverses au sein de la Commission de l&#8217;environnement du Conseil national, qui l&#8217;a renvoy\u00e9e au Conseil f\u00e9d\u00e9ral. Le Parlement peut encore infirmer cette d\u00e9cision mais il n&#8217;en reste pas moins qu&#8217;une fois encore, l&#8217;entr\u00e9e en vigueur d&#8217;un outil susceptible de promouvoir l&#8217;efficacit\u00e9 \u00e9conomique est renvoy\u00e9e sine die. On pourrait croire que la Commission de l&#8217;environnement a \u00e9t\u00e9 plus sensible aux arguments de la branche p\u00e9troli\u00e8re qu&#8217;\u00e0 ceux de la place \u00e9conomique suisse et de son potentiel d&#8217;innovation pour l&#8217;\u00e9conomie nationale. Une attitude qui ne manquera pas de renforcer notre d\u00e9pendance \u00e0 l&#8217;\u00e9gard du p\u00e9trole.\u00a0La loi sur l&#8217;approvisionnement en \u00e9lectricit\u00e9 et les modifications que celle-ci apporte \u00e0 la loi sur l&#8217;\u00e9nergie repr\u00e9sentent le deuxi\u00e8me moteur de cette nouvelle politique \u00e9nerg\u00e9tique. Dix-sept pays europ\u00e9ens ont d\u00e9j\u00e0 introduit, avec succ\u00e8s, un syst\u00e8me de \u00abr\u00e9tribution \u00e0 l&#8217;injection de courant\u00bb pour les \u00e9nergies renouvelables. Celui-ci r\u00e9duit les co\u00fbts de production de ces sources d&#8217;\u00e9nergie et les rend ainsi plus rentables. \u00c0 la majorit\u00e9 absolue, le Conseil national l&#8217;a approuv\u00e9 lors de sa s\u00e9ance d&#8217;automne 2005. Son adoption constituerait une \u00e9tape d\u00e9cisive permettant enfin d&#8217;exploiter l&#8217;immense potentiel dont dispose notre pays. C&#8217;est notamment une des raisons pour lesquelles l&#8217;Union suisse des paysans et la Soci\u00e9t\u00e9 suisse des entrepreneurs le soutiennent \u00e9galement.<\/p>","protected":false},"excerpt":{"rendered":"<p>La Suisse a d\u00e9pens\u00e9 l&#8217;ann\u00e9e derni\u00e8re six milliards de francs pour importer des produits \u00e0 base de p\u00e9trole. C&#8217;est trois fois plus qu&#8217;au milieu des ann\u00e9es nonante. Une \u00e9volution qui n&#8217;a rien d&#8217;\u00e9tonnant: \u00e9tant donn\u00e9 le caract\u00e8re limit\u00e9 des r\u00e9serves de p\u00e9trole, le co\u00fbt toujours plus \u00e9lev\u00e9 de son extraction et l&#8217;augmentation persistante de la [&hellip;]<\/p>","protected":false},"author":2781,"featured_media":0,"comment_status":"open","ping_status":"closed","sticky":false,"template":"","format":"standard","meta":{"_acf_changed":false,"om_disable_all_campaigns":false,"ep_exclude_from_search":false,"footnotes":""},"post__type":[83],"post_opinion":[],"post_serie":[],"post_content_category":[],"post_content_subject":[],"acf":{"seco_author":2781,"seco_co_author":null,"author_override":"","seco_author_post_ocupation_year":"","seco_author_post_occupation_de":"Leiter Klima und Energie WWF Schweiz, Z\u00fcrich","seco_author_post_occupation_fr":"Responsable du d\u00e9partement Climat et \u00e9nergie, WWF Suisse, Zurich","seco_co_authors_post_ocupation":null,"short_title":"","post_lead":"","post_hero_image_description":"","post_hero_image_description_copyright_de":"","post_hero_image_description_copyright_fr":"","post_references_literature":"","post_kasten":null,"post_notes_for_print":"","first_teaser_header_de":"","first_teaser_header_fr":"","first_teaser_text_de":"","first_teaser_text_fr":"","second_teaser_header_de":"","second_teaser_header_fr":"","second_teaser_text_de":"","second_teaser_text_fr":"","kseason_de":"","kseason_fr":"","post_in_pdf":155487,"main_focus":null,"serie_email":null,"frontpage_slider_bild":"","artikel_bild-slider":null,"legacy_id":"9180","post_abstract":"","magazine_issue":null,"seco_author_reccomended_post":null,"redaktoren":null,"korrektor":null,"planned_publication_date":null,"original_files":null,"external_release_for_author":"19700101","external_release_for_author_time":"00:00:00","link_for_external_authors":"https:\/\/dievolkswirtschaft.ch\/exedit\/55dc132f05a42"},"_links":{"self":[{"href":"https:\/\/dievolkswirtschaft.ch\/fr\/wp-json\/wp\/v2\/posts\/155484"}],"collection":[{"href":"https:\/\/dievolkswirtschaft.ch\/fr\/wp-json\/wp\/v2\/posts"}],"about":[{"href":"https:\/\/dievolkswirtschaft.ch\/fr\/wp-json\/wp\/v2\/types\/post"}],"author":[{"embeddable":true,"href":"https:\/\/dievolkswirtschaft.ch\/fr\/wp-json\/wp\/v2\/users\/2781"}],"replies":[{"embeddable":true,"href":"https:\/\/dievolkswirtschaft.ch\/fr\/wp-json\/wp\/v2\/comments?post=155484"}],"version-history":[{"count":1,"href":"https:\/\/dievolkswirtschaft.ch\/fr\/wp-json\/wp\/v2\/posts\/155484\/revisions"}],"predecessor-version":[{"id":190253,"href":"https:\/\/dievolkswirtschaft.ch\/fr\/wp-json\/wp\/v2\/posts\/155484\/revisions\/190253"}],"acf:user":[{"embeddable":true,"href":"https:\/\/dievolkswirtschaft.ch\/fr\/wp-json\/wp\/v2\/users\/2781"}],"wp:attachment":[{"href":"https:\/\/dievolkswirtschaft.ch\/fr\/wp-json\/wp\/v2\/media?parent=155484"}],"wp:term":[{"taxonomy":"post__type","embeddable":true,"href":"https:\/\/dievolkswirtschaft.ch\/fr\/wp-json\/wp\/v2\/post__type?post=155484"},{"taxonomy":"post_opinion","embeddable":true,"href":"https:\/\/dievolkswirtschaft.ch\/fr\/wp-json\/wp\/v2\/post_opinion?post=155484"},{"taxonomy":"post_serie","embeddable":true,"href":"https:\/\/dievolkswirtschaft.ch\/fr\/wp-json\/wp\/v2\/post_serie?post=155484"},{"taxonomy":"post_content_category","embeddable":true,"href":"https:\/\/dievolkswirtschaft.ch\/fr\/wp-json\/wp\/v2\/post_content_category?post=155484"},{"taxonomy":"post_content_subject","embeddable":true,"href":"https:\/\/dievolkswirtschaft.ch\/fr\/wp-json\/wp\/v2\/post_content_subject?post=155484"}],"curies":[{"name":"wp","href":"https:\/\/api.w.org\/{rel}","templated":true}]}}