{"id":173516,"date":"2022-08-16T12:58:53","date_gmt":"2022-08-16T10:58:53","guid":{"rendered":"https:\/\/dievolkswirtschaft.ch\/?p=173516"},"modified":"2023-08-24T01:31:24","modified_gmt":"2023-08-23T23:31:24","slug":"le-droit-de-la-propriete-intellectuelle-un-droit-economique","status":"publish","type":"post","link":"https:\/\/dievolkswirtschaft.ch\/fr\/2022\/08\/le-droit-de-la-propriete-intellectuelle-un-droit-economique\/","title":{"rendered":"Le droit de la propri\u00e9t\u00e9 intellectuelle, un droit \u00e9conomique"},"content":{"rendered":"<p>Un \u00e9conomiste a-t-il sa place parmi des juristes? Cette question est pertinente lorsqu\u2019on sait que le poste d\u2019\u00e9conomiste en chef existe depuis bient\u00f4t vingt ans \u00e0 l\u2019Institut suisse de la propri\u00e9t\u00e9 intellectuelle (IPI), le service de la Conf\u00e9d\u00e9ration qui centralise toutes les questions relevant de ce domaine. En prot\u00e9geant notamment les brevets et les droits d\u2019auteur, le droit de la propri\u00e9t\u00e9 intellectuelle encourage les champions de l\u2019innovation et de la cr\u00e9ation \u00e0 investir dans la recherche et le d\u00e9veloppement, mais aussi dans leurs propres cr\u00e9ations. Pour simplifier, il les prot\u00e8ge des opportunistes.<\/p>\n<p>Il ne fait aucun doute que le droit de la propri\u00e9t\u00e9 intellectuelle est un droit \u00e9conomique, car les consid\u00e9rations d\u2019ordre \u00e9conomique influencent fortement le choix d\u2019un r\u00e9gime juridique.<\/p>\n<p>\u00c9conomiste en chef \u00e0 l\u2019IPI depuis 2008, je suis issu du monde de l\u2019\u00e9conomie politique, tandis que dans les offices de brevets et marques \u00e9trangers, les \u00e9quipes d\u2019\u00e9conomistes se composent principalement d\u2019\u00e9conom\u00e9triciens. Mon \u00e9quipe analyse les publications \u00e9conomiques de r\u00e9f\u00e9rence et commande des \u00e9tudes propres \u00e0 la Suisse, qui peuvent \u00eatre \u00e0 l\u2019origine d\u2019articles dans \u00abLa Vie \u00e9conomique\u00bb, \u00e0 l\u2019image de celui consacr\u00e9 au <a href=\"https:\/\/dievolkswirtschaft.ch\/fr\/2021\/11\/pas-de-medicaments-sans-brevets\/\">march\u00e9 pharmaceutique helv\u00e9tique<\/a>.<\/p>\n<p><span class=\"content-quotes\">Un \u00e9conomiste a-t-il sa place parmi des juristes?<\/span><\/p>\n<p>Une part essentielle de notre travail consiste \u00e0 analyser l\u2019impact de la r\u00e9glementation: lorsqu\u2019une loi ou une ordonnance est r\u00e9vis\u00e9e, il faut en effet toujours en \u00e9valuer les cons\u00e9quences \u00e9conomiques. Actuellement, nous faisons r\u00e9aliser deux \u00e9tudes concernant des projets de r\u00e9vision de loi en cours dans les domaines des <a href=\"https:\/\/www.admin.ch\/gov\/fr\/accueil\/documentation\/communiques.msg-id-86503.html\">droits d\u2019auteur<\/a> et des <a href=\"https:\/\/www.ige.ch\/fr\/droit-et-politique\/evolutions-nationales\/droit-des-brevets\/revision-de-la-loi-sur-les-brevets\">brevets<\/a>.<\/p>\n<p>Nous nous int\u00e9ressons \u00e9galement \u00e0 des questions cruciales portant sur l\u2019avenir du droit de la propri\u00e9t\u00e9 intellectuelle. Nous r\u00e9alisons ainsi un projet interdisciplinaire, en collaboration avec l\u2019universit\u00e9 de Zurich, intitul\u00e9 \u00ab<a href=\"https:\/\/www.cipco.uzh.ch\/en\/events\/IP-AI.html\">Artificial Intelligence (AI) and Intellectual Property Law<\/a>\u00bb (Intelligence artificielle [IA] et propri\u00e9t\u00e9 intellectuelle), afin de d\u00e9terminer notamment si les inventions issues de l\u2019IA sont susceptibles d\u2019\u00eatre brevet\u00e9es. Par ailleurs, nous cherchons \u00e0 savoir, avec le concours de l\u2019Office de propri\u00e9t\u00e9 intellectuelle de Singapour, comment la technologie des cha\u00eenes de bloc influence la propri\u00e9t\u00e9 intellectuelle.<\/p>\n<p>Ces th\u00e8mes d\u2019avenir, aussi complexes que porteurs, soul\u00e8vent des questions fondamentales dans le domaine de l\u2019\u00e9conomie: la r\u00e9glementation du march\u00e9 actuelle est-elle justifi\u00e9e? Faut-il adopter d\u2019autres dispositions? Pour r\u00e9pondre \u00e0 ces questions, et \u00e0 bien d\u2019autres encore, l\u2019IPI dispose d\u2019une recette qui porte ses fruits: l\u2019alliance des comp\u00e9tences des juristes et des \u00e9conomistes.<\/p>","protected":false},"excerpt":{"rendered":"<p>Un \u00e9conomiste a-t-il sa place parmi des juristes? Cette question est pertinente lorsqu\u2019on sait que le poste d\u2019\u00e9conomiste en chef existe depuis bient\u00f4t vingt ans \u00e0 l\u2019Institut suisse de la propri\u00e9t\u00e9 intellectuelle (IPI), le service de la Conf\u00e9d\u00e9ration qui centralise toutes les questions relevant de ce domaine. En prot\u00e9geant notamment les brevets et les droits [&hellip;]<\/p>","protected":false},"author":5122,"featured_media":174155,"comment_status":"open","ping_status":"open","sticky":false,"template":"","format":"standard","meta":{"_acf_changed":false,"om_disable_all_campaigns":false,"ep_exclude_from_search":false,"footnotes":""},"post__type":[80],"post_opinion":[84],"post_serie":[],"post_content_category":[105],"post_content_subject":[197,195,137],"acf":{"seco_author":5122,"seco_co_author":"","author_override":"","seco_author_post_ocupation_year":"","seco_author_post_occupation_de":"Dr. rer. pol., Chef\u00f6konom, Eidgen\u00f6ssisches Institut f\u00fcr Geistiges Eigentum (IGE), Bern","seco_author_post_occupation_fr":"\u00c9conomiste en chef, Institut f\u00e9d\u00e9ral de la propri\u00e9t\u00e9 intellectuelle (IPI), Berne","seco_co_authors_post_ocupation":null,"short_title":"","post_lead":"","post_hero_image_description":"\u00abLe droit de la propri\u00e9t\u00e9 intellectuelle encourage les champions de l\u2019innovation et de la cr\u00e9ation \u00e0 investir dans la recherche et le d\u00e9veloppement, mais aussi dans leurs propres cr\u00e9ations.\u00bb","post_hero_image_description_copyright_de":"","post_hero_image_description_copyright_fr":"Keystone","post_references_literature":"","post_kasten":null,"post_notes_for_print":"","first_teaser_header_de":"","first_teaser_header_fr":"","first_teaser_text_de":"","first_teaser_text_fr":"","second_teaser_header_de":"","second_teaser_header_fr":"","second_teaser_text_de":"","second_teaser_text_fr":"","kseason_de":"","kseason_fr":"","post_in_pdf":"","main_focus":"","serie_email":null,"frontpage_slider_bild":"","artikel_bild-slider":null,"legacy_id":"","post_abstract":"","magazine_issue":null,"seco_author_reccomended_post":"","redaktoren":[5356],"korrektor":5346,"planned_publication_date":"","original_files":null,"external_release_for_author":null,"external_release_for_author_time":"","link_for_external_authors":"https:\/\/dievolkswirtschaft.ch\/fr\/exedit\/62c4277e6992a"},"_links":{"self":[{"href":"https:\/\/dievolkswirtschaft.ch\/fr\/wp-json\/wp\/v2\/posts\/173516"}],"collection":[{"href":"https:\/\/dievolkswirtschaft.ch\/fr\/wp-json\/wp\/v2\/posts"}],"about":[{"href":"https:\/\/dievolkswirtschaft.ch\/fr\/wp-json\/wp\/v2\/types\/post"}],"author":[{"embeddable":true,"href":"https:\/\/dievolkswirtschaft.ch\/fr\/wp-json\/wp\/v2\/users\/5122"}],"replies":[{"embeddable":true,"href":"https:\/\/dievolkswirtschaft.ch\/fr\/wp-json\/wp\/v2\/comments?post=173516"}],"version-history":[{"count":10,"href":"https:\/\/dievolkswirtschaft.ch\/fr\/wp-json\/wp\/v2\/posts\/173516\/revisions"}],"predecessor-version":[{"id":174454,"href":"https:\/\/dievolkswirtschaft.ch\/fr\/wp-json\/wp\/v2\/posts\/173516\/revisions\/174454"}],"acf:user":[{"embeddable":true,"href":"https:\/\/dievolkswirtschaft.ch\/fr\/wp-json\/wp\/v2\/users\/5346"},{"embeddable":true,"href":"https:\/\/dievolkswirtschaft.ch\/fr\/wp-json\/wp\/v2\/users\/5356"},{"embeddable":true,"href":"https:\/\/dievolkswirtschaft.ch\/fr\/wp-json\/wp\/v2\/users\/5122"}],"wp:featuredmedia":[{"embeddable":true,"href":"https:\/\/dievolkswirtschaft.ch\/fr\/wp-json\/wp\/v2\/media\/174155"}],"wp:attachment":[{"href":"https:\/\/dievolkswirtschaft.ch\/fr\/wp-json\/wp\/v2\/media?parent=173516"}],"wp:term":[{"taxonomy":"post__type","embeddable":true,"href":"https:\/\/dievolkswirtschaft.ch\/fr\/wp-json\/wp\/v2\/post__type?post=173516"},{"taxonomy":"post_opinion","embeddable":true,"href":"https:\/\/dievolkswirtschaft.ch\/fr\/wp-json\/wp\/v2\/post_opinion?post=173516"},{"taxonomy":"post_serie","embeddable":true,"href":"https:\/\/dievolkswirtschaft.ch\/fr\/wp-json\/wp\/v2\/post_serie?post=173516"},{"taxonomy":"post_content_category","embeddable":true,"href":"https:\/\/dievolkswirtschaft.ch\/fr\/wp-json\/wp\/v2\/post_content_category?post=173516"},{"taxonomy":"post_content_subject","embeddable":true,"href":"https:\/\/dievolkswirtschaft.ch\/fr\/wp-json\/wp\/v2\/post_content_subject?post=173516"}],"curies":[{"name":"wp","href":"https:\/\/api.w.org\/{rel}","templated":true}]}}