{"id":180301,"date":"2023-03-14T07:15:24","date_gmt":"2023-03-14T06:15:24","guid":{"rendered":"https:\/\/dievolkswirtschaft.ch\/?p=180301"},"modified":"2023-08-24T01:37:37","modified_gmt":"2023-08-23T23:37:37","slug":"la-suisse-aime-peu-etre-jugee-de-lexterieur","status":"publish","type":"post","link":"https:\/\/dievolkswirtschaft.ch\/fr\/2023\/03\/la-suisse-aime-peu-etre-jugee-de-lexterieur\/","title":{"rendered":"La Suisse aime peu \u00eatre jug\u00e9e de l\u2019ext\u00e9rieur"},"content":{"rendered":"<p>En mati\u00e8re de criminalit\u00e9 financi\u00e8re, la Suisse a longtemps souffert \u00e0 l\u2019\u00e9tranger d\u2019une tr\u00e8s mauvaise r\u00e9putation dont elle ne s\u2019est pas encore totalement d\u00e9barrass\u00e9e, malgr\u00e9 une v\u00e9ritable m\u00e9tamorphose de sa place financi\u00e8re. Ne pas d\u00e9clarer sa fortune et ses revenus \u00e0 l\u2019administration fiscale de son pays de r\u00e9sidence est presque universellement constitutif d\u2019une fraude relevant de la criminalit\u00e9 financi\u00e8re. Or, la Suisse ne s\u2019est align\u00e9e sur la d\u00e9finition de ses partenaires qu\u2019apr\u00e8s avoir \u00e9t\u00e9 contrainte de mettre fin au secret bancaire \u00e0 des fins fiscales, soit apr\u00e8s 2009. Jusque-l\u00e0, il fallait, pour commettre une fraude, falsifier des documents et mentir express\u00e9ment, et pas seulement par omission.<\/p>\n<p>Ces diff\u00e9rences de qualifications juridiques refl\u00e8tent un malentendu plus profond: en poussant la protection de la confidentialit\u00e9 \u00e0 ses extr\u00eames, la place financi\u00e8re suisse a privil\u00e9gi\u00e9 le droit au secret de ses clients plut\u00f4t que celui de la coop\u00e9ration judiciaire ou fiscale. Un tel comportement, s\u2019il se justifie aux heures noires du nazisme o\u00f9 la Suisse accueillait les fortunes de ceux qui fuyaient les pers\u00e9cutions, fait pourtant courir le risque d\u2019accueillir des fortunes ill\u00e9gitimes, voire criminelles, de se faire complice de blanchiment d\u2019argent ou facilitateur de corruption.<\/p>\n<p>En une d\u00e9cennie, la Suisse a r\u00e9alis\u00e9 des progr\u00e8s significatifs et le risque que la criminalit\u00e9 financi\u00e8re y prosp\u00e8re a consid\u00e9rablement diminu\u00e9. Elle a align\u00e9 sa d\u00e9finition juridique de ce qui constitue une fraude sur les standards internationaux et la fraude fiscale est d\u00e9sormais constitutive d\u2019une infraction sous-jacente au blanchiment d\u2019argent. Certes, la Suisse s\u2019oppose encore \u00e0 ce qu\u2019une information \u00e9chang\u00e9e \u00e0 des fins fiscales puisse \u00eatre communiqu\u00e9e \u00e0 d\u2019autres autorit\u00e9s que le fisc, mais ses autorit\u00e9s fiscales \u00e9changent chaque ann\u00e9e des millions d\u2019informations avec leurs homologues \u00e9trangers.<\/p>\n<p><span class=\"content-quotes\">Longtemps r\u00e9ticente, la Suisse a progressivement adopt\u00e9 les normes financi\u00e8res internationales.<\/span><\/p>\n<p>La Suisse a toutefois encore des progr\u00e8s \u00e0 faire dans les domaines de la lutte contre la corruption d\u2019agents \u00e9trangers ou du blanchiment d\u2019argent. Le Parlement a rejet\u00e9 des projets de loi visant \u00e0 mieux prot\u00e9ger les lanceurs d\u2019alerte ou relevant le niveau minimum des amendes en cas de corruption. La notation attribu\u00e9e par le Groupe d\u2019action financi\u00e8re est plut\u00f4t bonne, mais la pratique en mati\u00e8re de cryptomonnaies, notamment, est jug\u00e9e avec s\u00e9v\u00e9rit\u00e9.<\/p>\n<p>Longtemps r\u00e9ticente, la Suisse a progressivement adopt\u00e9 les normes financi\u00e8res internationales. \u00abEn progr\u00e8s, mais peut mieux faire\u2026\u00bb est sans doute l\u2019appr\u00e9ciation que ses pairs lui donneraient, illustrant ainsi parfaitement le vers de La Fontaine dans la fable \u00abLa Besace\u00bb: \u00abLynx envers nos pareils, taupes envers nous-m\u00eames\u00bb, car force est de reconna\u00eetre que ces m\u00eames pairs doivent encore am\u00e9liorer leurs propres syst\u00e8mes.<\/p>","protected":false},"excerpt":{"rendered":"<p>En mati\u00e8re de criminalit\u00e9 financi\u00e8re, la Suisse a longtemps souffert \u00e0 l\u2019\u00e9tranger d\u2019une tr\u00e8s mauvaise r\u00e9putation dont elle ne s\u2019est pas encore totalement d\u00e9barrass\u00e9e, malgr\u00e9 une v\u00e9ritable m\u00e9tamorphose de sa place financi\u00e8re. Ne pas d\u00e9clarer sa fortune et ses revenus \u00e0 l\u2019administration fiscale de son pays de r\u00e9sidence est presque universellement constitutif d\u2019une fraude relevant [&hellip;]<\/p>","protected":false},"author":3299,"featured_media":203467,"comment_status":"open","ping_status":"open","sticky":false,"template":"","format":"standard","meta":{"_acf_changed":false,"om_disable_all_campaigns":false,"ep_exclude_from_search":false,"footnotes":""},"post__type":[81,80],"post_opinion":[86],"post_serie":[],"post_content_category":[105],"post_content_subject":[186,197,200],"acf":{"seco_author":3299,"seco_co_author":"","author_override":"","seco_author_post_ocupation_year":"","seco_author_post_occupation_de":"Professor an der Fakult\u00e4t f\u00fcr Recht, Kriminologie und \u00f6ffentliche Verwaltung, Universit\u00e4t Lausanne","seco_author_post_occupation_fr":"Professeur \u00e0 la Facult\u00e9 de droit, des sciences criminelles et d\u2019administration publique, Universit\u00e9 de Lausanne","seco_co_authors_post_ocupation":null,"short_title":"","post_lead":"","post_hero_image_description":"","post_hero_image_description_copyright_de":"","post_hero_image_description_copyright_fr":"","post_references_literature":"","post_kasten":null,"post_notes_for_print":"","first_teaser_header_de":"","first_teaser_header_fr":"","first_teaser_text_de":"","first_teaser_text_fr":"","second_teaser_header_de":"","second_teaser_header_fr":"","second_teaser_text_de":"","second_teaser_text_fr":"","kseason_de":"","kseason_fr":"","post_in_pdf":"","main_focus":[180846,180850],"serie_email":null,"frontpage_slider_bild":"","artikel_bild-slider":null,"legacy_id":"","post_abstract":"","magazine_issue":null,"seco_author_reccomended_post":"","redaktoren":"","korrektor":"","planned_publication_date":"20230314","original_files":null,"external_release_for_author":"20230303","external_release_for_author_time":"00:05:00","link_for_external_authors":"https:\/\/dievolkswirtschaft.ch\/fr\/exedit\/63e0c9ddb82ca"},"_links":{"self":[{"href":"https:\/\/dievolkswirtschaft.ch\/fr\/wp-json\/wp\/v2\/posts\/180301"}],"collection":[{"href":"https:\/\/dievolkswirtschaft.ch\/fr\/wp-json\/wp\/v2\/posts"}],"about":[{"href":"https:\/\/dievolkswirtschaft.ch\/fr\/wp-json\/wp\/v2\/types\/post"}],"author":[{"embeddable":true,"href":"https:\/\/dievolkswirtschaft.ch\/fr\/wp-json\/wp\/v2\/users\/3299"}],"replies":[{"embeddable":true,"href":"https:\/\/dievolkswirtschaft.ch\/fr\/wp-json\/wp\/v2\/comments?post=180301"}],"version-history":[{"count":21,"href":"https:\/\/dievolkswirtschaft.ch\/fr\/wp-json\/wp\/v2\/posts\/180301\/revisions"}],"predecessor-version":[{"id":181619,"href":"https:\/\/dievolkswirtschaft.ch\/fr\/wp-json\/wp\/v2\/posts\/180301\/revisions\/181619"}],"acf:post":[{"embeddable":true,"href":"https:\/\/dievolkswirtschaft.ch\/fr\/wp-json\/wp\/v2\/main_focus_post\/180850"},{"embeddable":true,"href":"https:\/\/dievolkswirtschaft.ch\/fr\/wp-json\/wp\/v2\/main_focus_post\/180846"}],"acf:user":[{"embeddable":true,"href":"https:\/\/dievolkswirtschaft.ch\/fr\/wp-json\/wp\/v2\/users\/3299"}],"wp:featuredmedia":[{"embeddable":true,"href":"https:\/\/dievolkswirtschaft.ch\/fr\/wp-json\/wp\/v2\/media\/203467"}],"wp:attachment":[{"href":"https:\/\/dievolkswirtschaft.ch\/fr\/wp-json\/wp\/v2\/media?parent=180301"}],"wp:term":[{"taxonomy":"post__type","embeddable":true,"href":"https:\/\/dievolkswirtschaft.ch\/fr\/wp-json\/wp\/v2\/post__type?post=180301"},{"taxonomy":"post_opinion","embeddable":true,"href":"https:\/\/dievolkswirtschaft.ch\/fr\/wp-json\/wp\/v2\/post_opinion?post=180301"},{"taxonomy":"post_serie","embeddable":true,"href":"https:\/\/dievolkswirtschaft.ch\/fr\/wp-json\/wp\/v2\/post_serie?post=180301"},{"taxonomy":"post_content_category","embeddable":true,"href":"https:\/\/dievolkswirtschaft.ch\/fr\/wp-json\/wp\/v2\/post_content_category?post=180301"},{"taxonomy":"post_content_subject","embeddable":true,"href":"https:\/\/dievolkswirtschaft.ch\/fr\/wp-json\/wp\/v2\/post_content_subject?post=180301"}],"curies":[{"name":"wp","href":"https:\/\/api.w.org\/{rel}","templated":true}]}}