{"id":191349,"date":"2023-10-06T12:06:49","date_gmt":"2023-10-06T10:06:49","guid":{"rendered":"https:\/\/dievolkswirtschaft.ch\/?p=191349"},"modified":"2023-10-06T12:06:49","modified_gmt":"2023-10-06T10:06:49","slug":"tendances-conjoncturelles-automne-2023","status":"publish","type":"post","link":"https:\/\/dievolkswirtschaft.ch\/fr\/2023\/10\/tendances-conjoncturelles-automne-2023\/","title":{"rendered":"Tendances conjoncturelles, automne 2023"},"content":{"rendered":"<h2 class=\"text__graphic-title\">Situation de l\u2019\u00e9conomie suisse<\/h2>\n<p>Au 2<sup>e<\/sup>\u00a0trimestre 2023, le PIB de la Suisse a stagn\u00e9 alors qu\u2019il avait fortement progress\u00e9 au trimestre pr\u00e9c\u00e9dent. Les indicateurs laissent pr\u00e9sager une faible \u00e9volution dans un avenir proche.<\/p>\n<h2 class=\"text__graphic-title\">Pr\u00e9visions conjoncturelles<\/h2>\n<p>En raison de la vigueur du 1<sup>er<\/sup> trimestre, le Groupe d\u2019experts de la Conf\u00e9d\u00e9ration revoit l\u00e9g\u00e8rement \u00e0 la hausse sa pr\u00e9vision de croissance du PIB corrig\u00e9 des \u00e9v\u00e9nements sportifs pour 2023 (1,3%, pr\u00e9vision de juin: 1,1%). En revanche, la croissance devrait \u00eatre plus faible que pr\u00e9vu l\u2019ann\u00e9e prochaine (1,2%, pr\u00e9vision de juin: 1,5%). L\u2019\u00e9conomie suisse devrait donc conna\u00eetre une croissance nettement inf\u00e9rieure \u00e0 la moyenne cette ann\u00e9e et l\u2019ann\u00e9e prochaine.<\/p>\n<h2 class=\"text__graphic-title\">\u00c9conomie mondiale<\/h2>\n<p>Globalement, la croissance de l\u2019\u00e9conomie mondiale a \u00e9t\u00e9 conforme aux attentes au 2<sup>e<\/sup> trimestre. Tandis que la zone euro connaissait un faible croissance au 2<sup>e<\/sup> trimestre, les \u00c9tats-Unis enregistraient une expansion substantielle. La demande mondiale devrait cro\u00eetre cette ann\u00e9e et l&#8217;ann\u00e9e prochaine, mais \u00e0 un rythme inf\u00e9rieur \u00e0 la moyenne.<\/p>\n<p>&nbsp;<\/p>\n<hr \/>\n<h2 class=\"text__graphic-title\">Encadr\u00e9s:<\/h2>\n<div class=\"table-content-bold content-copy-questions\">\n<p>R\u00e9vision annuelle des comptes nationaux \u2013 Hausse du PIB de 2,6% en 2022 et de 5,4% en 2021<\/p>\n<\/div>\n<p>La croissance du PIB a \u00e9t\u00e9 consid\u00e9rablement revue \u00e0 la hausse \u00e0 partir de 2020, sur la base des donn\u00e9es actuelles. L\u2019effondrement en 2020 a \u00e9t\u00e9 un peu moins prononc\u00e9 et la croissance en 2021 et 2022 a \u00e9t\u00e9 plus forte que ce qui avait \u00e9t\u00e9 estim\u00e9 pr\u00e9c\u00e9demment. Actuellement, l\u2019interpr\u00e9tation conjoncturelle reste globalement inchang\u00e9e: le PIB corrig\u00e9 des \u00e9v\u00e9nements sportifs a connu une croissance consid\u00e9rable au 1<sup>er<\/sup> trimestre.<\/p>\n<div class=\"table-content-bold content-copy-questions\">\n<p>Dans quelle mesure la conjoncture suisse est-elle tributaire de l\u2019\u00e9conomie chinoise?<\/p>\n<\/div>\n<p>La Chine est l\u2019une des plus grandes \u00e9conomies du monde. La sensibilit\u00e9 directe de la conjoncture suisse \u00e0 l\u2019\u00e9conomie chinoise est limit\u00e9e, du moins si l\u2019on consid\u00e8re le poids de ce pays dans la performance \u00e9conomique mondiale. Toutefois, un ralentissement majeur de la Chine affecterait indirectement la Suisse, au travers de l\u2019affaiblissement d\u2019autres partenaires commerciaux.<\/p>","protected":false},"excerpt":{"rendered":"<p>Situation de l\u2019\u00e9conomie suisse Au 2e\u00a0trimestre 2023, le PIB de la Suisse a stagn\u00e9 alors qu\u2019il avait fortement progress\u00e9 au trimestre pr\u00e9c\u00e9dent. Les indicateurs laissent pr\u00e9sager une faible \u00e9volution dans un avenir proche. Pr\u00e9visions conjoncturelles En raison de la vigueur du 1er trimestre, le Groupe d\u2019experts de la Conf\u00e9d\u00e9ration revoit l\u00e9g\u00e8rement \u00e0 la hausse sa [&hellip;]<\/p>","protected":false},"author":4193,"featured_media":204540,"comment_status":"open","ping_status":"open","sticky":false,"template":"","format":"standard","meta":{"_acf_changed":false,"om_disable_all_campaigns":false,"ep_exclude_from_search":false,"footnotes":""},"post__type":[82],"post_opinion":[],"post_serie":[88],"post_content_category":[104],"post_content_subject":[],"acf":{"seco_author":4193,"seco_co_author":"","author_override":"","seco_author_post_ocupation_year":"","seco_author_post_occupation_de":"","seco_author_post_occupation_fr":"","seco_co_authors_post_ocupation":null,"short_title":"","post_lead":"","post_hero_image_description":"","post_hero_image_description_copyright_de":"","post_hero_image_description_copyright_fr":"Keystone","post_references_literature":"","post_kasten":null,"post_notes_for_print":"","first_teaser_header_de":"","first_teaser_header_fr":"Encadr\u00e9s ","first_teaser_text_de":"","first_teaser_text_fr":"R\u00e9vision annuelle des comptes nationaux \u2013 Hausse du PIB de 2,6% en 2022 et de 5,4% en 2021","second_teaser_header_de":"","second_teaser_header_fr":"","second_teaser_text_de":"","second_teaser_text_fr":"Dans quelle mesure la conjoncture suisse est-elle tributaire de l\u2019\u00e9conomie chinoise?","kseason_de":"","kseason_fr":"Automne 2023","post_in_pdf":191847,"main_focus":"","serie_email":null,"frontpage_slider_bild":"","artikel_bild-slider":null,"legacy_id":"","post_abstract":"","magazine_issue":null,"seco_author_reccomended_post":"","redaktoren":[4306],"korrektor":"","planned_publication_date":"2023-09-20 07:01:37","original_files":null,"external_release_for_author":null,"external_release_for_author_time":"","link_for_external_authors":"https:\/\/dievolkswirtschaft.ch\/fr\/exedit\/6509963f77c0d"},"_links":{"self":[{"href":"https:\/\/dievolkswirtschaft.ch\/fr\/wp-json\/wp\/v2\/posts\/191349"}],"collection":[{"href":"https:\/\/dievolkswirtschaft.ch\/fr\/wp-json\/wp\/v2\/posts"}],"about":[{"href":"https:\/\/dievolkswirtschaft.ch\/fr\/wp-json\/wp\/v2\/types\/post"}],"author":[{"embeddable":true,"href":"https:\/\/dievolkswirtschaft.ch\/fr\/wp-json\/wp\/v2\/users\/4193"}],"replies":[{"embeddable":true,"href":"https:\/\/dievolkswirtschaft.ch\/fr\/wp-json\/wp\/v2\/comments?post=191349"}],"version-history":[{"count":16,"href":"https:\/\/dievolkswirtschaft.ch\/fr\/wp-json\/wp\/v2\/posts\/191349\/revisions"}],"predecessor-version":[{"id":191859,"href":"https:\/\/dievolkswirtschaft.ch\/fr\/wp-json\/wp\/v2\/posts\/191349\/revisions\/191859"}],"acf:user":[{"embeddable":true,"href":"https:\/\/dievolkswirtschaft.ch\/fr\/wp-json\/wp\/v2\/users\/4306"},{"embeddable":true,"href":"https:\/\/dievolkswirtschaft.ch\/fr\/wp-json\/wp\/v2\/users\/4193"}],"wp:featuredmedia":[{"embeddable":true,"href":"https:\/\/dievolkswirtschaft.ch\/fr\/wp-json\/wp\/v2\/media\/204540"}],"wp:attachment":[{"href":"https:\/\/dievolkswirtschaft.ch\/fr\/wp-json\/wp\/v2\/media?parent=191349"}],"wp:term":[{"taxonomy":"post__type","embeddable":true,"href":"https:\/\/dievolkswirtschaft.ch\/fr\/wp-json\/wp\/v2\/post__type?post=191349"},{"taxonomy":"post_opinion","embeddable":true,"href":"https:\/\/dievolkswirtschaft.ch\/fr\/wp-json\/wp\/v2\/post_opinion?post=191349"},{"taxonomy":"post_serie","embeddable":true,"href":"https:\/\/dievolkswirtschaft.ch\/fr\/wp-json\/wp\/v2\/post_serie?post=191349"},{"taxonomy":"post_content_category","embeddable":true,"href":"https:\/\/dievolkswirtschaft.ch\/fr\/wp-json\/wp\/v2\/post_content_category?post=191349"},{"taxonomy":"post_content_subject","embeddable":true,"href":"https:\/\/dievolkswirtschaft.ch\/fr\/wp-json\/wp\/v2\/post_content_subject?post=191349"}],"curies":[{"name":"wp","href":"https:\/\/api.w.org\/{rel}","templated":true}]}}