{"id":196984,"date":"2024-04-16T07:00:30","date_gmt":"2024-04-16T05:00:30","guid":{"rendered":"https:\/\/dievolkswirtschaft.ch\/?p=196984"},"modified":"2024-04-16T11:36:14","modified_gmt":"2024-04-16T09:36:14","slug":"la-solidarite-fait-partie-de-ladn-du-federalisme","status":"publish","type":"post","link":"https:\/\/dievolkswirtschaft.ch\/fr\/2024\/04\/la-solidarite-fait-partie-de-ladn-du-federalisme\/","title":{"rendered":"La solidarit\u00e9 fait partie de l\u2019ADN du f\u00e9d\u00e9ralisme"},"content":{"rendered":"<p>\u00abLa force de la communaut\u00e9 se mesure au bien-\u00eatre du plus faible de ses membres\u00bb, peut-on lire dans notre Constitution. La p\u00e9r\u00e9quation financi\u00e8re nationale (RPT) est l\u2019expression de la fraternit\u00e9 qui unit les membres de notre Conf\u00e9d\u00e9ration. Gen\u00e8ve en est d\u2019ailleurs l\u2019un des principaux contributeurs\u00a0\u2013 sa contribution \u00e0 la p\u00e9r\u00e9quation des ressources s\u2019\u00e9l\u00e8ve \u00e0 361\u00a0millions de francs en 2024\u00a0\u2013 et notre canton est fier de participer au syst\u00e8me conf\u00e9d\u00e9ral permettant de maintenir une coh\u00e9sion entre les cantons. Bien que la RPT participe de la responsabilit\u00e9 collective, cela ne l\u2019emp\u00eache pas de susciter certaines contestations partisanes, notamment quand il s\u2019agit d\u2019\u00e9laborer le budget cantonal.<\/p>\n<p>&nbsp;<\/p>\n<p><span class=\"content-quotes\">La r\u00e9forme de 2020 n\u2019a pas permis de r\u00e9soudre tous les probl\u00e8mes li\u00e9s \u00e0 la p\u00e9r\u00e9quation financi\u00e8re nationale.<\/span><strong>\u00a0<\/strong><\/p>\n<p><strong>\u00a0<\/strong><\/p>\n<p>Le syst\u00e8me de la p\u00e9r\u00e9quation des ressources a \u00e9t\u00e9 optimis\u00e9 en 2020, au terme d\u2019un long processus de n\u00e9gociations politiques entre les diff\u00e9rents cantons et la Conf\u00e9d\u00e9ration. Cette r\u00e9forme a permis de rem\u00e9dier \u00e0 l\u2019un des principaux d\u00e9fauts du syst\u00e8me RPT, puisque la fixation de la dotation au titre de la p\u00e9r\u00e9quation est d\u00e9sormais d\u00e9politis\u00e9e et d\u00e9finie dans la loi. Ces nouvelles modalit\u00e9s devraient permettre \u00e9galement \u00e0 la p\u00e9r\u00e9quation des ressources de mieux r\u00e9agir \u00e0 la variation des in\u00e9galit\u00e9s entre les cantons. Enfin, la pond\u00e9ration des b\u00e9n\u00e9fices des personnes morales a \u00e9t\u00e9 revue \u00e0 la baisse dans le calcul du potentiel des ressources des cantons, ce qui a satisfait \u00e0 une revendication de longue date des cantons contributeurs.<\/p>\n<p>La r\u00e9forme de 2020 n\u2019a toutefois pas permis de r\u00e9soudre tous les probl\u00e8mes li\u00e9s \u00e0 la RPT. Malgr\u00e9 le contre-exemple du canton d\u2019Obwald, ancien canton fortement b\u00e9n\u00e9ficiaire \u00e0 l\u2019introduction de la RPT devenu contributeur, l\u2019un des d\u00e9fauts qui perdure est l\u2019absence d\u2019incitation pour les cantons b\u00e9n\u00e9ficiaires \u00e0 am\u00e9liorer leur situation financi\u00e8re. Dans les cantons au potentiel le plus faible, les rendements sup\u00e9rieurs li\u00e9s \u00e0 la hausse du potentiel fiscal sont ainsi presque enti\u00e8rement compens\u00e9s par la baisse des paiements au titre de la p\u00e9r\u00e9quation des ressources.<\/p>\n<p>S\u2019agissant du canton de Gen\u00e8ve, l\u2019objectif de r\u00e9duire ou du moins de stabiliser sa contribution n\u2019a \u00e9t\u00e9 que temporairement atteint par la r\u00e9forme. Certes, 140\u00a0millions de francs suppl\u00e9mentaires ont pu \u00eatre allou\u00e9s \u00e0 notre canton au titre de la compensation des charges excessives sociod\u00e9mographiques\u00a0\u2013 une augmentation qui \u00e9tait attendue de longue date par notre canton. Mais les charges tr\u00e8s importantes, en comparaison intercantonale, que Gen\u00e8ve doit supporter restent insuffisamment compens\u00e9es. Elles sont li\u00e9es \u00e0 la structure de la population, dont le taux d\u2019indemnisation s\u2019\u00e9l\u00e8ve \u00e0 9%, et aux charges excessives d\u00e9terminantes des villes-centres auxquelles il est appliqu\u00e9 un taux d\u2019indemnisation de 4%. \u00c0 titre de comparaison toujours, il convient de relever que les charges excessives dues \u00e0 des facteurs g\u00e9otopographiques sont indemnis\u00e9es \u00e0 hauteur de 27%.<\/p>","protected":false},"excerpt":{"rendered":"<p>\u00abLa force de la communaut\u00e9 se mesure au bien-\u00eatre du plus faible de ses membres\u00bb, peut-on lire dans notre Constitution. La p\u00e9r\u00e9quation financi\u00e8re nationale (RPT) est l\u2019expression de la fraternit\u00e9 qui unit les membres de notre Conf\u00e9d\u00e9ration. Gen\u00e8ve en est d\u2019ailleurs l\u2019un des principaux contributeurs\u00a0\u2013 sa contribution \u00e0 la p\u00e9r\u00e9quation des ressources s\u2019\u00e9l\u00e8ve \u00e0 361\u00a0millions [&hellip;]<\/p>","protected":false},"author":5161,"featured_media":197119,"comment_status":"open","ping_status":"open","sticky":false,"template":"","format":"standard","meta":{"_acf_changed":false,"om_disable_all_campaigns":false,"ep_exclude_from_search":false,"footnotes":""},"post__type":[81,80],"post_opinion":[86],"post_serie":[],"post_content_category":[229],"post_content_subject":[193,200],"acf":{"seco_author":5161,"seco_co_author":"","author_override":"","seco_author_post_ocupation_year":"","seco_author_post_occupation_de":"Regierungsr\u00e4tin, Vorsteherin des Finanz- und Personaldepartements sowie des Wirtschaftsdepartements, Genf","seco_author_post_occupation_fr":"Conseill\u00e8re d\u2019\u00c9tat, charg\u00e9e du d\u00e9partement des finances, des ressources humaines et des affaires ext\u00e9rieures du canton de Gen\u00e8ve","seco_co_authors_post_ocupation":null,"short_title":"","post_lead":"","post_hero_image_description":"","post_hero_image_description_copyright_de":"","post_hero_image_description_copyright_fr":"","post_references_literature":"","post_kasten":null,"post_notes_for_print":"","first_teaser_header_de":"","first_teaser_header_fr":"","first_teaser_text_de":"","first_teaser_text_fr":"","second_teaser_header_de":"","second_teaser_header_fr":"","second_teaser_text_de":"","second_teaser_text_fr":"","kseason_de":"","kseason_fr":"","post_in_pdf":"","main_focus":[196914,197724],"serie_email":null,"frontpage_slider_bild":"","artikel_bild-slider":null,"legacy_id":"","post_abstract":"","magazine_issue":null,"seco_author_reccomended_post":"","redaktoren":"","korrektor":"","planned_publication_date":"2024-04-16 05:00:57","original_files":null,"external_release_for_author":"20240416","external_release_for_author_time":"00:05:00","link_for_external_authors":"https:\/\/dievolkswirtschaft.ch\/fr\/exedit\/65f17a2fe5167"},"_links":{"self":[{"href":"https:\/\/dievolkswirtschaft.ch\/fr\/wp-json\/wp\/v2\/posts\/196984"}],"collection":[{"href":"https:\/\/dievolkswirtschaft.ch\/fr\/wp-json\/wp\/v2\/posts"}],"about":[{"href":"https:\/\/dievolkswirtschaft.ch\/fr\/wp-json\/wp\/v2\/types\/post"}],"author":[{"embeddable":true,"href":"https:\/\/dievolkswirtschaft.ch\/fr\/wp-json\/wp\/v2\/users\/5161"}],"replies":[{"embeddable":true,"href":"https:\/\/dievolkswirtschaft.ch\/fr\/wp-json\/wp\/v2\/comments?post=196984"}],"version-history":[{"count":18,"href":"https:\/\/dievolkswirtschaft.ch\/fr\/wp-json\/wp\/v2\/posts\/196984\/revisions"}],"predecessor-version":[{"id":198189,"href":"https:\/\/dievolkswirtschaft.ch\/fr\/wp-json\/wp\/v2\/posts\/196984\/revisions\/198189"}],"acf:post":[{"embeddable":true,"href":"https:\/\/dievolkswirtschaft.ch\/fr\/wp-json\/wp\/v2\/main_focus_post\/197724"},{"embeddable":true,"href":"https:\/\/dievolkswirtschaft.ch\/fr\/wp-json\/wp\/v2\/main_focus_post\/196914"}],"acf:user":[{"embeddable":true,"href":"https:\/\/dievolkswirtschaft.ch\/fr\/wp-json\/wp\/v2\/users\/5161"}],"wp:featuredmedia":[{"embeddable":true,"href":"https:\/\/dievolkswirtschaft.ch\/fr\/wp-json\/wp\/v2\/media\/197119"}],"wp:attachment":[{"href":"https:\/\/dievolkswirtschaft.ch\/fr\/wp-json\/wp\/v2\/media?parent=196984"}],"wp:term":[{"taxonomy":"post__type","embeddable":true,"href":"https:\/\/dievolkswirtschaft.ch\/fr\/wp-json\/wp\/v2\/post__type?post=196984"},{"taxonomy":"post_opinion","embeddable":true,"href":"https:\/\/dievolkswirtschaft.ch\/fr\/wp-json\/wp\/v2\/post_opinion?post=196984"},{"taxonomy":"post_serie","embeddable":true,"href":"https:\/\/dievolkswirtschaft.ch\/fr\/wp-json\/wp\/v2\/post_serie?post=196984"},{"taxonomy":"post_content_category","embeddable":true,"href":"https:\/\/dievolkswirtschaft.ch\/fr\/wp-json\/wp\/v2\/post_content_category?post=196984"},{"taxonomy":"post_content_subject","embeddable":true,"href":"https:\/\/dievolkswirtschaft.ch\/fr\/wp-json\/wp\/v2\/post_content_subject?post=196984"}],"curies":[{"name":"wp","href":"https:\/\/api.w.org\/{rel}","templated":true}]}}