{"id":197190,"date":"2024-03-19T11:09:25","date_gmt":"2024-03-19T10:09:25","guid":{"rendered":"https:\/\/dievolkswirtschaft.ch\/?p=197190"},"modified":"2024-11-14T15:47:34","modified_gmt":"2024-11-14T14:47:34","slug":"tendances-conjoncturelles-printemps-2024","status":"publish","type":"post","link":"https:\/\/dievolkswirtschaft.ch\/fr\/2024\/03\/tendances-conjoncturelles-printemps-2024\/","title":{"rendered":"Tendances conjoncturelles, printemps 2024"},"content":{"rendered":"<h2 class=\"text__graphic-title\">Situation de l\u2019\u00e9conomie suisse<\/h2>\n<p>Au 4<sup>e<\/sup> trimestre 2023, le PIB de la Suisse a de nouveau connu une croissance mod\u00e9r\u00e9e. Le secteur des services s&#8217;est une nouvelle fois r\u00e9v\u00e9l\u00e9 \u00eatre un pilier de la croissance.<\/p>\n<h2 class=\"text__graphic-title\">Pr\u00e9visions conjoncturelles<\/h2>\n<p>Comme pr\u00e9c\u00e9demment, le groupe d&#8217;experts pr\u00e9voit pour 2024 une croissance du PIB suisse corrig\u00e9 des \u00e9v\u00e9nements sportifs nettement inf\u00e9rieure \u00e0 la moyenne (1,1&nbsp;%). Dans le cadre d&#8217;une reprise progressive de l&#8217;\u00e9conomie mondiale, la croissance devrait se normaliser \u00e0 1,7&nbsp;% en 2025. Les risques conjoncturels se pr\u00e9sentent de mani\u00e8re plus \u00e9quilibr\u00e9e que lors des pr\u00e9visions de d\u00e9cembre 2023.<\/p>\n<h2 class=\"text__graphic-title\">\u00c9conomie mondiale<\/h2>\n<p>Au 4<sup>e<\/sup> trimestre 2023, la croissance de l&#8217;\u00e9conomie mondiale a de nouveau \u00e9t\u00e9 inf\u00e9rieure \u00e0 la moyenne, avec une grande h\u00e9t\u00e9rog\u00e9n\u00e9it\u00e9 entre les pays. Alors que le PIB a de nouveau fortement progress\u00e9 aux \u00c9tats-Unis, il a stagn\u00e9 dans la zone euro, conform\u00e9ment aux attentes. L&#8217;orientation de la politique mon\u00e9taire internationale semble marquer un tournant. Les taux d&#8217;int\u00e9r\u00eat ont r\u00e9cemment \u00e9t\u00e9 maintenus \u00e0 un niveau constant sur une grande partie du territoire et les march\u00e9s financiers s&#8217;attendent \u00e0 ce que les premiers taux d&#8217;int\u00e9r\u00eat n\u00e9gatifs soient appliqu\u00e9s dans le courant de l&#8217;ann\u00e9e.<\/p>\n<p>&nbsp;<\/p>\n<hr \/>\n<h2 class=\"text__graphic-title\">Encadr\u00e9s<\/h2>\n<div class=\"content-copy-questions\">Nouveaut\u00e9s dans l\u2019enqu\u00eate sur le climat de consommation<\/div>\n<p>D\u00e9sormais, le climat de consommation est mesur\u00e9 sur la base d\u2019une collecte de donn\u00e9es continue. Les effets d\u2019\u00e9v\u00e9nements importants sur le climat de consommation peuvent ainsi \u00eatre observ\u00e9s en temps r\u00e9el. (voir \u00e9galement l&#8217;<a href=\"https:\/\/dievolkswirtschaft.ch\/fr\/2024\/03\/nouvelle-publication-mensuelle-du-climat-de-consommation\/\">article<\/a> de \u00abLa Vie \u00e9conomique\u00bb )<\/p>\n<div class=\"content-copy-questions\">Premiers r\u00e9sultats annuels du PIB 2023 \u2013 l\u2019\u00e9conomie suisse cro\u00eet de 1,3&nbsp;%<\/div>\n<p>En 2023, le PIB corrig\u00e9 des variations saisonni\u00e8res et des \u00e9v\u00e9nements sportifs de la Suisse a progress\u00e9 de 1,3&nbsp;%, soit un rythme nettement inf\u00e9rieur \u00e0 la moyenne, apr\u00e8s une croissance soutenue de 2,5&nbsp;% en 2022. Ce ralentissement est li\u00e9 \u00e0 la normalisation \u00e0 la suite de la crise du coronavirus et aux d\u00e9fis consid\u00e9rables qui ont marqu\u00e9 l\u2019environnement conjoncturel au cours des derniers trimestres.<\/p>\n<div class=\"content-copy-questions\">PIB par habitant de la Suisse \u2013 faible \u00e9volution en 2023<\/div>\n<p>Le PIB corrig\u00e9 des \u00e9v\u00e9nements sportifs par habitant, en Suisse, semble avoir l\u00e9g\u00e8rement diminu\u00e9 en 2023. Le PIB a \u00e9galement connu une \u00e9volution faible ou n\u00e9gative dans d\u2019autres pays europ\u00e9ens. Si l\u2019on consid\u00e8re le niveau du PIB par habitant, la Suisse continue de figurer dans le peloton de t\u00eate.<\/p>","protected":false},"excerpt":{"rendered":"<p>Situation de l\u2019\u00e9conomie suisse Au 4e trimestre 2023, le PIB de la Suisse a de nouveau connu une croissance mod\u00e9r\u00e9e. Le secteur des services s&#8217;est une nouvelle fois r\u00e9v\u00e9l\u00e9 \u00eatre un pilier de la croissance. Pr\u00e9visions conjoncturelles Comme pr\u00e9c\u00e9demment, le groupe d&#8217;experts pr\u00e9voit pour 2024 une croissance du PIB suisse corrig\u00e9 des \u00e9v\u00e9nements sportifs nettement [&hellip;]<\/p>","protected":false},"author":4193,"featured_media":204540,"comment_status":"open","ping_status":"open","sticky":false,"template":"","format":"standard","meta":{"_acf_changed":false,"om_disable_all_campaigns":false,"ep_exclude_from_search":false,"footnotes":""},"post__type":[82],"post_opinion":[],"post_serie":[88],"post_content_category":[104],"post_content_subject":[],"acf":{"seco_author":4193,"seco_co_author":"","author_override":"","seco_author_post_ocupation_year":"","seco_author_post_occupation_de":"","seco_author_post_occupation_fr":"","seco_co_authors_post_ocupation":null,"short_title":"","post_lead":"","post_hero_image_description":"","post_hero_image_description_copyright_de":"","post_hero_image_description_copyright_fr":"","post_references_literature":"","post_kasten":[{"kasten_title":"","kasten_box":"<a href=\"https:\/\/www.seco.admin.ch\/dam\/seco\/fr\/dokumente\/Publikationen_Dienstleistungen\/Publikationen_Formulare\/Wirtschaftslage\/Konjunkturtendenzen\/Konjunkturtendenzen\/kt_2024_01.pdf.download.pdf\/KT_2024_01.pdf\"><img class=\"alignnone size-medium wp-image-204567\" src=\"https:\/\/dievolkswirtschaft.ch\/content\/uploads\/2024\/03\/KT-Fruhjahr-2024-FR-212x300.png\" alt=\"\" width=\"212\" height=\"300\" \/><\/a>"}],"post_notes_for_print":"","first_teaser_header_de":"","first_teaser_header_fr":"Encadr\u00e9s ","first_teaser_text_de":"","first_teaser_text_fr":"Nouveaut\u00e9s dans l\u2019enqu\u00eate sur le climat de consommation <br>Premiers r\u00e9sultats annuels du PIB 2023","second_teaser_header_de":"","second_teaser_header_fr":"","second_teaser_text_de":"","second_teaser_text_fr":"PIB par habitant de la Suisse \u2013 faible \u00e9volution en 2023","kseason_de":"","kseason_fr":"Printemps 2024","post_in_pdf":197798,"main_focus":"","serie_email":null,"frontpage_slider_bild":"","artikel_bild-slider":null,"legacy_id":"","post_abstract":"","magazine_issue":null,"seco_author_reccomended_post":"","redaktoren":[4306],"korrektor":"","planned_publication_date":"2024-03-19 09:05:44","original_files":null,"external_release_for_author":null,"external_release_for_author_time":"","link_for_external_authors":"https:\/\/dievolkswirtschaft.ch\/fr\/exedit\/65f957392096f"},"_links":{"self":[{"href":"https:\/\/dievolkswirtschaft.ch\/fr\/wp-json\/wp\/v2\/posts\/197190"}],"collection":[{"href":"https:\/\/dievolkswirtschaft.ch\/fr\/wp-json\/wp\/v2\/posts"}],"about":[{"href":"https:\/\/dievolkswirtschaft.ch\/fr\/wp-json\/wp\/v2\/types\/post"}],"author":[{"embeddable":true,"href":"https:\/\/dievolkswirtschaft.ch\/fr\/wp-json\/wp\/v2\/users\/4193"}],"replies":[{"embeddable":true,"href":"https:\/\/dievolkswirtschaft.ch\/fr\/wp-json\/wp\/v2\/comments?post=197190"}],"version-history":[{"count":17,"href":"https:\/\/dievolkswirtschaft.ch\/fr\/wp-json\/wp\/v2\/posts\/197190\/revisions"}],"predecessor-version":[{"id":204570,"href":"https:\/\/dievolkswirtschaft.ch\/fr\/wp-json\/wp\/v2\/posts\/197190\/revisions\/204570"}],"acf:user":[{"embeddable":true,"href":"https:\/\/dievolkswirtschaft.ch\/fr\/wp-json\/wp\/v2\/users\/4306"},{"embeddable":true,"href":"https:\/\/dievolkswirtschaft.ch\/fr\/wp-json\/wp\/v2\/users\/4193"}],"wp:featuredmedia":[{"embeddable":true,"href":"https:\/\/dievolkswirtschaft.ch\/fr\/wp-json\/wp\/v2\/media\/204540"}],"wp:attachment":[{"href":"https:\/\/dievolkswirtschaft.ch\/fr\/wp-json\/wp\/v2\/media?parent=197190"}],"wp:term":[{"taxonomy":"post__type","embeddable":true,"href":"https:\/\/dievolkswirtschaft.ch\/fr\/wp-json\/wp\/v2\/post__type?post=197190"},{"taxonomy":"post_opinion","embeddable":true,"href":"https:\/\/dievolkswirtschaft.ch\/fr\/wp-json\/wp\/v2\/post_opinion?post=197190"},{"taxonomy":"post_serie","embeddable":true,"href":"https:\/\/dievolkswirtschaft.ch\/fr\/wp-json\/wp\/v2\/post_serie?post=197190"},{"taxonomy":"post_content_category","embeddable":true,"href":"https:\/\/dievolkswirtschaft.ch\/fr\/wp-json\/wp\/v2\/post_content_category?post=197190"},{"taxonomy":"post_content_subject","embeddable":true,"href":"https:\/\/dievolkswirtschaft.ch\/fr\/wp-json\/wp\/v2\/post_content_subject?post=197190"}],"curies":[{"name":"wp","href":"https:\/\/api.w.org\/{rel}","templated":true}]}}