{"id":197593,"date":"2024-05-07T07:00:31","date_gmt":"2024-05-07T05:00:31","guid":{"rendered":"https:\/\/dievolkswirtschaft.ch\/?p=197593"},"modified":"2024-05-07T09:27:02","modified_gmt":"2024-05-07T07:27:02","slug":"penurie-de-logements-lamenagement-du-territoire-fait-partie-de-la-solution","status":"publish","type":"post","link":"https:\/\/dievolkswirtschaft.ch\/fr\/2024\/05\/penurie-de-logements-lamenagement-du-territoire-fait-partie-de-la-solution\/","title":{"rendered":"P\u00e9nurie de logements: l\u2019am\u00e9nagement du territoire fait partie de la solution"},"content":{"rendered":"<p>Dans le d\u00e9bat sur la p\u00e9nurie de logements, un coupable est vite d\u00e9sign\u00e9: l\u2019am\u00e9nagement du territoire et, plus pr\u00e9cis\u00e9ment, la loi sur l\u2019am\u00e9nagement du territoire (LAT) qui, selon ses d\u00e9tracteurs, restreint trop la construction de logements. Pour \u00e9valuer le bien-fond\u00e9 de cette critique, il vaut la peine de se pencher sur le pass\u00e9.<\/p>\n<p>La <a href=\"https:\/\/www.are.admin.ch\/are\/fr\/home\/developpement-et-amenagement-du-territoire\/droit-de-l_amenagement-du-territoire\/revision-de-la-loi-sur-lamenagement-du-territoire--lat-.html\">premi\u00e8re r\u00e9vision partielle de la loi sur l\u2019am\u00e9nagement du territoire<\/a> (LAT1) est entr\u00e9e en vigueur il y a dix ans, le 1<sup>er<\/sup>\u00a0mai 2014. Son objectif \u00e9tait alors de juguler le mitage du territoire en freinant le reclassement de terrains en zones \u00e0 b\u00e2tir et la construction sur des prairies verdoyantes. La nouvelle politique entendait d\u00e9velopper l\u2019urbanisation vers l\u2019int\u00e9rieur, c\u2019est-\u00e0-dire construire l\u00e0 o\u00f9 il y a d\u00e9j\u00e0 des b\u00e2timents et des voies d\u2019acc\u00e8s, au lieu de b\u00e9tonner des paysages intacts.<\/p>\n<p>Il s\u2019agissait d\u2019une approche \u00e9conomique, d\u2019une part parce qu\u2019en Suisse, l\u2019espace est une ressource rare et pr\u00e9cieuse qui doit \u00eatre utilis\u00e9e de la mani\u00e8re la plus efficace possible et, d\u2019autre part, parce que nos paysages naturels exempts de constructions contribuent largement \u00e0 l\u2019attrait du pays.<\/p>\n<h2 class=\"text__graphic-title\">Coup de frein au mitage du territoire<\/h2>\n<p>Avec la LAT1 est entr\u00e9 en vigueur un moratoire sur les zones \u00e0 b\u00e2tir qui a impos\u00e9 le gel des classements en zone \u00e0 b\u00e2tir tant que les cantons n\u2019avaient pas adapt\u00e9 leur plan directeur (qui repr\u00e9sente l\u2019instrument central d\u2019am\u00e9nagement du territoire) \u00e0 la LAT1 et que le Conseil f\u00e9d\u00e9ral n\u2019avait pas approuv\u00e9 ces adaptations. Le dernier plan directeur r\u00e9vis\u00e9 (en l\u2019occurrence, celui du Tessin) ayant \u00e9t\u00e9 approuv\u00e9 par le Conseil f\u00e9d\u00e9ral \u00e0 l\u2019automne 2022, les communes doivent d\u00e9sormais r\u00e9viser leurs plans d\u2019affectation conform\u00e9ment \u00e0 la LAT1 afin de cr\u00e9er un milieu b\u00e2ti o\u00f9 il fait bon vivre.<\/p>\n<p>Face \u00e0 la p\u00e9nurie de logements, il n\u2019est pas \u00e9tonnant que le d\u00e9veloppement vers l\u2019int\u00e9rieur se heurte aux critiques de certains \u00e9conomistes. Pour cr\u00e9er plus d\u2019espace habitable, il semble a priori plus simple de reclasser des zones \u00e0 grande \u00e9chelle et de lancer les pelleteuses sur les terrains libres.<\/p>\n<p>Ce n&#8217;est cependant pas le r\u00f4le de l&#8217;am\u00e9nagement du territoire de r\u00e9agir \u00e0 court terme et de mani\u00e8re unilat\u00e9rale \u00e0 des besoins individuels, d\u2019autant plus que la LAT1 est efficace. Les derniers chiffres de la <a href=\"https:\/\/www.are.admin.ch\/are\/fr\/home\/developpement-et-amenagement-du-territoire\/bases-et-donnees\/statistique-suisse-des-zones-a-batir.html\">statistique des zones \u00e0 b\u00e2tir<\/a> de l\u2019Office f\u00e9d\u00e9ral du d\u00e9veloppement territorial (ARE) indiquent qu\u2019elle a permis de freiner la tendance au mitage du territoire gr\u00e2ce notamment au moratoire sur les zones \u00e0 b\u00e2tir. La surface totale des zones \u00e0 b\u00e2tir est ainsi rest\u00e9e stable, en d\u00e9pit de la croissance de la population: entre 2012 et 2022, la surface utilis\u00e9e par habitant ay diminu\u00e9 pour passer de 309 m<sup>2<\/sup> \u00e0 282\u00a0m<sup>2<\/sup>.<\/p>\n<h2 class=\"text__graphic-title\">Diminution de la surface des zones \u00e0 b\u00e2tir utilis\u00e9e par habitant entre 2012 et 2022<\/h2>\n<div>\n<h6 class=\"copy-small-bold\">GRAPHIQUE INTERACTIF<\/h6>\n<div class=\"chart chart--normal\" id=\"LEZZI-2024-5_FR\"><\/div>\n<script>\n$(function () {\n    $('#LEZZI-2024-5_FR').highcharts({\n   chart: {\n        type: 'line'\n    },\n    title: {\n        text: ''\n    },\n    subtitle: {\n        text: ''\n    },\n     plotOptions: {\n        line: {\n            marker: {\n                enabled: false\n            }\n        }\n    },\n     tooltip: {\n           \n                       valueSuffix: '',\n\n\n        },\n   \n    xAxis: {\n    \n    title: {\n                text: ''\n            },\n        categories: [\n        \n'2012','2017','2022'\n\n\n\n],\n\n\n    },\n    yAxis: {\n        title: {\n            text: ''\n        },\n        labels: {\n                format: ''\n            },\n            \n                   \n    },\n     tooltip: {\n     headerFormat: '<b>{point.x} <\/b><br>',\n     valueSuffix: ''\n   \n   \n        },\n    \n    series: [\n     {\n        name: 'Surface des zones \u00e0 b\u00e2tir utilis\u00e9e par habitant, en m2',\n        data: [\n      309,291,282\n\n\t\n\n\n\n]\n       \n           },  \n           \n           \n          \n           \n           \n           \n           ]\n});\n});\n<\/script>\n<\/div>\n<div class=\"diagram-legend\">Source: Statistique des zones \u00e0 b\u00e2tir ARE\u00a0\/ La Vie \u00e9conomique<\/div>\n<h2 class=\"text__graphic-title\">Un potentiel immense<\/h2>\n<p>Le d\u00e9veloppement de l\u2019urbanisation vers l\u2019int\u00e9rieur est \u00e9videmment complexe. Quand on construit dans une zone d\u2019habitation existante, il faut s\u2019attendre \u00e0 rencontrer de nombreux obstacles. L\u2019augmentation du trafic, une vue bouch\u00e9e et la modification de l\u2019image du quartier sont quelques-uns des probl\u00e8mes souvent \u00e9voqu\u00e9s dans les r\u00e9unions de voisinages et dans les oppositions aux projets de construction. Viennent s\u2019y ajouter les distances de construction \u00e0 respecter et d\u2019autres r\u00e9glementations qui compliquent encore la densification du b\u00e2ti, tout comme certaines lois qui, faute d\u2019actualisation, restent trop ax\u00e9es sur les nouvelles constructions en rase campagne.<\/p>\n<p>Malgr\u00e9 ces obstacles, le potentiel du d\u00e9veloppement vers l\u2019int\u00e9rieur est immense et le nombre d\u2019exemples couronn\u00e9s de succ\u00e8s ne cesse d\u2019augmenter, r\u00e9v\u00e9lant \u00e9galement quels facteurs ont conduit \u00e0 leur r\u00e9ussite. La d\u00e9marche est ainsi plus ais\u00e9e si l\u2019on y associe les habitants d\u00e8s le d\u00e9but du projet au lieu de proposer une consultation alibi \u00e0 la fin du processus de planification. Aucun projet n\u2019est r\u00e9alisable si l\u2019on passe outre la population. Et si un projet permet d\u2019\u00e9liminer certaines nuisances sonores ou de cr\u00e9er de beaux espaces verts ou des lieux d\u00e9di\u00e9s aux loisirs et aux rencontres, tout le monde y gagne.<\/p>\n<p>Un autre avantage du d\u00e9veloppement interne est qu\u2019il n\u00e9cessite nettement moins de ressources que la construction. Au lieu de d\u00e9molir des b\u00e2timents, il est souvent bien plus efficace de les r\u00e9affecter, de les r\u00e9nover, les sur\u00e9lever ou les agrandir. Sans oublier que de nombreux mat\u00e9riaux peuvent \u00eatre r\u00e9utilis\u00e9s ou revaloris\u00e9s, ce qui n\u2019est pas encore assez pratiqu\u00e9.<\/p>\n<h2 class=\"text__graphic-title\">Des solutions innovantes sont n\u00e9cessaires<\/h2>\n<p>Les id\u00e9es innovantes et les solutions cr\u00e9atives, voire audacieuses, naissent souvent d\u2019une situation complexe. Pourquoi ne serait-ce pas le cas aussi dans le domaine de la construction de logements? Des architectes ont par exemple montr\u00e9 qu\u2019il est possible d\u2019ajouter un \u00e9tage \u00e0 des immeubles existants et, plus r\u00e9cemment, on a d\u00e9battu de la mani\u00e8re dont les immeubles de bureaux vides peuvent \u00eatre transform\u00e9s en logements. Et si la Conf\u00e9d\u00e9ration montrait l\u2019exemple en transformant une partie de ses immeubles de bureaux sous-utilis\u00e9s en logements?<\/p>\n<p>Ce sont des id\u00e9es comme celles-ci qui contribuent \u00e0 mettre en \u0153uvre le d\u00e9veloppement de l\u2019urbanisation vers l\u2019int\u00e9rieur, un des th\u00e8mes cl\u00e9s du <a href=\"https:\/\/www.admin.ch\/gov\/fr\/accueil\/documentation\/communiques.msg-id-100019.html\">plan d\u2019action<\/a> adopt\u00e9 le 13\u00a0f\u00e9vrier 2024 lors de la table ronde sur la p\u00e9nurie de logements. Pour faciliter le d\u00e9veloppement vers l\u2019int\u00e9rieur, il faut \u00e9galement acc\u00e9l\u00e9rer les proc\u00e9dures de planification et d\u2019autorisation chaque fois que cela est possible. Actuellement, l\u2019ARE \u00e9tudie de quelle mani\u00e8re les oppositions et les recours affectent l\u2019activit\u00e9 de construction de logements.<\/p>\n<h2 class=\"text__graphic-title\">Une port\u00e9e nationale<\/h2>\n<p>L\u2019am\u00e9nagement du territoire consiste \u00e0 permettre une utilisation judicieuse et mesur\u00e9e du sol. Pour remplir son mandat constitutionnel, l\u2019ARE adopte une vision globale. Bien que l\u2019habitat corresponde \u00e0 un besoin essentiel, la soci\u00e9t\u00e9 a \u00e9galement besoin d\u2019espaces d\u00e9di\u00e9s \u00e0 l\u2019activit\u00e9 \u00e9conomique, \u00e0 la nature, aux transports, \u00e0 la d\u00e9tente et aux loisirs, \u00e0 l\u2019approvisionnement en \u00e9nergie et \u00e0 la production alimentaire, pour ne citer que les plus importants.<\/p>\n<p>La vision d\u2019ensemble de l\u2019ARE tient \u00e9galement compte de la diversit\u00e9 de la Suisse. Certes, les trois quarts de la population vivent dans des zones urbaines et la situation des logements est tendue dans les grandes villes \u2013 une situation qui risque encore d\u2019empirer, selon nos estimations actuelles. Mais la Suisse compte \u00e9galement des zones p\u00e9riph\u00e9riques, des r\u00e9gions \u00e0 caract\u00e8re agricole ou industriel, des sites touristiques, des centres r\u00e9gionaux et des r\u00e9gions de montagne peu desservies qui ont \u00e9galement des besoins en mati\u00e8re d\u2019espace. Leur population et leurs entreprises doivent elles aussi avoir des perspectives d\u2019avenir. Le d\u00e9veloppement territorial doit donc veiller \u00e0 une urbanisation ma\u00eetris\u00e9e de notre pays. Le d\u00e9veloppement vers l\u2019int\u00e9rieur est un moyen d\u2019y parvenir. L\u2019am\u00e9nagement du territoire ne fait donc pas partie du probl\u00e8me, mais de la solution.<\/p>","protected":false},"excerpt":{"rendered":"<p>Dans le d\u00e9bat sur la p\u00e9nurie de logements, un coupable est vite d\u00e9sign\u00e9: l\u2019am\u00e9nagement du territoire et, plus pr\u00e9cis\u00e9ment, la loi sur l\u2019am\u00e9nagement du territoire (LAT) qui, selon ses d\u00e9tracteurs, restreint trop la construction de logements. Pour \u00e9valuer le bien-fond\u00e9 de cette critique, il vaut la peine de se pencher sur le pass\u00e9. La premi\u00e8re [&hellip;]<\/p>","protected":false},"author":11868,"featured_media":198795,"comment_status":"open","ping_status":"open","sticky":false,"template":"","format":"standard","meta":{"_acf_changed":false,"om_disable_all_campaigns":false,"ep_exclude_from_search":false,"footnotes":""},"post__type":[81,83],"post_opinion":[],"post_serie":[],"post_content_category":[107],"post_content_subject":[193,191],"acf":{"seco_author":11868,"seco_co_author":"","author_override":"","seco_author_post_ocupation_year":"","seco_author_post_occupation_de":"Dr. phil., Direktorin des Bundesamtes f\u00fcr Raumentwicklung (ARE), Ittigen","seco_author_post_occupation_fr":"Directrice de l\u2019Office f\u00e9d\u00e9ral du d\u00e9veloppement territorial (ARE), Ittigen","seco_co_authors_post_ocupation":null,"short_title":"","post_lead":"Cr\u00e9er de nouvelles zones \u00e0 b\u00e2tir n\u2019aide pas \u00e0 lutter contre la p\u00e9nurie de logements dans les villes. La solution r\u00e9side plut\u00f4t dans le d\u00e9veloppement de l\u2019urbanisation vers l\u2019int\u00e9rieur. Cette approche est certes plus complexe que la construction sur des terrains libres, mais, \u00e0 long terme, elle s\u2019av\u00e8re plus durable et plus \u00e9conomique. ","post_hero_image_description":"Au lieu de b\u00e9tonner des paysages intacts, il faudrait construire l\u00e0 o\u00f9 il y a d\u00e9j\u00e0 des b\u00e2timents.","post_hero_image_description_copyright_de":"","post_hero_image_description_copyright_fr":"Keystone","post_references_literature":"","post_kasten":null,"post_notes_for_print":"","first_teaser_header_de":"","first_teaser_header_fr":"","first_teaser_text_de":"","first_teaser_text_fr":"","second_teaser_header_de":"","second_teaser_header_fr":"","second_teaser_text_de":"","second_teaser_text_fr":"","kseason_de":"","kseason_fr":"","post_in_pdf":"","main_focus":{"1":198623},"serie_email":null,"frontpage_slider_bild":"","artikel_bild-slider":null,"legacy_id":"","post_abstract":"","magazine_issue":null,"seco_author_reccomended_post":"","redaktoren":"","korrektor":"","planned_publication_date":"2024-05-07 05:00:11","original_files":null,"external_release_for_author":null,"external_release_for_author_time":"","link_for_external_authors":"https:\/\/dievolkswirtschaft.ch\/fr\/exedit\/660d39dc766c7"},"_links":{"self":[{"href":"https:\/\/dievolkswirtschaft.ch\/fr\/wp-json\/wp\/v2\/posts\/197593"}],"collection":[{"href":"https:\/\/dievolkswirtschaft.ch\/fr\/wp-json\/wp\/v2\/posts"}],"about":[{"href":"https:\/\/dievolkswirtschaft.ch\/fr\/wp-json\/wp\/v2\/types\/post"}],"author":[{"embeddable":true,"href":"https:\/\/dievolkswirtschaft.ch\/fr\/wp-json\/wp\/v2\/users\/11868"}],"replies":[{"embeddable":true,"href":"https:\/\/dievolkswirtschaft.ch\/fr\/wp-json\/wp\/v2\/comments?post=197593"}],"version-history":[{"count":6,"href":"https:\/\/dievolkswirtschaft.ch\/fr\/wp-json\/wp\/v2\/posts\/197593\/revisions"}],"predecessor-version":[{"id":198845,"href":"https:\/\/dievolkswirtschaft.ch\/fr\/wp-json\/wp\/v2\/posts\/197593\/revisions\/198845"}],"acf:post":[{"embeddable":true,"href":"https:\/\/dievolkswirtschaft.ch\/fr\/wp-json\/wp\/v2\/main_focus_post\/198623"}],"acf:user":[{"embeddable":true,"href":"https:\/\/dievolkswirtschaft.ch\/fr\/wp-json\/wp\/v2\/users\/11868"}],"wp:featuredmedia":[{"embeddable":true,"href":"https:\/\/dievolkswirtschaft.ch\/fr\/wp-json\/wp\/v2\/media\/198795"}],"wp:attachment":[{"href":"https:\/\/dievolkswirtschaft.ch\/fr\/wp-json\/wp\/v2\/media?parent=197593"}],"wp:term":[{"taxonomy":"post__type","embeddable":true,"href":"https:\/\/dievolkswirtschaft.ch\/fr\/wp-json\/wp\/v2\/post__type?post=197593"},{"taxonomy":"post_opinion","embeddable":true,"href":"https:\/\/dievolkswirtschaft.ch\/fr\/wp-json\/wp\/v2\/post_opinion?post=197593"},{"taxonomy":"post_serie","embeddable":true,"href":"https:\/\/dievolkswirtschaft.ch\/fr\/wp-json\/wp\/v2\/post_serie?post=197593"},{"taxonomy":"post_content_category","embeddable":true,"href":"https:\/\/dievolkswirtschaft.ch\/fr\/wp-json\/wp\/v2\/post_content_category?post=197593"},{"taxonomy":"post_content_subject","embeddable":true,"href":"https:\/\/dievolkswirtschaft.ch\/fr\/wp-json\/wp\/v2\/post_content_subject?post=197593"}],"curies":[{"name":"wp","href":"https:\/\/api.w.org\/{rel}","templated":true}]}}