{"id":200692,"date":"2024-09-06T07:05:31","date_gmt":"2024-09-06T05:05:31","guid":{"rendered":"https:\/\/dievolkswirtschaft.ch\/?p=200692"},"modified":"2024-09-06T09:59:00","modified_gmt":"2024-09-06T07:59:00","slug":"entre-orient-et-occident-le-grand-ecart-geopolitique-de-linde","status":"publish","type":"post","link":"https:\/\/dievolkswirtschaft.ch\/fr\/2024\/09\/entre-orient-et-occident-le-grand-ecart-geopolitique-de-linde\/","title":{"rendered":"Entre Orient et Occident, le grand \u00e9cart g\u00e9opolitique de l\u2019Inde"},"content":{"rendered":"<p>\u00abPlus grande d\u00e9mocratie du monde\u00bb, \u00aballi\u00e9 naturel de l\u2019Occident\u00bb et, de plus en plus souvent, \u00abpartenaire commercial important\u00bb, telles sont les expressions souvent utilis\u00e9es pour qualifier l\u2019Inde, dont le r\u00f4le sur la sc\u00e8ne mondiale est toutefois bien plus complexe. Depuis 1947, ann\u00e9e de son ind\u00e9pendance, l\u2019ancienne colonie britannique suit une politique d\u2019autonomie strat\u00e9gique, souvent \u00e0 rebours des attentes occidentales.<\/p>\n<p>De Jawaharlal Nehru, le premier Premier ministre de la jeune nation ind\u00e9pendante, \u00e0 la politique nationaliste hindoue de Narendra Modi en passant par la lib\u00e9ralisation \u00e9conomique du tournant du si\u00e8cle, l\u2019engagement indien sur la sc\u00e8ne \u00e9conomique et politique mondiale n\u2019a cess\u00e9 d\u2019\u00e9voluer au fil de l\u2019histoire. Le pays a toujours oscill\u00e9 entre ouverture \u00e9conomique et protection de ses int\u00e9r\u00eats, entre rapprochement occidental et relations avec les r\u00e9gimes autoritaires; cet exercice d\u2019\u00e9quilibriste reste d\u2019actualit\u00e9 aujourd\u2019hui et influence la place de l\u2019Inde dans le monde.<\/p>\n<h2 class=\"text__graphic-title\">1947-1991: autosuffisance et neutralit\u00e9, les deux axes de Nehru<\/h2>\n<p>\u00c0 partir de l\u2019ind\u00e9pendance de 1947, Jawaharlal Nehru a inscrit deux principes au c\u0153ur de la politique \u00e9conomique et ext\u00e9rieure de son pays: l\u2019autosuffisance et l\u2019ind\u00e9pendance vis-\u00e0-vis des blocs. Avec l\u2019\u00c9gypte et l\u2019ancienne Yougoslavie, l\u2019Inde a ainsi fait partie des \u00abnon-align\u00e9s\u00bb, ces pays qui entendaient rester neutres en p\u00e9riode de guerre froide. Du point de vue \u00e9conomique, ces deux grandes orientations se sont traduites par une strat\u00e9gie de substitution des importations (caract\u00e9ris\u00e9e par des droits de douane \u00e9lev\u00e9s et des quotas stricts pour les importations) et un contr\u00f4le \u00e9tatique marqu\u00e9 des industries cl\u00e9s comme celles de l\u2019acier, de la construction m\u00e9canique, de la chimie ou de la production automobile. L\u2019objectif \u00e9tait de disposer d\u2019une vaste assise industrielle et de limiter les importations.<\/p>\n<p>De cette mani\u00e8re, le pays a essay\u00e9 de conserver son ind\u00e9pendance politique durant la guerre froide. Ce \u00abnon-interventionnisme\u00bb a permis \u00e0 l\u2019Inde de se tenir \u00e0 l\u2019\u00e9cart des conflits internationaux et de se concentrer sur ses objectifs de d\u00e9veloppement, mais aussi de ne pas \u00eatre impliqu\u00e9e dans les rivalit\u00e9s des superpuissances. Face aux enjeux \u00e9conomiques des ann\u00e9es\u00a01980\u00a0\u2011 un endettement \u00e9lev\u00e9, une forte inflation et un d\u00e9ficit commercial croissant\u00a0\u2011 le pays a toutefois revu sa copie et inaugur\u00e9 une \u00e8re de r\u00e9formes \u00e9conomiques et d\u2019ouverture aux march\u00e9s internationaux.<\/p>\n<h2 class=\"text__graphic-title\">1991-2014: ouverture au monde<\/h2>\n<p>Confront\u00e9e en 1991 \u00e0 une grave crise de sa balance des paiements, l\u2019Inde a \u00e9t\u00e9 contrainte de donner une nouvelle orientation \u00e0 sa politique \u00e9conomique. \u00c0 l\u2019\u00e9poque, le pays se trouve au bord de la faillite financi\u00e8re et doit demander de l\u2019aide au Fonds \u00e9conomique mondial (FMI). Sous la houlette du ministre des finances de l\u2019\u00e9poque, Manmohan Singh, qui deviendra Premier ministre par la suite, l\u2019Inde se lance dans de vastes r\u00e9formes \u00e9conomiques plac\u00e9es sous le signe de la lib\u00e9ralisation des \u00e9changes, de l\u2019ouverture aux investissements \u00e9trangers et de la d\u00e9r\u00e9gulation de diff\u00e9rents secteurs, comme les t\u00e9l\u00e9communications, le transport a\u00e9rien ou les assurances.<\/p>\n<p>Ces r\u00e9formes d\u00e9ploient des effets consid\u00e9rables: la contribution du pays au commerce mondial et les investissements \u00e9trangers directs augmentent fortement; l\u2019Inde vit dans les ann\u00e9es\u00a02000 une croissance \u00e9conomique acc\u00e9l\u00e9r\u00e9e, avec des taux de plus de 8% (voir <em>illustration<\/em>). Cette lib\u00e9ralisation s\u2019accompagne cependant d\u2019un certain nombre de d\u00e9fis: elle rend l\u2019Inde plus vuln\u00e9rable aux chocs \u00e9conomiques mondiaux et renforce les in\u00e9galit\u00e9s socio\u00e9conomiques, sans compter que l\u2019urbanisation rapide et la restructuration \u00e9conomique se traduisent par des tensions sociales et des disparit\u00e9s r\u00e9gionales importantes, comme le foss\u00e9 qui se creuse toujours plus entre les centres informatiques prosp\u00e8res comme Bangalore et les r\u00e9gions rurales laiss\u00e9es-pour-compte.<\/p>\n<h2 class=\"text__graphic-title\">L\u2019essor \u00e9conomique indien (1960-2023)<\/h2>\n<h6 class=\"copy-small-bold\">GRAPHIQUE INTERACTIF<\/h6>\n<div class='chart chart--normal' id='07_2024_Kooths-Hoffmann_Abb_2_FR'>\n\n<\/div>\n\n<script>\n$(function () {\n    $('#07_2024_Kooths-Hoffmann_Abb_2_FR').highcharts({\n\n  chart: {\n        zoomType: 'xy'\n    },\n    title: {\n        text: '',\n        align: 'left'\n    },\n    subtitle: {\n        text: '',\n        align: 'left'\n    },\n    xAxis: [{\n        categories: [1960,1961,1962,1963,1964,1965,1966,1967,1968,1969,1970,1971,1972,1973,1974,1975,1976,1977,1978,1979,1980,1981,1982,1983,1984,1985,1986,1987,1988,1989,1990,1991,1992,1993,1994,1995,1996,1997,1998,1999,2000,2001,2002,2003,2004,2005,2006,2007,2008,2009,2010,2011,2012,2013,2014,2015,2016,2017,2018,2019,2020,2021,2022,2023\t\n],\n        crosshair: true\n    }],\n    plotOptions: {\n        series: {\n            marker: {\n                enabled: false,\n               \n            }\n        }\n    },\n    yAxis: [{ \/\/ Primary yAxis\n         labels: {\n            format: '{value} USD',\n          \n        },\n        title: {\n            text: '',\n            \n        },\n        opposite: true\n\n    }, { \/\/ Secondary yAxis\n        gridLineWidth: 0,\n        title: {\n            text: '',\n          \n        },\n         labels: {\n         format: '{value} Mrd. USD',\n          \n        },\n\n    }, ],\n    tooltip: {\n        shared: false\n\n    },\n       \n    series: [{\n        name: 'Exportations de biens et de services',\n        type: 'column',\n       yAxis: 1,\n        data: [1.65,1.69,1.76,2.07,2.1,1.97,1.89,2.02,2.14,2.17,2.36,2.47,2.88,3.6,4.81,5.56,6.87,7.75,8.67,10.33,11.44,11.49,12.01,12.74,13.33,12.22,12.94,15.64,17.9,20.77,22.64,22.94,25.49,27.47,32.36,39.07,40.8,44.46,46.43,52.54,60.88,60.96,73.45,90.84,126.65,160.84,199.97,253.08,288.9,273.75,375.35,447.38,448.4,472.18,468.35,416.79,439.64,498.26,538.64,529.25,499.73,677.77,778.02,777.14\n\n],\n        tooltip: {\n            valueSuffix: ' milliards de dollars'\n        }\n    }, \n   {\n        name: 'PIB par habitant (\u00e9chelle de droite)',\n        type: 'line',\n  \n    color: '#887db1',\n        data: [83.04,85.97,90.28,101.32,115.49,119.08,89.2,96.05,99.52,107.18,111.97,118.16,122.62,143.46,163.23,157.93,161.14,186.42,206.08,224.58,267.4,271.43,275.27,292.64,278.1,298,312.06,342.07,355.74,347.46,368.75,303.85,317.56,301.5,346.23,373.63,399.58,414.9,412.51,440.96,442.04,449.91,468.85,543.85,624.11,710.51,802.01,1022.73,993.5,1096.64,1350.63,1449.6,1434.02,1438.06,1559.86,1590.17,1714.28,1957.97,1974.38,2050.16,1915.55,2250.18,2366.31,2484.85\n\n],\n        tooltip: {\n            valueSuffix: ' USD'\n        }\n\n    }],\n    \n});\n\n\n});\n\n\n\n<\/script>\n<div class=\"diagram-legend\">Source: Banque mondiale \/ La Vie \u00e9conomique<\/div>\n<p>&nbsp;<\/p>\n<p>La lib\u00e9ralisation \u00e9conomique indienne a eu un vaste impact g\u00e9opolitique: l\u2019int\u00e9gration de l\u2019Inde dans l\u2019\u00e9conomie mondiale a renforc\u00e9 ses liens avec l\u2019Occident, notamment avec les \u00c9tats-Unis. Les deux pays ont par exemple sign\u00e9 un accord nucl\u00e9aire en 2008, symbole de la r\u00e9orientation claire de l\u2019Inde en mati\u00e8re de politique \u00e9trang\u00e8re. Officiellement puissance nucl\u00e9aire depuis 1974, le pays est devenu progressivement un alli\u00e9 strat\u00e9gique du monde occidental.<\/p>\n<h2 class=\"text__graphic-title\">Le nationalisme autoritaire de Modi<\/h2>\n<p>La victoire de Narendra Modi aux \u00e9lections de 2014 a marqu\u00e9 l\u2019entr\u00e9e de la politique \u00e9conomique et \u00e9trang\u00e8re de l\u2019Inde dans une nouvelle \u00e8re. D\u2019une part, le gouvernement, sous la houlette du parti conservateur de droite BJP, a adopt\u00e9 une position nationaliste et lanc\u00e9 des initiatives comme \u00abMake in India\u00bb, afin de renforcer la production et l\u2019emploi nationaux et de r\u00e9duire les importations. D\u2019autre part, Modi a renforc\u00e9 la lib\u00e9ralisation en cr\u00e9ant notamment des zones \u00e9conomiques sp\u00e9ciales en vue de doper les investissements et les exportations. Il s\u2019agit de zones franches, dans lesquelles les entreprises ont libre acc\u00e8s au march\u00e9 int\u00e9rieur indien et profitent d\u2019all\u00e9gements fiscaux temporaires et d\u2019autres r\u00e8gles d\u00e9rogatoires.<\/p>\n<p>Ces mesures ont port\u00e9 leurs fruits: la croissance \u00e9conomique est ainsi pass\u00e9e de 4,5% en moyenne dans les ann\u00e9es\u00a02000 \u00e0 2013 \u00e0 5,76% en moyenne entre 2014 et 2022. La politique de Modi est toutefois controvers\u00e9e: on lui reproche d\u2019exproprier la population, d\u2019assouplir les normes environnementales et les normes du travail, mais aussi de favoriser certains magnats de l\u2019industrie, comme Gautam Adani, et de privil\u00e9gier quelques grands groupes, ce qui, selon les m\u00eames voix critiques, revient \u00e0 fausser la concurrence, \u00e0 favoriser la cr\u00e9ation de monopoles et \u00e0 faire b\u00e9n\u00e9ficier seulement une petite \u00e9lite de la prosp\u00e9rit\u00e9.<\/p>\n<h2 class=\"text__graphic-title\">Un contrepoids \u00e0 la Chine<\/h2>\n<p>Tandis que, durant la p\u00e9riode de lib\u00e9ralisation \u00e9conomique du d\u00e9but des ann\u00e9es\u00a02000, l\u2019Inde s\u2019est rapproch\u00e9e de l\u2019Occident, sa strat\u00e9gie g\u00e9opolitique est devenue plus complexe depuis l\u2019arriv\u00e9e de Modi. L\u2019int\u00e9gration dans l\u2019\u00e9conomie mondiale et les relations \u00e9troites avec le monde occidental restent au c\u0153ur de la politique \u00e9trang\u00e8re indienne, mais, du fait du positionnement toujours plus marqu\u00e9 de la Chine dans la r\u00e9gion, l\u2019Inde s\u2019emploie \u00e0 contrebalancer cette puissance grandissante et \u00e0 assumer un r\u00f4le plus important dans la zone indopacifique. Les deux pays se livrent une lutte d\u2019influence par le biais d\u2019initiatives en mati\u00e8re d\u2019infrastructures ou d\u2019un engagement renforc\u00e9 en Afrique ou en Asie du Sud-Est, par exemple. Leur conflit frontalier durable et leurs diff\u00e9rends commerciaux empoisonnent aussi les relations entre les deux pays.<\/p>\n<p>Dans ce contexte g\u00e9opolitique complexe, l\u2019Inde poursuit une strat\u00e9gie multiple en cherchant \u00e0 coop\u00e9rer \u00e9conomiquement avec l\u2019Empire du Milieu dans les secteurs pr\u00e9sentant un int\u00e9r\u00eat commun. Les deux pays collaborent ainsi au sein de la Banque asiatique d\u2019investissements dans le domaine des infrastructures et dans des projets d\u2019optimisation des \u00e9nergies renouvelables. Par ailleurs, l\u2019Inde continue \u00e0 renforcer ses partenariats strat\u00e9giques avec des pays occidentaux comme les \u00c9tats-Unis, le Japon et l\u2019Australie, afin de faire contrepoids \u00e0 la Chine, par exemple dans le cadre du Dialogue quadrilat\u00e9ral de s\u00e9curit\u00e9, dit <em>Quad<\/em>. En sa qualit\u00e9 de membre du groupe <em>BRICS, <\/em>l\u2019Inde intensifie \u00e9galement ses relations avec d\u2019autres puissances \u00e9mergentes et maintient son partenariat historique avec la Russie en d\u00e9pit de l\u2019invasion de l\u2019Ukraine, notamment en continuant \u00e0 importer du p\u00e9trole russe ou en collaborant avec la Russie dans la production d\u2019armes. Cette politique \u00e9trang\u00e8re multidimensionnelle refl\u00e8te la volont\u00e9 de l\u2019Inde de rester l\u2019alli\u00e9 strat\u00e9gique du monde occidental tout en restant fid\u00e8le \u00e0 son non-alignement historique et de pr\u00e9server son autonomie strat\u00e9gique.<\/p>\n<h2 class=\"text__graphic-title\">Modi: une politique critiqu\u00e9e<\/h2>\n<p>Malgr\u00e9 ses succ\u00e8s \u00e9conomiques et g\u00e9opolitiques, l\u2019action de Modi suscite des r\u00e9serves croissantes en raison de ses tendances autoritaires. On lui reproche notamment de restreindre la libert\u00e9 de la presse, de stigmatiser certaines minorit\u00e9s religieuses et de centraliser progressivement le pouvoir. La suppression du statut sp\u00e9cial d\u2019\u00c9tat f\u00e9d\u00e9r\u00e9 accord\u00e9 \u00e0 la r\u00e9gion de Jammu-et-Cachemire en 2019 a \u00e9t\u00e9 per\u00e7ue comme une mesure visant \u00e0 opprimer la communaut\u00e9 majoritairement musulmane de la r\u00e9gion. Ces d\u00e9veloppements entachent l\u2019image d\u00e9mocratique de l\u2019Inde et soulignent la complexit\u00e9 de son essor.<\/p>\n<p>Les pays qui interagissent avec l\u2019Inde, notamment la Suisse et les autres \u00c9tats de l\u2019AELE, doivent imp\u00e9rativement comprendre la nature multiforme de ce pays afin d\u2019\u00eatre en mesure de mieux \u00e9valuer les risques et les opportunit\u00e9s de leurs relations et d\u2019adopter une strat\u00e9gie \u00e9quilibr\u00e9e tenant compte \u00e0 la fois des int\u00e9r\u00eats \u00e9conomiques et des valeurs d\u00e9mocratiques.<\/p>","protected":false},"excerpt":{"rendered":"<p>\u00abPlus grande d\u00e9mocratie du monde\u00bb, \u00aballi\u00e9 naturel de l\u2019Occident\u00bb et, de plus en plus souvent, \u00abpartenaire commercial important\u00bb, telles sont les expressions souvent utilis\u00e9es pour qualifier l\u2019Inde, dont le r\u00f4le sur la sc\u00e8ne mondiale est toutefois bien plus complexe. Depuis 1947, ann\u00e9e de son ind\u00e9pendance, l\u2019ancienne colonie britannique suit une politique d\u2019autonomie strat\u00e9gique, souvent \u00e0 [&hellip;]<\/p>","protected":false},"author":12179,"featured_media":202151,"comment_status":"open","ping_status":"open","sticky":false,"template":"","format":"standard","meta":{"_acf_changed":false,"om_disable_all_campaigns":false,"ep_exclude_from_search":false,"footnotes":""},"post__type":[81,83],"post_opinion":[],"post_serie":[],"post_content_category":[106],"post_content_subject":[134,220],"acf":{"seco_author":12179,"seco_co_author":"","author_override":"","seco_author_post_ocupation_year":"","seco_author_post_occupation_de":"Wissenschaftlicher Mitarbeiter, Europainstitut, Universit\u00e4t Basel","seco_author_post_occupation_fr":"Collaborateur scientifique, Institut europ\u00e9en, Universit\u00e9 de B\u00e2le","seco_co_authors_post_ocupation":null,"short_title":"","post_lead":"Depuis l\u2019ind\u00e9pendance du pays en 1947, la politique indienne n\u2019a cess\u00e9 de se r\u00e9inventer. Retour sur l\u2019histoire du pays le plus peupl\u00e9 du monde, en plein essor \u00e9conomique.","post_hero_image_description":"Des relations complexes: l\u2019Inde cherche certes \u00e0 coop\u00e9rer \u00e9conomiquement avec la Chine, mais elle s\u2019emploie en m\u00eame temps \u00e0 contrebalancer la puissance du pays.","post_hero_image_description_copyright_de":"","post_hero_image_description_copyright_fr":"Keystone","post_references_literature":"","post_kasten":null,"post_notes_for_print":"","first_teaser_header_de":"","first_teaser_header_fr":"","first_teaser_text_de":"","first_teaser_text_fr":"","second_teaser_header_de":"","second_teaser_header_fr":"","second_teaser_text_de":"","second_teaser_text_fr":"","kseason_de":"","kseason_fr":"","post_in_pdf":"","main_focus":[201878,201886],"serie_email":null,"frontpage_slider_bild":"","artikel_bild-slider":null,"legacy_id":"","post_abstract":"","magazine_issue":null,"seco_author_reccomended_post":"","redaktoren":"","korrektor":"","planned_publication_date":"2024-09-06 05:05:41","original_files":null,"external_release_for_author":null,"external_release_for_author_time":"","link_for_external_authors":"https:\/\/dievolkswirtschaft.ch\/fr\/exedit\/6684254bf2154"},"_links":{"self":[{"href":"https:\/\/dievolkswirtschaft.ch\/fr\/wp-json\/wp\/v2\/posts\/200692"}],"collection":[{"href":"https:\/\/dievolkswirtschaft.ch\/fr\/wp-json\/wp\/v2\/posts"}],"about":[{"href":"https:\/\/dievolkswirtschaft.ch\/fr\/wp-json\/wp\/v2\/types\/post"}],"author":[{"embeddable":true,"href":"https:\/\/dievolkswirtschaft.ch\/fr\/wp-json\/wp\/v2\/users\/12179"}],"replies":[{"embeddable":true,"href":"https:\/\/dievolkswirtschaft.ch\/fr\/wp-json\/wp\/v2\/comments?post=200692"}],"version-history":[{"count":7,"href":"https:\/\/dievolkswirtschaft.ch\/fr\/wp-json\/wp\/v2\/posts\/200692\/revisions"}],"predecessor-version":[{"id":202268,"href":"https:\/\/dievolkswirtschaft.ch\/fr\/wp-json\/wp\/v2\/posts\/200692\/revisions\/202268"}],"acf:post":[{"embeddable":true,"href":"https:\/\/dievolkswirtschaft.ch\/fr\/wp-json\/wp\/v2\/main_focus_post\/201886"},{"embeddable":true,"href":"https:\/\/dievolkswirtschaft.ch\/fr\/wp-json\/wp\/v2\/main_focus_post\/201878"}],"acf:user":[{"embeddable":true,"href":"https:\/\/dievolkswirtschaft.ch\/fr\/wp-json\/wp\/v2\/users\/12179"}],"wp:featuredmedia":[{"embeddable":true,"href":"https:\/\/dievolkswirtschaft.ch\/fr\/wp-json\/wp\/v2\/media\/202151"}],"wp:attachment":[{"href":"https:\/\/dievolkswirtschaft.ch\/fr\/wp-json\/wp\/v2\/media?parent=200692"}],"wp:term":[{"taxonomy":"post__type","embeddable":true,"href":"https:\/\/dievolkswirtschaft.ch\/fr\/wp-json\/wp\/v2\/post__type?post=200692"},{"taxonomy":"post_opinion","embeddable":true,"href":"https:\/\/dievolkswirtschaft.ch\/fr\/wp-json\/wp\/v2\/post_opinion?post=200692"},{"taxonomy":"post_serie","embeddable":true,"href":"https:\/\/dievolkswirtschaft.ch\/fr\/wp-json\/wp\/v2\/post_serie?post=200692"},{"taxonomy":"post_content_category","embeddable":true,"href":"https:\/\/dievolkswirtschaft.ch\/fr\/wp-json\/wp\/v2\/post_content_category?post=200692"},{"taxonomy":"post_content_subject","embeddable":true,"href":"https:\/\/dievolkswirtschaft.ch\/fr\/wp-json\/wp\/v2\/post_content_subject?post=200692"}],"curies":[{"name":"wp","href":"https:\/\/api.w.org\/{rel}","templated":true}]}}