{"id":202780,"date":"2024-10-24T07:00:05","date_gmt":"2024-10-24T05:00:05","guid":{"rendered":"https:\/\/dievolkswirtschaft.ch\/?p=202780"},"modified":"2024-10-25T07:49:04","modified_gmt":"2024-10-25T05:49:04","slug":"meme-si-elle-nen-est-pas-membre-la-suisse-participe-au-g20","status":"publish","type":"post","link":"https:\/\/dievolkswirtschaft.ch\/fr\/2024\/10\/meme-si-elle-nen-est-pas-membre-la-suisse-participe-au-g20\/","title":{"rendered":"M\u00eame si elle n\u2019en est pas membre, la Suisse participe au G20"},"content":{"rendered":"<p>Le \u00abGroupe des 20\u00bb, plus connu sous le nom de G20, est n\u00e9 en 1999, lors de la r\u00e9union informelle des ministres des Finances et des gouverneurs des banques centrales des dix-neuf principaux pays industriels et \u00e9mergents ainsi que de l\u2019UE. Son volet financier (<em>finance track, niveau minist\u00e9riel<\/em>) est plus particuli\u00e8rement consacr\u00e9 aux questions \u00e9conomiques et financi\u00e8res internationales. Le G20 a gagn\u00e9 en visibilit\u00e9 depuis qu\u2019un sommet annuel r\u00e9unit les chefs d\u2019\u00c9tat et de gouvernement chaque ann\u00e9e, depuis 2008, et qu\u2019il s\u2019est mis \u00e0 aborder toujours plus de sujets au sein du volet \u00abSherpa\u00bb (<em>sherpa track, niveau sup\u00e9rieur)<\/em>, du changement climatique \u00e0 la lutte contre la corruption.<\/p>\n<p>Le G20 a d\u2019embl\u00e9e pris une dimension informelle, \u00e9tant cr\u00e9\u00e9 en r\u00e9action \u00e0 l\u2019\u00e9chec de structures multilat\u00e9rales existantes comme l\u2019Organisation mondiale du commerce (OMC), le Fonds mon\u00e9taire international (FMI) ou l\u2019ONU. Apr\u00e8s plusieurs crises \u00e9conomiques et financi\u00e8res, les principales puissances industrielles \u00e9taient en effet arriv\u00e9es \u00e0 la conclusion que les rencontres informelles \u00e9taient plus efficaces pour apporter une r\u00e9ponse coordonn\u00e9e et, donc, plus concluante \u00e0 ces crises.<\/p>\n<h2 class=\"text__graphic-title\">Les anc\u00eatres du G20 confront\u00e9s \u00e0 un probl\u00e8me de l\u00e9gitimit\u00e9<\/h2>\n<p>Le Groupe des Six (G6) est constitu\u00e9 en 1975 dans le but d\u2019apporter une r\u00e9ponse concert\u00e9e \u00e0 la crise p\u00e9troli\u00e8re et financi\u00e8re. Ses membres fondateurs sont la R\u00e9publique f\u00e9d\u00e9rale d\u2019Allemagne d\u2019alors, la France, l\u2019Italie, le Japon, les \u00c9tats-Unis et la Grande-Bretagne, auxquels se joint le Canada en 1976, donnant ainsi naissance au G7. Mais ce groupe se heurte \u00e0 un probl\u00e8me: la crise du peso (1994), la crise financi\u00e8re en Asie (1997) et la crise du rouble (1998) r\u00e9v\u00e8lent que, \u00e0 eux seuls, les riches pays industrialis\u00e9s sont incapables de garantir la stabilit\u00e9 et l\u2019am\u00e9lioration permanente des structures \u00e9conomiques et financi\u00e8res mondiales. Soucieux d\u2019associer \u00e0 leur groupe un autre \u00abgrand pays industrialis\u00e9 d\u00e9mocratique\u00bb, les membres du G7 int\u00e8grent progressivement dans leurs rangs la Russie, \u00e0 partir de 1997, sous la pr\u00e9sidence de Boris Eltsine. C\u2019est ainsi qu\u2019une nouvelle structure appel\u00e9e G8 voit le jour<a href=\"#footnote_1\" id=\"footnote-anchor_1\" class=\"inline-footnote__anchor\">[1]<\/a><a href=\"#_ftn1\" name=\"_ftnref1\">[1]<\/a>. Le G8 est de nature strictement politique et, la Russie \u00e9tant exclue des sujets financiers et \u00e9conomiques, la structure du G7 reste inchang\u00e9e sur ce point<a href=\"#footnote_2\" id=\"footnote-anchor_2\" class=\"inline-footnote__anchor\">[2]<\/a>.<\/p>\n<p>En 1999, sous la pr\u00e9sidence de l\u2019Allemagne, les ministres des Finances et les gouverneurs des banques centrales du G7 consid\u00e8rent que le temps est venu d\u2019\u00e9largir leur groupe aux \u00ab\u00e9conomies nationales d\u2019importance syst\u00e9mique\u00bb<a href=\"#footnote_3\" id=\"footnote-anchor_3\" class=\"inline-footnote__anchor\">[3]<\/a>. C\u2019est la naissance du \u00abvolet financier du G20\u00bb<a href=\"#footnote_4\" id=\"footnote-anchor_4\" class=\"inline-footnote__anchor\">[4]<\/a>. Le choix des nouveaux membres du G20 a \u00e9t\u00e9 arr\u00eat\u00e9 d\u00e8s avril 1999 par les ministres des Finances des \u00c9tats-Unis et du Canada, qui ont tenu compte de la taille de l\u2019\u00e9conomie (PIB), mais aussi de pr\u00e9f\u00e9rences personnelles, de la diversit\u00e9 g\u00e9ographique et de l\u2019importance politique des pays<a href=\"#footnote_5\" id=\"footnote-anchor_5\" class=\"inline-footnote__anchor\">[5]<\/a>. Le chiffre rond de 20\u00a0membres doit en outre souligner l\u2019aspect d\u00e9finitif de la composition du groupe, qui reste inchang\u00e9 jusqu\u2019en 2023, lorsque l\u2019Union africaine (UA) est admise en qualit\u00e9 de membre permanent.<\/p>\n<p>L\u2019arriv\u00e9e de nouveaux \u00c9tats membres lors de la cr\u00e9ation du G20 avait pour but d\u2019instaurer un \u00e9quilibre entre les principaux pays industrialis\u00e9s et les pays \u00e9mergents (voir <em>encadr\u00e9<\/em>). La surrepr\u00e9sentation de l\u2019Europe \u00e9tait donc un obstacle \u00e0 l\u2019admission de la Suisse. Ainsi, son classement parmi les vingt \u00e9conomies les plus d\u00e9velopp\u00e9es selon son PIB nominal, un an avant la cr\u00e9ation du G20, n\u2019aura servi \u00e0 rien \u00e0 la Suisse (voir <em>illustration<\/em>)<a href=\"#footnote_6\" id=\"footnote-anchor_6\" class=\"inline-footnote__anchor\">[6]<\/a>, qui se heurta en outre au fait qu\u2019en 2008, lors de la cr\u00e9ation du sommet des dirigeants du G20, les \u00c9tats-Unis, l\u2019Allemagne et la France \u00e9taient brouill\u00e9s avec elle en raison d\u2019un diff\u00e9rend fiscal.<\/p>\n<h2 class=\"text__graphic-title\">En 1999, lors de la cr\u00e9ation du G20, la Suisse faisait partie des 20 plus grandes \u00e9conomies du monde<\/h2>\n<p><a href=\"https:\/\/dievolkswirtschaft.ch\/content\/uploads\/2024\/10\/DV_10-24_Ursprung-Braun_FR-1-816x1024.png\"><img fetchpriority=\"high\" decoding=\"async\" class=\"alignnone size-large wp-image-203763\" src=\"https:\/\/dievolkswirtschaft.ch\/content\/uploads\/2024\/10\/DV_10-24_Ursprung-Braun_FR-1-816x1024.png\" alt=\"\" width=\"800\" height=\"1004\" srcset=\"https:\/\/dievolkswirtschaft.ch\/content\/uploads\/2024\/10\/DV_10-24_Ursprung-Braun_FR-1-816x1024.png 816w, https:\/\/dievolkswirtschaft.ch\/content\/uploads\/2024\/10\/DV_10-24_Ursprung-Braun_FR-1-239x300.png 239w, https:\/\/dievolkswirtschaft.ch\/content\/uploads\/2024\/10\/DV_10-24_Ursprung-Braun_FR-1-768x964.png 768w, https:\/\/dievolkswirtschaft.ch\/content\/uploads\/2024\/10\/DV_10-24_Ursprung-Braun_FR-1-1224x1536.png 1224w, https:\/\/dievolkswirtschaft.ch\/content\/uploads\/2024\/10\/DV_10-24_Ursprung-Braun_FR-1-1631x2048.png 1631w, https:\/\/dievolkswirtschaft.ch\/content\/uploads\/2024\/10\/DV_10-24_Ursprung-Braun_FR-1.png 1735w\" sizes=\"(max-width: 800px) 100vw, 800px\" \/><\/a><\/p>\n<div class=\"diagram-legend\">Source: Banque mondiale \/ La Vie \u00e9conomique<\/div>\n<h2 class=\"text__graphic-title\">Le Conseil f\u00e9d\u00e9ral adopte sa strat\u00e9gie G20<\/h2>\n<p>La \u00a0<a href=\"https:\/\/www.nzz.ch\/neue_weltordnung_-ld.557289\">presse suisse<\/a> s\u2019empare du sujet du G20 lorsque la crise financi\u00e8re \u00e9clate en 2008 et que, r\u00e9unis \u00e0 Londres en 2009 pour leur deuxi\u00e8me sommet, les dirigeants du G20 d\u00e9cident de publier la liste de l\u2019OCDE des pays consid\u00e9r\u00e9s comme non coop\u00e9ratifs en mati\u00e8re de politique fiscale. Quelques pays du G20 ont veill\u00e9 au pr\u00e9alable \u00e0 ce que leurs propres paradis fiscaux, comme l\u2019\u00eele de Man, \u00a0Jersey ou Macao, soient ray\u00e9s de cette liste<a href=\"#footnote_7\" id=\"footnote-anchor_7\" class=\"inline-footnote__anchor\">[7]<\/a>. La <a href=\"https:\/\/dievolkswirtschaft.ch\/fr\/2009\/06\/merz-2\/\">Suisse<\/a>, en revanche, est inscrite sur cette \u00abliste grise\u00bb sans en avoir \u00e9t\u00e9 inform\u00e9e par l\u2019OCDE<a href=\"#footnote_8\" id=\"footnote-anchor_8\" class=\"inline-footnote__anchor\">[8]<\/a>.<\/p>\n<p>Dans la foul\u00e9e, le Conseil f\u00e9d\u00e9ral proc\u00e8de \u00e0 une nouvelle \u00e9valuation du G20, lequel s\u2019autoproclame d\u00e9sormais \u00abforum principal pour la coop\u00e9ration \u00e9conomique\u00bb, et adopte en 2010 sa <a href=\"https:\/\/dievolkswirtschaft.ch\/fr\/2011\/10\/jordan-2\/\">strat\u00e9gie G20<\/a>. Cette derni\u00e8re pr\u00e9voit un positionnement proactif de la Suisse face aux priorit\u00e9s de l\u2019agenda du G20 et pr\u00e9cise en outre que Berne doit exercer son influence au sein des organisations internationales b\u00e9n\u00e9ficiant de mandats du G20, telles que le Fonds mon\u00e9taire international (FMI), la Banque mondiale ou le Conseil de stabilit\u00e9 financi\u00e8re (CSF), qui est h\u00e9berg\u00e9 par la Banque des r\u00e8glements internationaux (BRI) \u00e0 B\u00e2le<a href=\"#footnote_9\" id=\"footnote-anchor_9\" class=\"inline-footnote__anchor\">[9]<\/a>. La cr\u00e9ation d\u2019un groupe de travail interd\u00e9partemental (IDAG20) et l\u2019engagement au sein du groupe informel <em>Global Governance Group<\/em> (\u00ab3G\u00bb), qui milite depuis 2009 pour un dialogue renforc\u00e9 entre le G20 et l\u2019ONU et pour une meilleure implication des non-membres, comptent aussi parmi les mesures pr\u00e9vues dans le cadre de cette strat\u00e9gie. La Suisse a par ailleurs intensifi\u00e9 ses <a href=\"https:\/\/www.fedlex.admin.ch\/eli\/fga\/2011\/133\/fr\">relations bilat\u00e9rales<\/a> avec les pays membres du G20.<\/p>\n<h2 class=\"text__graphic-title\">La Suisse invit\u00e9e \u00e0 la table du G20<\/h2>\n<p>Ces efforts portent leurs fruits en 2011, sous la pr\u00e9sidence fran\u00e7aise du G20, la Suisse \u00e9tant alors autoris\u00e9e pour la premi\u00e8re fois \u00e0 participer au processus de pr\u00e9paration du sommet des chefs d\u2019\u00c9tat et du gouvernement du G20 en vue de la r\u00e9forme du syst\u00e8me financier international. La Conf\u00e9d\u00e9ration n\u2019est cependant pas convi\u00e9e au sommet de Cannes. Ce n\u2019est qu\u2019en 2013, sous la pr\u00e9sidence russe, qu\u2019elle peut participer au volet financier du G20 en tant que pays invit\u00e9<a href=\"#footnote_10\" id=\"footnote-anchor_10\" class=\"inline-footnote__anchor\">[10]<\/a>.<\/p>\n<p>Ses intenses efforts permettent \u00e0 la Suisse d\u2019\u00eatre invit\u00e9e chaque ann\u00e9e, depuis 2016, au<a href=\"https:\/\/www.sif.admin.ch\/fr\/volet-financier-g20\"> volet financier<\/a> du G20, un arrangement dont se satisfait aussi le Conseil f\u00e9d\u00e9ral. De fa\u00e7on inattendue, le pays a pu, sous la pr\u00e9sidence de l\u2019Arabie saoudite (2020), participer pour la premi\u00e8re et unique fois \u00e0 l\u2019ensemble du processus (volets financier et \u00abSherpa\u00bb, sommet des dirigeants compris), ce qui s\u2019est av\u00e9r\u00e9 toutefois \u00eatre un privil\u00e8ge co\u00fbteux en ressources.<\/p>\n<p>La Suisse semble avoir trouv\u00e9 dans son adh\u00e9sion non formelle au G20 une r\u00e9ponse \u00e0 la mesure de ses int\u00e9r\u00eats. La preuve la plus manifeste en est sa participation ininterrompue au volet financier depuis neuf ans. Il reste cependant une pointe d\u2019amertume: pour participer \u00e0 ce volet du G20, la Suisse d\u00e9pend toujours, <em>in fine<\/em>, du bon vouloir de l\u2019\u00c9tat h\u00f4te.<\/p>\n<ol class=\"footnote\"><li id=\"footnote_1\" class=\"footnote--item\">Voir H\u00f6hmann & Meier (1997).&nbsp;<a href=\"#footnote-anchor_1\" class=\"inline-footnote__anchor hidden-print\">[<span class=\"icon-arrow-up\"><\/span>]<\/a><\/li><li id=\"footnote_2\" class=\"footnote--item\">L\u2019int\u00e9gration partielle de la Russie dans le G8 s\u2019est faite en plusieurs \u00e9tapes \u00e0 partir de 1991, en particulier \u00e0 travers des rencontres G7+1 ou les \u00abr\u00e9unions politiques \u00e0 huit\u00bb. Denver (\u00c9tats-Unis, 1997) est consid\u00e9r\u00e9 comme le premier sommet du G8, m\u00eame si l\u2019admission de la Russie a \u00e9t\u00e9 formalis\u00e9e en 1998, pendant la pr\u00e9sidence britannique du G8.&nbsp;<a href=\"#footnote-anchor_2\" class=\"inline-footnote__anchor hidden-print\">[<span class=\"icon-arrow-up\"><\/span>]<\/a><\/li><li id=\"footnote_3\" class=\"footnote--item\">Voir <a href=\"https:\/\/g7g20-documents.org\/database\/document\/1999-g7-germany-ministerial-meetings-finance-ministers-ministers-language-statement-of-g7-finance-ministers-and-central-bank-governors#section-3\">D\u00e9claration<\/a> des ministres des Finances et des gouverneurs des banques centrales du G7 du 25.09.1999.&nbsp;<a href=\"#footnote-anchor_3\" class=\"inline-footnote__anchor hidden-print\">[<span class=\"icon-arrow-up\"><\/span>]<\/a><\/li><li id=\"footnote_4\" class=\"footnote--item\">Voir <a href=\"https:\/\/g7g20-documents.org\/database\/document\/1999-g20-germany-finance-track-ministers-language-communique-meeting-of-g20-finance-ministers-and-central-bank-governours\">Communiqu\u00e9 de presse<\/a> concernant la premi\u00e8re rencontre du volet financier du G20 le 16.12.1999 \u00e0 Berlin.&nbsp;<a href=\"#footnote-anchor_4\" class=\"inline-footnote__anchor hidden-print\">[<span class=\"icon-arrow-up\"><\/span>]<\/a><\/li><li id=\"footnote_5\" class=\"footnote--item\">Voir Cooper (2013). p. 38.&nbsp;<a href=\"#footnote-anchor_5\" class=\"inline-footnote__anchor hidden-print\">[<span class=\"icon-arrow-up\"><\/span>]<\/a><\/li><li id=\"footnote_6\" class=\"footnote--item\">L\u2019Espagne, les Pays-Bas et la Su\u00e8de, qui pouvaient \u00e9galement revendiquer une place parmi les vingt \u00e9conomies les plus d\u00e9velopp\u00e9es du monde, partageaient le sort de la Suisse. Avec l\u2019instauration d\u2019un sommet des chefs d\u2019\u00c9tat et de gouvernement des pays du G20 (2008) et l\u2019entr\u00e9e en vigueur du trait\u00e9 de Lisbonne (2009), l\u2019UE parvient \u00e0 d\u00e9velopper son influence au sein du G20 en y \u00e9tant doublement repr\u00e9sent\u00e9e (pr\u00e9sidences du Conseil et de la Commission).&nbsp;<a href=\"#footnote-anchor_6\" class=\"inline-footnote__anchor hidden-print\">[<span class=\"icon-arrow-up\"><\/span>]<\/a><\/li><li id=\"footnote_7\" class=\"footnote--item\">Voir Kirton J. J. (2013), p. 278, 286.&nbsp;<a href=\"#footnote-anchor_7\" class=\"inline-footnote__anchor hidden-print\">[<span class=\"icon-arrow-up\"><\/span>]<\/a><\/li><li id=\"footnote_8\" class=\"footnote--item\">L\u2019OCDE avait \u00e9t\u00e9 charg\u00e9e par le G20 d\u2019\u00e9tablir cette liste. Bien qu\u2019elle soit membre fondateur de l\u2019OCDE, la Suisse n\u2019en avait pas \u00e9t\u00e9 inform\u00e9e.&nbsp;<a href=\"#footnote-anchor_8\" class=\"inline-footnote__anchor hidden-print\">[<span class=\"icon-arrow-up\"><\/span>]<\/a><\/li><li id=\"footnote_9\" class=\"footnote--item\">Membre du CSF depuis 2007, la Suisse y est repr\u00e9sent\u00e9e depuis 2009 par deux institutions: la Banque nationale suisse (BNS) et le D\u00e9partement f\u00e9d\u00e9ral des finances (DFF).&nbsp;<a href=\"#footnote-anchor_9\" class=\"inline-footnote__anchor hidden-print\">[<span class=\"icon-arrow-up\"><\/span>]<\/a><\/li><li id=\"footnote_10\" class=\"footnote--item\">Pour expliquer cette invitation, la Conf\u00e9d\u00e9ration \u00e9voque dans ses communiqu\u00e9s de presse les bonnes relations avec la Russie. Inversement, la Russie renvoie aux comp\u00e9tences de la Suisse en mati\u00e8re de r\u00e9forme du syst\u00e8me financier.&nbsp;<a href=\"#footnote-anchor_10\" class=\"inline-footnote__anchor hidden-print\">[<span class=\"icon-arrow-up\"><\/span>]<\/a><\/li><\/ol>","protected":false},"excerpt":{"rendered":"<p>Le \u00abGroupe des 20\u00bb, plus connu sous le nom de G20, est n\u00e9 en 1999, lors de la r\u00e9union informelle des ministres des Finances et des gouverneurs des banques centrales des dix-neuf principaux pays industriels et \u00e9mergents ainsi que de l\u2019UE. Son volet financier (finance track, niveau minist\u00e9riel) est plus particuli\u00e8rement consacr\u00e9 aux questions \u00e9conomiques [&hellip;]<\/p>","protected":false},"author":5307,"featured_media":203711,"comment_status":"open","ping_status":"open","sticky":false,"template":"","format":"standard","meta":{"_acf_changed":false,"om_disable_all_campaigns":false,"ep_exclude_from_search":false,"footnotes":""},"post__type":[83],"post_opinion":[],"post_serie":[],"post_content_category":[106],"post_content_subject":[220],"acf":{"seco_author":5307,"seco_co_author":[12422],"author_override":"","seco_author_post_ocupation_year":"","seco_author_post_occupation_de":"Dozent f\u00fcr Internationale Beziehungen, ZHAW School of Management and Law, sowie Vorstandsmitglied Handelskammer Schweiz-Japan (SJCC), Z\u00fcrich","seco_author_post_occupation_fr":"Enseignant en relations internationales, ZHAW School of Management and Law; membre du comit\u00e9 de la Chambre de commerce Suisse-Japon (SJCC), Zurich","seco_co_authors_post_ocupation":[{"seco_co_author":12422,"seco_co_author_post_occupation_year":"","seco_co_author_post_occupation_de":"Bachelorabsolventin in Betriebs\u00f6konomie, ZHAW School of Management and Law, sowie Junior Projektmanagerin, Dertour Suisse, Z\u00fcrich","seco_co_author_post_occupation_fr":"Tititulaire d\u2019un bachelor en \u00e9conomie d\u2019entreprise, avec approfondissement en management g\u00e9n\u00e9ral, ZHAW School of Management and Law, ainsi que gestionnaire de projet junior, Dertour Suisse, Zurich"}],"short_title":"","post_lead":"Bien que la Suisse ait compt\u00e9 parmi les vingt \u00e9conomies les plus d\u00e9velopp\u00e9es du monde au moment de la cr\u00e9ation du \u00abGroupe des 20\u00bb, elle n\u2019est pas membre de ce forum. Analyse de sa non-adh\u00e9sion et de sa participation au G20.","post_hero_image_description":"En 2013, la Suisse a pu participer pour la premi\u00e8re fois en tant qu\u2019invit\u00e9e au volet financier du G20. La ministre des Finances de l\u2019\u00e9poque, Eveline Widmer-Schlumpf.","post_hero_image_description_copyright_de":"","post_hero_image_description_copyright_fr":"Keystone","post_references_literature":"<ul>\r\n \t<li class=\"content-copy\">Braun M. (2024). Nicht dabei, aber betroffen: Die Nichtmitgliedschaft der Schweiz in der G20: Gr\u00fcnde, Reaktionen und Strategien. (Travail de bachelor, General Management). ZHAW School of Management and Law, Winterthour.<\/li>\r\n \t<li class=\"content-copy\">Cooper A. F., Thakur R. et Thakur R. C. (2013). <em>The Group of Twenty<\/em> (G20).<\/li>\r\n \t<li class=\"content-copy\">H\u00f6hmann H.-H. &amp; Meier C. (1997). Russland in internationaler Politik und Wirtschaft. (I): <a href=\"https:\/\/nbn-resolving.org\/urn:nbn:de:0168-ssoar-47044\">Der 'Gipfel der Acht' von Denver<\/a>. (Aktuelle Analysen \/ BIOst, 34\/1997). Bundesinstitut f\u00fcr ostwissenschaftliche und internationale Studien.<\/li>\r\n \t<li class=\"content-copy\">Jordan D. (2011). <a href=\"https:\/\/dievolkswirtschaft.ch\/fr\/2011\/10\/jordan-2\/\">Le G20 et la Suisse: un besoin r\u00e9ciproque de dialogue<\/a> . La Vie \u00e9conomique, 1<sup>er<\/sup><\/li>\r\n \t<li class=\"content-copy\">Kirton J. J. (2013). G20 governance for a globalized world.<\/li>\r\n \t<li class=\"content-copy\">Schmid U. (2023). <a href=\"https:\/\/www.nzz.ch\/meinung\/russland-und-die-nato-jelzins-und-putins-langsamer-abschied-vom-westen-ld.1761670\">Jelzins und Putins langsamer Abschied vom Westen<\/a>. Neue Z\u00fcrcher Zeitung, 11 novembre (tribune).<\/li>\r\n \t<li class=\"content-copy\">Spescha G. (2009). <a href=\"https:\/\/dievolkswirtschaft.ch\/fr\/2009\/06\/merz\/\">Entretien avec le pr\u00e9sident de la Conf\u00e9d\u00e9ration, Hans-Rudolf Merz, sur le secret bancaire et le mod\u00e8le de convention de l\u2019OCDE<\/a>. La Vie \u00e9conomique, 1<sup>er<\/sup> juin.<\/li>\r\n \t<li><a href=\"https:\/\/carnegieendowment.org\/people\/stewart-patrick\">Stewart P.<\/a> (2024). <a href=\"https:\/\/carnegieendowment.org\/research\/2024\/10\/brics-summit-emerging-middle-powers-g7-g20?lang=en\">BRICS Expansion, the G20, and the Future of World Order<\/a>. Carnegie Endowment. 9 octobre.<\/li>\r\n<\/ul>","post_kasten":[{"kasten_title":"Les pays membres du G20","kasten_box":"Les membres fondateurs du G20 sont l\u2019Afrique du Sud, l\u2019Allemagne, l\u2019Arabie saoudite, l\u2019Argentine, l\u2019Australie, le Br\u00e9sil, le Canada, la Chine, la Cor\u00e9e du Sud, les \u00c9tats-Unis, la France, la Grande-Bretagne, l\u2019Inde, l\u2019Indon\u00e9sie, l\u2019Italie, le Japon, le Mexique, la Russie, la Turquie et l\u2019UE. L\u2019Union africaine\u00a0(AU) est le dernier membre \u00e0 avoir \u00e9t\u00e9 admis au G20, dans le cadre du sommet organis\u00e9 en 2023 \u00e0 New Delhi.\r\n\r\nLa pr\u00e9sidence annuelle tournante du G20 invite en outre aux entretiens plusieurs pays ainsi que des repr\u00e9sentants d\u2019organisations r\u00e9gionales et internationales. C\u2019est ainsi que l\u2019on trouve une bonne quarantaine de personnes sur les photos de famille des sommets du G20. Bien que ce dernier ait pris toujours plus d\u2019importance, les tensions mondiales croissantes s\u2019y refl\u00e8tent aussi. La Russie tente par exemple de mettre sur pied une alternative au G20 en augmentant le nombre de pays membres des Brics."}],"post_notes_for_print":"","first_teaser_header_de":"","first_teaser_header_fr":"","first_teaser_text_de":"","first_teaser_text_fr":"","second_teaser_header_de":"","second_teaser_header_fr":"","second_teaser_text_de":"","second_teaser_text_fr":"","kseason_de":"","kseason_fr":"","post_in_pdf":"","main_focus":"","serie_email":null,"frontpage_slider_bild":"","artikel_bild-slider":null,"legacy_id":"","post_abstract":"","magazine_issue":null,"seco_author_reccomended_post":"","redaktoren":"","korrektor":"","planned_publication_date":"2024-10-24 05:00:34","original_files":null,"external_release_for_author":null,"external_release_for_author_time":"","link_for_external_authors":"https:\/\/dievolkswirtschaft.ch\/fr\/exedit\/66f142021a400"},"_links":{"self":[{"href":"https:\/\/dievolkswirtschaft.ch\/fr\/wp-json\/wp\/v2\/posts\/202780"}],"collection":[{"href":"https:\/\/dievolkswirtschaft.ch\/fr\/wp-json\/wp\/v2\/posts"}],"about":[{"href":"https:\/\/dievolkswirtschaft.ch\/fr\/wp-json\/wp\/v2\/types\/post"}],"author":[{"embeddable":true,"href":"https:\/\/dievolkswirtschaft.ch\/fr\/wp-json\/wp\/v2\/users\/5307"}],"replies":[{"embeddable":true,"href":"https:\/\/dievolkswirtschaft.ch\/fr\/wp-json\/wp\/v2\/comments?post=202780"}],"version-history":[{"count":23,"href":"https:\/\/dievolkswirtschaft.ch\/fr\/wp-json\/wp\/v2\/posts\/202780\/revisions"}],"predecessor-version":[{"id":203798,"href":"https:\/\/dievolkswirtschaft.ch\/fr\/wp-json\/wp\/v2\/posts\/202780\/revisions\/203798"}],"acf:user":[{"embeddable":true,"href":"https:\/\/dievolkswirtschaft.ch\/fr\/wp-json\/wp\/v2\/users\/12422"},{"embeddable":true,"href":"https:\/\/dievolkswirtschaft.ch\/fr\/wp-json\/wp\/v2\/users\/5307"}],"wp:featuredmedia":[{"embeddable":true,"href":"https:\/\/dievolkswirtschaft.ch\/fr\/wp-json\/wp\/v2\/media\/203711"}],"wp:attachment":[{"href":"https:\/\/dievolkswirtschaft.ch\/fr\/wp-json\/wp\/v2\/media?parent=202780"}],"wp:term":[{"taxonomy":"post__type","embeddable":true,"href":"https:\/\/dievolkswirtschaft.ch\/fr\/wp-json\/wp\/v2\/post__type?post=202780"},{"taxonomy":"post_opinion","embeddable":true,"href":"https:\/\/dievolkswirtschaft.ch\/fr\/wp-json\/wp\/v2\/post_opinion?post=202780"},{"taxonomy":"post_serie","embeddable":true,"href":"https:\/\/dievolkswirtschaft.ch\/fr\/wp-json\/wp\/v2\/post_serie?post=202780"},{"taxonomy":"post_content_category","embeddable":true,"href":"https:\/\/dievolkswirtschaft.ch\/fr\/wp-json\/wp\/v2\/post_content_category?post=202780"},{"taxonomy":"post_content_subject","embeddable":true,"href":"https:\/\/dievolkswirtschaft.ch\/fr\/wp-json\/wp\/v2\/post_content_subject?post=202780"}],"curies":[{"name":"wp","href":"https:\/\/api.w.org\/{rel}","templated":true}]}}