{"id":203379,"date":"2024-11-05T07:05:42","date_gmt":"2024-11-05T06:05:42","guid":{"rendered":"https:\/\/dievolkswirtschaft.ch\/?p=203379"},"modified":"2024-11-05T15:22:46","modified_gmt":"2024-11-05T14:22:46","slug":"institution-mondiale-80-ans-du-fonds-monetaire-international","status":"publish","type":"post","link":"https:\/\/dievolkswirtschaft.ch\/fr\/2024\/11\/institution-mondiale-80-ans-du-fonds-monetaire-international\/","title":{"rendered":"Institution mondiale \u2013 80 ans du Fonds mon\u00e9taire international"},"content":{"rendered":"<p>Le Fonds mon\u00e9taire international (FMI) est en constante \u00e9volution. Quels changements a-t-il g\u00e9r\u00e9s, comment ses outils ont-ils \u00e9volu\u00e9 et \u00e0 quels d\u00e9fis fait-il actuellement face<a href=\"#footnote_1\" id=\"footnote-anchor_1\" class=\"inline-footnote__anchor\">[1]<\/a>? Le pr\u00e9sent article\u00a0se penche sur ces questions.<\/p>\n<p>Le FMI a \u00e9t\u00e9 cr\u00e9\u00e9 en m\u00eame temps qu\u2019une s\u00e9rie d&#8217;institutions, dont la Banque mondiale et l\u2019Accord g\u00e9n\u00e9ral sur les tarifs douaniers et le commerce (Gatt, remplac\u00e9 par l\u2019Organisation mondiale du commerce ou OMC en 1995), afin d\u2019instaurer un ordre \u00e9conomique international stable apr\u00e8s la Seconde Guerre mondiale. Son but \u00e9tait de promouvoir un cadre mon\u00e9taire et financier permettant une circulation sans entrave des flux financiers li\u00e9s au commerce mondial (la convertibilit\u00e9 des comptes courants) pour soutenir la croissance \u00e9conomique. Dans un syst\u00e8me de taux de change fixes, cela devait \u00eatre atteint par la suppression des restrictions discriminatoires sur les changes et l\u2019interdiction des d\u00e9valuations comp\u00e9titives, les ajustements des taux de change \u00e9tant soumis \u00e0 l\u2019approbation du FMI. Des pr\u00eats \u00e0 court terme, conditionn\u00e9s \u00e0 la mise en place de r\u00e9formes de politique macro\u00e9conomique, devaient venir en aide aux pays confront\u00e9s \u00e0 des d\u00e9ficits de balance des paiements (comme le Royaume-Uni) \u00e0 retrouver l\u2019\u00e9quilibre. Des contr\u00f4les des flux de capitaux \u00e9taient \u00e9galement pr\u00e9vus afin de contrer les activit\u00e9s sp\u00e9culatives. Plusieurs pays, notamment l\u2019URSS, n\u2019ont pas rejoint le FMI \u00e0 sa cr\u00e9ation. Cette abstention, associ\u00e9e au faible poids \u00e9conomique des pays en d\u00e9veloppement dans l\u2019institution et \u00e0 la pr\u00e9dominance du dollar, ont conduit \u00e0 une domination initiale des pays occidentaux.<\/p>\n<p>Les activit\u00e9s du FMI ont d\u00e9marr\u00e9 progressivement. L\u2019objectif de convertibilit\u00e9 des comptes courants des principales monnaies europ\u00e9ennes n\u2019a \u00e9t\u00e9 atteint qu\u2019\u00e0 la fin des ann\u00e9es 1950. Le FMI a connu des changements majeurs tout au long de son histoire. Au d\u00e9but des ann\u00e9es 1970, l\u2019effondrement du syst\u00e8me de change fixes a fait entrer le monde dans un r\u00e9gime de taux flottants. En outre, les limites du syst\u00e8me de contr\u00f4les de capitaux ont conduit le FMI \u00e0 accepter une plus grande mobilit\u00e9 des capitaux. L\u2019adh\u00e9sion de plusieurs nouveaux pays \u00e0 la fin de l\u2019URSS, ainsi que le poids \u00e9conomique croissant des \u00e9conomies \u00e9mergentes et en d\u00e9veloppement, ont soulev\u00e9 des questions de gouvernance. Enfin, les politiques budg\u00e9taires et mon\u00e9taires, qui jouent un r\u00f4le central dans les recommandations du FMI, se sont av\u00e9r\u00e9es \u00eatre une bo\u00eete \u00e0 outils trop limit\u00e9e. Pour s\u2019adapter et pr\u00e9server sa l\u00e9gitimit\u00e9, le FMI a donc \u00e9tendu ses activit\u00e9s au-del\u00e0 des pr\u00eats, en proposant \u00e0 ses membres des conseils de politique \u00e9conomique et une assistance technique.<\/p>\n<h2 class=\"text__graphic-title\">De nouveaux outils de politique \u00e9conomique<\/h2>\n<p>Les pr\u00eats aux pays traversant une crise constituent l\u2019activit\u00e9 la plus visible du FMI. Pendant la majeure partie de son histoire, cette aide a \u00e9t\u00e9 accord\u00e9e une fois la crise survenue et conditionn\u00e9e \u00e0 des politiques d\u2019ajustement macro\u00e9conomique restrictives par les pays b\u00e9n\u00e9ficiaires. Cette approche s\u2019est r\u00e9v\u00e9l\u00e9e de plus en plus inadapt\u00e9e face aux changements syst\u00e9miques profonds tels que la mondialisation financi\u00e8re, comme l\u2019a par exemple montr\u00e9 la crise asiatique de 1997-1998<a href=\"#footnote_2\" id=\"footnote-anchor_2\" class=\"inline-footnote__anchor\">[2]<\/a>. La palette d\u2019outils du FMI s\u2019est alors \u00e9largie \u00e0 des politiques macroprudentielles visant la stabilit\u00e9 du syst\u00e8me financier (limitation de l\u2019activit\u00e9 des banques par ex.), des interventions sur le march\u00e9 des changes, ainsi que des mesures de gestion des flux de capitaux (GFC) limitant la mobilit\u00e9 du capital. La position du FMI sur les mesures de GFC a consid\u00e9rablement \u00e9volu\u00e9 au fil du temps<a href=\"#footnote_3\" id=\"footnote-anchor_3\" class=\"inline-footnote__anchor\">[3]<\/a>. Un examen institutionnel r\u00e9alis\u00e9 en 2012 a reconnu que les flux de capitaux peuvent \u00eatre excessivement volatils, qu\u2019ils peuvent alimenter les vuln\u00e9rabilit\u00e9s financi\u00e8res (comme les bulles immobili\u00e8res) et que leur lib\u00e9ralisation doit se faire par \u00e9tapes. Dans une mise \u00e0 jour de cette position<a href=\"#footnote_4\" id=\"footnote-anchor_4\" class=\"inline-footnote__anchor\">[4]<\/a>, le r\u00f4le des mesures de GFC a \u00e9t\u00e9 reconnu, pour autant que celles-ci visent \u00e0 pr\u00e9venir l&#8217;accumulation de vuln\u00e9rabilit\u00e9s financi\u00e8res, tout en les consid\u00e9rant comme une derni\u00e8re ligne de d\u00e9fense qui ne doit pas se substituer \u00e0 d\u2019autres politiques. En outre, le FMI a cr\u00e9\u00e9 des outils de pr\u00eats pr\u00e9approuv\u00e9s auxquels les pays peuvent recourir plus rapidement et qui repr\u00e9sentent actuellement 40% de son soutien total<a href=\"#footnote_5\" id=\"footnote-anchor_5\" class=\"inline-footnote__anchor\">[5]<\/a>.<\/p>\n<p>L\u2019utilisation et la combinaison appropri\u00e9es de ces nouveaux outils soul\u00e8vent de nombreuses questions qui ont pouss\u00e9 le FMI \u00e0 d\u00e9velopper un \u00abcadre d\u2019action int\u00e9gr\u00e9<a href=\"#footnote_6\" id=\"footnote-anchor_6\" class=\"inline-footnote__anchor\">[6]<\/a>\u00bb, un outil d\u2019analyse englobant \u00e0 la fois l\u2019ensemble des outils et les frictions financi\u00e8res pertinentes, afin que les conseils de politique \u00e9conomique reposent sur un cadre coh\u00e9rent. Ce cadre montre par exemple que les interventions sur les march\u00e9s des changes ne sont efficaces que lorsque la participation limit\u00e9e des investisseurs priv\u00e9s entrave le fonctionnement du march\u00e9. Si la richesse du cadre est sa principale force, il est difficile de tirer des le\u00e7ons g\u00e9n\u00e9rales d\u2019une longue liste de cas particuliers. Mais peut-\u00eatre ne faut-il pas s\u2019attendre \u00e0 des recettes \u00e9conomiques largement applicables et adapter les politiques aux sp\u00e9cificit\u00e9s de chaque pays.<\/p>\n<h2 class=\"text__graphic-title\">Les d\u00e9fis de gouvernance et de l\u00e9gitimit\u00e9<\/h2>\n<p>Initialement, le FMI \u00e9tait domin\u00e9 par les \u00e9conomies avanc\u00e9es, qui d\u00e9tenaient au sein de l\u2019institution 70% des quotes-parts et des droits de vote, dont 35% revenaient aux seuls \u00c9tats-Unis (voir <em>illustration<\/em>). Bien que cette part ait progressivement diminu\u00e9, elle reste \u00e9lev\u00e9e, conf\u00e9rant aux \u00c9tats-Unis un v\u00e9ritable droit de veto sur les d\u00e9cisions importantes. Si le poids des \u00e9conomies \u00e9mergentes et en d\u00e9veloppement, en particulier de la Chine, a augment\u00e9, il reste inf\u00e9rieur au poids de ces pays dans le PIB mondial. Cette tendance se retrouve \u00e9galement dans la composition du droit de tirage sp\u00e9cial, l\u2019unit\u00e9 de compte du FMI qui se compose principalement du dollar et de l\u2019euro, et n\u2019inclut que le renminbi chinois parmi les \u00e9conomies \u00e9mergentes.<\/p>\n<h2 class=\"text__graphic-title\">Ill.: \u00c9volution des quotes-parts au FMI (1950-2024,% du total)<\/h2>\n<h6 class=\"copy-small-bold\">GRAPHIQUE INTERACTIF<\/h6>\n<div class=\"chart chart--normal\" id=\"DEMBINSKI-PANIZZA-SWOBODA-TILLE_11-2024_fr\"><\/div>\n<script>\n$(function () {\n    $('#DEMBINSKI-PANIZZA-SWOBODA-TILLE_11-2024_fr').highcharts({\n    chart: {\n        type: 'area'\n    },\n    title: {\n        text: '',\n        align: 'left'\n    },\n    subtitle: {\n        text: '',\n        align: 'left'\n    },\n    xAxis: {\n    \n    title: {\n                text: ''\n            },\n        categories: [\n 1950,1960,1970,1980,1990,2000,2010,2020,2024\n\n],\n\n\n    },\n    yAxis: {\n        title: {\n            useHTML: true,\n            text: ''\n        }, \n       max: 100,\n        \n        labels: {\n                format: '{value}%'\n            }\n    },\n    tooltip: {\n        shared: true,\n        headerFormat: '<span style=\"font-size:12px\"><b>{point.key}<\/b><\/span><br>'\n    },\n    plotOptions: {\n        \n        area: {\n            stacking: 'normal',\n            lineColor: '#666666',\n            lineWidth: 0,\n            marker: {\n                enabled: false\n            }\n        }\n    },\n    legend: {\nreversed: true\n},\n    series: [{\n        name: 'Chine (depuis 2010)',\n        data: [null,null,null,null,null,0,3.996,6.389086433,6.389086433],\n        color: \"#655c99\"\n    }, {\n        name: 'Pays \u00e9mergents et en d\u00e9veloppement (sans la Chine depuis 2010)',\n        data: [31,29,29,31,36,38.5,35.504,33.61091357,33.61091357],\n        color: \"#9c92bf\"\n    },{\n        name: 'Autres pays avanc\u00e9s',\n        data: [32,35,36,37,37,36.944,36.274,36.14492205,36.14492205],\n        color: \"#cdc5df\"\n\n    },{\n        name: 'Japon',\n        data: [2,3,5,7,7,6.556,6.556,6.45984596,6.45984596],\n        color: \"#7ea8a7\" \n         \n    },{\n        name: '\u00c9tats Unis',\n        data: [35,33,30,25,20,18,17.67,17.39523199,17.39523199],\n        color: \"#327775\"\n\n    }   ]\n});\n\n});\n<\/script>\n<div class=\"diagram-legend\">Source: \u00a0Fonds mon\u00e9taire international \/ Calculs des auteurs \/ La Vie \u00e9conomique<\/div>\n<p>Cette situation alimente depuis longtemps les critiques sur la repr\u00e9sentativit\u00e9 et la cr\u00e9dibilit\u00e9 du FMI, avec des appels r\u00e9guliers \u00e0 une r\u00e9forme. La lenteur des progr\u00e8s sur ce th\u00e8me alimente le risque que des pays rejoignent d\u2019autres institutions, comme l\u2019initiative de Chiang Mai en Asie du Sud-Est ou l\u2019accord de r\u00e9serve contingente des pays Brics<a href=\"#footnote_7\" id=\"footnote-anchor_7\" class=\"inline-footnote__anchor\">[7]<\/a>. Il en r\u00e9sulte une fragmentation de l\u2019architecture financi\u00e8re mondiale au d\u00e9triment de la l\u00e9gitimit\u00e9 du FMI. La Chine, dont l\u2019influence en mati\u00e8re de financement du d\u00e9veloppement et d\u2019assistance en cas de crise grandit, est en passe de devenir une alternative au FMI<a href=\"#footnote_8\" id=\"footnote-anchor_8\" class=\"inline-footnote__anchor\">[8]<\/a>.<\/p>\n<h2 class=\"text__graphic-title\">Le changement climatique, un nouveau d\u00e9fi<\/h2>\n<p>Comme la plupart des institutions de politique \u00e9conomique, le FMI doit faire face \u00e0 de nouveaux d\u00e9fis susceptibles d\u2019affecter son mandat. Reconnu comme un enjeu politique mondial majeur depuis 1989, le changement climatique, qui entra\u00eene des effets \u00e9conomiques majeurs, y figure en bonne place. En 2021, une revue exhaustive de surveillance s\u2019appuyant sur les travaux entam\u00e9s au milieu des ann\u00e9es 2010 a propos\u00e9 une nouvelle facilit\u00e9 de financement \u00e0 long terme afin d\u2019aider les pays \u00e0 limiter l\u2019impact du changement climatique sur leur balance des paiements (par exemple l\u2019effet des catastrophes li\u00e9es au climat sur les importations). N\u00e9anmoins, le Bureau ind\u00e9pendant d\u2019\u00e9valuation du FMI a constat\u00e9 que des actions suppl\u00e9mentaires \u00e9taient n\u00e9cessaires, estimant que le FMI a pris du retard par rapport \u00e0 d\u2019autres institutions et qu\u2019il existe un d\u00e9calage entre les objectifs strat\u00e9giques et les actions sp\u00e9cifiques mises en place<a href=\"#footnote_9\" id=\"footnote-anchor_9\" class=\"inline-footnote__anchor\">[9]<\/a>.<\/p>\n<p>Le FMI est \u00e9galement confront\u00e9 \u00e0 la difficult\u00e9 de prendre en compte des questions nouvelles, comme la hausse des in\u00e9galit\u00e9s et l\u2019\u00e9mergence des monnaies num\u00e9riques. Il devra \u00e0 l\u2019avenir \u00e9valuer l\u2019ad\u00e9quation de ces th\u00e8mes avec sa mission. Tous les sujets politiques, m\u00eame s\u2019ils sont tr\u00e8s pertinents, ne doivent pas n\u00e9cessairement \u00eatre trait\u00e9s par l\u2019institution. Dans un monde de plus en plus fragment\u00e9, les tensions politiques constituent une gageure suppl\u00e9mentaire pour la fixation d\u2019objectifs ambitieux par le conseil d\u2019administration du FMI et leur mise en \u0153uvre.<\/p>\n<ol class=\"footnote\"><li id=\"footnote_1\" class=\"footnote--item\">Plus d\u2019informations sur le FMI dans les podcasts Dembinski et al. (2022).&nbsp;<a href=\"#footnote-anchor_1\" class=\"inline-footnote__anchor hidden-print\">[<span class=\"icon-arrow-up\"><\/span>]<\/a><\/li><li id=\"footnote_2\" class=\"footnote--item\">Cette crise a vu plusieurs pays d\u2019Asie faire face \u00e0 des probl\u00e8mes de financement externe, quand bien m\u00eame leur situation budg\u00e9taire \u00e9tait satisfaisante. Elle a montr\u00e9 le r\u00f4le central du syst\u00e8me bancaire et financier, notamment via sa vuln\u00e9rabilit\u00e9 aux mouvements du taux de change.&nbsp;<a href=\"#footnote-anchor_2\" class=\"inline-footnote__anchor hidden-print\">[<span class=\"icon-arrow-up\"><\/span>]<\/a><\/li><li id=\"footnote_3\" class=\"footnote--item\">Ostry (2022)&nbsp;<a href=\"#footnote-anchor_3\" class=\"inline-footnote__anchor hidden-print\">[<span class=\"icon-arrow-up\"><\/span>]<\/a><\/li><li id=\"footnote_4\" class=\"footnote--item\">FMI (2022)&nbsp;<a href=\"#footnote-anchor_4\" class=\"inline-footnote__anchor hidden-print\">[<span class=\"icon-arrow-up\"><\/span>]<\/a><\/li><li id=\"footnote_5\" class=\"footnote--item\">Pazarbasioglu (2023)&nbsp;<a href=\"#footnote-anchor_5\" class=\"inline-footnote__anchor hidden-print\">[<span class=\"icon-arrow-up\"><\/span>]<\/a><\/li><li id=\"footnote_6\" class=\"footnote--item\">Adrian et Gopinath (2020)&nbsp;<a href=\"#footnote-anchor_6\" class=\"inline-footnote__anchor hidden-print\">[<span class=\"icon-arrow-up\"><\/span>]<\/a><\/li><li id=\"footnote_7\" class=\"footnote--item\">Les pays Brics sont: le Br\u00e9sil, Russie, Inde, Chine et Afrique du Sud.&nbsp;<a href=\"#footnote-anchor_7\" class=\"inline-footnote__anchor hidden-print\">[<span class=\"icon-arrow-up\"><\/span>]<\/a><\/li><li id=\"footnote_8\" class=\"footnote--item\">Horn <em>et al.<\/em> (2023)&nbsp;<a href=\"#footnote-anchor_8\" class=\"inline-footnote__anchor hidden-print\">[<span class=\"icon-arrow-up\"><\/span>]<\/a><\/li><li id=\"footnote_9\" class=\"footnote--item\">Bureau ind\u00e9pendant d\u2019\u00e9valuation du Fonds mon\u00e9taire international (2024).&nbsp;<a href=\"#footnote-anchor_9\" class=\"inline-footnote__anchor hidden-print\">[<span class=\"icon-arrow-up\"><\/span>]<\/a><\/li><\/ol>","protected":false},"excerpt":{"rendered":"<p>Le Fonds mon\u00e9taire international (FMI) est en constante \u00e9volution. Quels changements a-t-il g\u00e9r\u00e9s, comment ses outils ont-ils \u00e9volu\u00e9 et \u00e0 quels d\u00e9fis fait-il actuellement face? Le pr\u00e9sent article\u00a0se penche sur ces questions. Le FMI a \u00e9t\u00e9 cr\u00e9\u00e9 en m\u00eame temps qu\u2019une s\u00e9rie d&#8217;institutions, dont la Banque mondiale et l\u2019Accord g\u00e9n\u00e9ral sur les tarifs douaniers et [&hellip;]<\/p>","protected":false},"author":3882,"featured_media":204106,"comment_status":"open","ping_status":"open","sticky":false,"template":"","format":"standard","meta":{"_acf_changed":false,"om_disable_all_campaigns":false,"ep_exclude_from_search":false,"footnotes":""},"post__type":[81,83],"post_opinion":[],"post_serie":[],"post_content_category":[106,105],"post_content_subject":[134,220],"acf":{"seco_author":3882,"seco_co_author":[4476,12619,3865],"author_override":"","seco_author_post_ocupation_year":"","seco_author_post_occupation_de":"Professor an der Univer\u00adsit\u00e4t Fribourg, Direktor Observatoire de la Finance, Genf","seco_author_post_occupation_fr":"Professeur, Universit\u00e9 de Fribourg et directeur, Observatoire de la finance, \u00adGen\u00e8ve","seco_co_authors_post_ocupation":[{"seco_co_author":4476,"seco_co_author_post_occupation_year":"","seco_co_author_post_occupation_de":"Professor of Economics and Pictet Chair in Finance and Development, Department of International Economics, The Graduate Institute, Geneva","seco_co_author_post_occupation_fr":"Professeur d'\u00e9conomie internationale, Pictet Chair in Finance and Development, D\u00e9partement d\u2019\u00e9conomie internationale, Institut de hautes \u00e9tudes internationales et du d\u00e9veloppement (Iheid), Gen\u00e8ve"},{"seco_co_author":12619,"seco_co_author_post_occupation_year":"","seco_co_author_post_occupation_de":"","seco_co_author_post_occupation_fr":"Professeur d\u2019\u00e9conomie internationale Emeritus, Institut de hautes \u00e9tudes internationales et du d\u00e9veloppement (Iheid), Gen\u00e8ve"},{"seco_co_author":3865,"seco_co_author_post_occupation_year":"","seco_co_author_post_occupation_de":"Professor f\u00fcr Wirtschaftswissenschaften, Graduate Institute of International and Development Studies (Iheid), Genf","seco_co_author_post_occupation_fr":"Professeur d\u2019\u00e9conomie, Institut de hautes \u00e9tudes internationales et du d\u00e9veloppement (Iheid), Gen\u00e8ve"}],"short_title":"","post_lead":"Les missions du Fonds mon\u00e9taire international ont fortement \u00e9volu\u00e9 depuis sa cr\u00e9ation. Comment int\u00e8gre-t-il les nouveaux d\u00e9fis?","post_hero_image_description":"Des repr\u00e9sentants du Canada, des \u00c9tats-Unis et de l\u2019Union sovi\u00e9tique \u00e0 Bretton Wood (\u00c9tats-Unis), o\u00f9 le Fonds mon\u00e9taire international a \u00e9t\u00e9 cr\u00e9\u00e9 en 1944.","post_hero_image_description_copyright_de":"","post_hero_image_description_copyright_fr":"Keystone","post_references_literature":"<ul>\r\n \t<li class=\"content-copy\">Adrian T. et Gopinath G. (2020). <a href=\"https:\/\/www.imf.org\/en\/Blogs\/Articles\/2020\/07\/13\/toward-an-integrated-policy-framework-for-open-economies\">Toward an integrated policy framework for open economies<\/a>, blog du FMI.<\/li>\r\n \t<li class=\"content-copy\">Arevalo A., Gallagher K. P. et Rustomjee C. (2024). <a href=\"https:\/\/ieo.imf.org\/-\/media\/IEO\/Files\/evaluations\/completed\/06-18-2024-application-of-the-imfs-mandate\/fma-bp06-evolution-of-imf-engagement-on-climate-change.ashx\">Evolution of IMF engagement on climate change. <\/a>Rapport du Bureau ind\u00e9pendant d\u2019\u00e9valuation du FMI, IEO Background Paper.<\/li>\r\n \t<li class=\"content-copy\">Bureau ind\u00e9pendant d\u2019\u00e9valuation du FMI (2024). <a href=\"https:\/\/ieo.imf.org\/-\/media\/IEO\/Files\/evaluations\/ongoing\/icc-draft-issues-paper.ashx#:~:text=The%20evaluation%20will%20focus%20on,early%20implementation%20of%20RSF%20arrangements\">The IMF and climate change<\/a>, draft issues paper.<\/li>\r\n \t<li class=\"content-copy\">Dembinski P., Panizza U., Swoboda A. et Tille C. (organisateurs) (2022). <a href=\"https:\/\/www.obsfin.ch\/1971-2021\/\">1971 \u2013 2021: 50 years of flexible exchange rates: Reasons, lessons and perspectives<\/a>. S\u00e9rie de quatre tables rondes, Observatoire de la finance.<\/li>\r\n \t<li class=\"content-copy\">Fonds mon\u00e9taire international (FMI) (2022). <a href=\"https:\/\/www.imf.org\/en\/Publications\/Policy-Papers\/Issues\/2022\/03\/29\/Review-of-The-Institutional-View-on-The-Liberalization-and-Management-of-Capital-Flows-515883\">Review of the institutional view on the liberalization and management of capital flows<\/a>.<\/li>\r\n \t<li class=\"content-copy\">Horn S., Parks B. C., Reinhart C.M. et Trebesch C. (2023). <a href=\"https:\/\/www.nber.org\/papers\/w31105\">China as an international lender of last resort<\/a>. National Bureau of Economic Research Working Paper 31105.<\/li>\r\n \t<li class=\"content-copy\">Ostry J. (2022). The IMF's journey on capital controls: What is the destination? CEPR discussion paper 17707.<\/li>\r\n \t<li class=\"content-copy\">Pazarbasioglu C. (2023). <a href=\"https:\/\/www.imf.org\/en\/Blogs\/Articles\/2023\/10\/09\/why-imf-lending-continues-to-adapt\">Why IMF lending continues to adapt<\/a>. Blog du Fonds mon\u00e9taire international.<\/li>\r\n<\/ul>","post_kasten":[{"kasten_title":"La Suisse au Fonds mon\u00e9taire international*","kasten_box":"La Suisse est membre du FMI depuis 1992. Le chef respectivement la cheffe du D\u00e9partement f\u00e9d\u00e9ral des finances (DFF) la repr\u00e9sente au comit\u00e9 mon\u00e9taire et financier international (CMFI). En sa qualit\u00e9 de responsable du groupe de vote compos\u00e9 de l\u2019Azerba\u00efdjan, du Kazakhstan, du Kirghizistan, de l\u2019Ouzb\u00e9kistan, de la Pologne, de la Serbie, du Tadjikistan et du Turkm\u00e9nistan, la Suisse occupe un si\u00e8ge permanent au conseil d\u2019administration du FMI, l\u2019instance charg\u00e9e de surveiller les affaires en cours de l\u2019institution et d\u2019approuver les directives concernant ses activit\u00e9s. Depuis 2014, la Suisse occupe en alternance avec la Pologne un si\u00e8ge au sein du conseil d\u2019administration. Le groupe de vote auquel elle appartient repr\u00e9sente un poids \u00e9lectoral de 2,88%. La quote-part de la Suisse s\u2019\u00e9l\u00e8ve \u00e0 1,17%.\r\n<h6 class=\"content-copy\">*Ces informations sont issues du site Internet du <a href=\"https:\/\/www.sif.admin.ch\/fr\/suisse-fonds-monetaire-international-fmi\">Secr\u00e9tariat d\u2019\u00c9tat aux questions financi\u00e8res internationales (SFI<\/a>).<\/h6>"}],"post_notes_for_print":"","first_teaser_header_de":"","first_teaser_header_fr":"","first_teaser_text_de":"","first_teaser_text_fr":"","second_teaser_header_de":"","second_teaser_header_fr":"","second_teaser_text_de":"","second_teaser_text_fr":"","kseason_de":"","kseason_fr":"","post_in_pdf":"","main_focus":[203968,204223],"serie_email":null,"frontpage_slider_bild":"","artikel_bild-slider":null,"legacy_id":"","post_abstract":"","magazine_issue":null,"seco_author_reccomended_post":"","redaktoren":"","korrektor":"","planned_publication_date":"2024-11-05 06:05:45","original_files":null,"external_release_for_author":"20241106","external_release_for_author_time":"00:05:00","link_for_external_authors":"https:\/\/dievolkswirtschaft.ch\/fr\/exedit\/670f6eaf6112d"},"_links":{"self":[{"href":"https:\/\/dievolkswirtschaft.ch\/fr\/wp-json\/wp\/v2\/posts\/203379"}],"collection":[{"href":"https:\/\/dievolkswirtschaft.ch\/fr\/wp-json\/wp\/v2\/posts"}],"about":[{"href":"https:\/\/dievolkswirtschaft.ch\/fr\/wp-json\/wp\/v2\/types\/post"}],"author":[{"embeddable":true,"href":"https:\/\/dievolkswirtschaft.ch\/fr\/wp-json\/wp\/v2\/users\/3882"}],"replies":[{"embeddable":true,"href":"https:\/\/dievolkswirtschaft.ch\/fr\/wp-json\/wp\/v2\/comments?post=203379"}],"version-history":[{"count":35,"href":"https:\/\/dievolkswirtschaft.ch\/fr\/wp-json\/wp\/v2\/posts\/203379\/revisions"}],"predecessor-version":[{"id":204349,"href":"https:\/\/dievolkswirtschaft.ch\/fr\/wp-json\/wp\/v2\/posts\/203379\/revisions\/204349"}],"acf:post":[{"embeddable":true,"href":"https:\/\/dievolkswirtschaft.ch\/fr\/wp-json\/wp\/v2\/main_focus_post\/204223"},{"embeddable":true,"href":"https:\/\/dievolkswirtschaft.ch\/fr\/wp-json\/wp\/v2\/main_focus_post\/203968"}],"acf:user":[{"embeddable":true,"href":"https:\/\/dievolkswirtschaft.ch\/fr\/wp-json\/wp\/v2\/users\/3865"},{"embeddable":true,"href":"https:\/\/dievolkswirtschaft.ch\/fr\/wp-json\/wp\/v2\/users\/12619"},{"embeddable":true,"href":"https:\/\/dievolkswirtschaft.ch\/fr\/wp-json\/wp\/v2\/users\/4476"},{"embeddable":true,"href":"https:\/\/dievolkswirtschaft.ch\/fr\/wp-json\/wp\/v2\/users\/3882"}],"wp:featuredmedia":[{"embeddable":true,"href":"https:\/\/dievolkswirtschaft.ch\/fr\/wp-json\/wp\/v2\/media\/204106"}],"wp:attachment":[{"href":"https:\/\/dievolkswirtschaft.ch\/fr\/wp-json\/wp\/v2\/media?parent=203379"}],"wp:term":[{"taxonomy":"post__type","embeddable":true,"href":"https:\/\/dievolkswirtschaft.ch\/fr\/wp-json\/wp\/v2\/post__type?post=203379"},{"taxonomy":"post_opinion","embeddable":true,"href":"https:\/\/dievolkswirtschaft.ch\/fr\/wp-json\/wp\/v2\/post_opinion?post=203379"},{"taxonomy":"post_serie","embeddable":true,"href":"https:\/\/dievolkswirtschaft.ch\/fr\/wp-json\/wp\/v2\/post_serie?post=203379"},{"taxonomy":"post_content_category","embeddable":true,"href":"https:\/\/dievolkswirtschaft.ch\/fr\/wp-json\/wp\/v2\/post_content_category?post=203379"},{"taxonomy":"post_content_subject","embeddable":true,"href":"https:\/\/dievolkswirtschaft.ch\/fr\/wp-json\/wp\/v2\/post_content_subject?post=203379"}],"curies":[{"name":"wp","href":"https:\/\/api.w.org\/{rel}","templated":true}]}}