{"id":204399,"date":"2024-11-08T07:00:37","date_gmt":"2024-11-08T06:00:37","guid":{"rendered":"https:\/\/dievolkswirtschaft.ch\/?p=204399"},"modified":"2024-12-06T15:17:18","modified_gmt":"2024-12-06T14:17:18","slug":"prix-nobel-les-institutions-jouent-un-role-crucial-dans-le-niveau-de-richesse-des-pays","status":"publish","type":"post","link":"https:\/\/dievolkswirtschaft.ch\/fr\/2024\/11\/prix-nobel-les-institutions-jouent-un-role-crucial-dans-le-niveau-de-richesse-des-pays\/","title":{"rendered":"Prix Nobel: les institutions jouent un r\u00f4le crucial dans le niveau de richesse des pays"},"content":{"rendered":"<p>En parit\u00e9 de pouvoir d\u2019achat, le revenu par habitant en Suisse est 75 fois plus \u00e9lev\u00e9 qu\u2019en R\u00e9publique d\u00e9mocratique du Congo, l\u2019un des pays les plus pauvres du monde. Comment peut-on expliquer des diff\u00e9rences aussi extr\u00eames du niveau de prosp\u00e9rit\u00e9? Pourquoi l\u2019\u00e9conomie de certains pays cro\u00eet-elle alors qu\u2019ailleurs, elle stagne, voire se contracte? C\u2019est sur ces questions que se sont pench\u00e9s Daron Acemoglu, Simon Johnson et James Robinson, les laur\u00e9ats du \u00abprix de la Banque de Su\u00e8de en sciences \u00e9conomiques en m\u00e9moire d\u2019Alfred Nobel\u00bb, d\u00e9cern\u00e9 en octobre 2024 (voir <em>encadr\u00e9<\/em>).<\/p>\n<p>Il y a longtemps que les sciences \u00e9conomiques s\u2019int\u00e9ressent \u00e0 ces questions fondamentales. Ces derni\u00e8res taraudaient d\u00e9j\u00e0 Adam Smith qui s\u2019y consacra dans son <em>opus magnum<\/em> \u00abLa richesse des nations\u00bb \u00a0publi\u00e9 en 1776<a href=\"#footnote_1\" id=\"footnote-anchor_1\" class=\"inline-footnote__anchor\">[1]<\/a>. Robert Lucas, prix Nobel d\u2019\u00e9conomie en 1995, a quant \u00e0 lui d\u00e9clar\u00e9 \u00e0 ce sujet: \u00abil est difficile de penser \u00e0 autre chose une fois que l\u2019on a commenc\u00e9 \u00e0 r\u00e9fl\u00e9chir \u00e0 ce probl\u00e8me\u00bb.<\/p>\n<p>Traditionnellement, les \u00e9conomistes expliquent les diff\u00e9rences de croissance entre les pays par les diff\u00e9rents montants que ceux-ci investissent dans le capital, l\u2019\u00e9ducation et les innovations technologiques, car ces investissements stimulent la productivit\u00e9 et, partant, entra\u00eenent une hausse des revenus. On peut donc se demander pourquoi certains pays investissent plus que d\u2019autres. En d\u2019autres termes, quelles sont les causes \u00abfondamentales\u00bb de la croissance \u00e9conomique?<\/p>\n<h2 class=\"text__graphic-title\">Les institutions ou la prosp\u00e9rit\u00e9, qui est apparu en premier?<\/h2>\n<p>Douglas North, prix Nobel d\u2019\u00e9conomie en 1993, avait d\u00e9j\u00e0 argument\u00e9 que la r\u00e9ponse \u00e0 cette question r\u00e9sidait dans les diff\u00e9rences institutionnelles entre les pays, les institutions englobant notamment les r\u00e8gles et les lois qui exercent une grande influence sur les incitations \u00e9conomiques pour les entreprises et les m\u00e9nages (garantie des droits de propri\u00e9t\u00e9, ind\u00e9pendance de la justice, march\u00e9s viables, stabilit\u00e9 politique, syst\u00e8me d\u2019imposition efficace ou possibilit\u00e9s de progression sociale, par exemple).<\/p>\n<p>Cependant, ce discours a soulev\u00e9 une controverse \u00e0 l\u2019\u00e9poque, pour deux raisons. Tout d\u2019abord, la relation de cause \u00e0 effet pourrait \u00eatre invers\u00e9e: ce serait alors le d\u00e9veloppement \u00e9conomique qui aurait pour effet d\u2019am\u00e9liorer les institutions. Deuxi\u00e8me raison, l\u2019id\u00e9e selon laquelle le d\u00e9veloppement \u00e9conomique est d\u00e9termin\u00e9 par des facteurs g\u00e9ographiques \u00e9tait largement r\u00e9pandue; du reste, ce point de vue est \u00e9galement d\u00e9fendu dans le <em>best-seller<\/em> \u00abDe l\u2019in\u00e9galit\u00e9 parmi les soci\u00e9t\u00e9s\u00bb du scientifique Jared Diamond, laur\u00e9at du Prix Pulitzer en 1998. Son hypoth\u00e8se insiste sur les conditions naturelles et g\u00e9ographiques (qualit\u00e9 du sol, ressources naturelles, topographie, conditions climatiques et maladies comme la malaria) ainsi que sur leurs r\u00e9percussions sur la productivit\u00e9 agricole, les co\u00fbts de transport et l\u2019accumulation de capital humain.<\/p>\n<h2 class=\"text__graphic-title\">Le paradoxe de l\u2019\u0153uf et de la poule \u00e9lucid\u00e9 par les prix Nobel<\/h2>\n<p>C\u2019est l\u00e0 qu\u2019intervient la recherche des laur\u00e9ats du prix Nobel d\u2019\u00e9conomie 2024. Tout commence par un article retentissant paru dans l\u2019\u00abAmerican Economic Review\u00bb en 2001, dans lequel les \u00e9conomistes Daron Acemoglu, Simon Johnson et James Robinson mettent en \u00e9vidence le r\u00f4le des institutions dans le d\u00e9veloppement \u00e9conomique. Dans une s\u00e9rie de recherches et d\u2019ouvrages, ils d\u00e9veloppent en outre de nouvelles th\u00e9ories permettant d\u2019expliquer pourquoi les institutions inefficaces ont la vie dure. Ils d\u00e9finissent \u00e9galement les conditions propices \u00e0 des r\u00e9formes institutionnelles.<\/p>\n<p>Afin de clarifier le rapport de cause \u00e0 effet entre les institutions et le d\u00e9veloppement \u00e9conomique, les chercheurs plongent dans les archives de l\u2019histoire \u00e9conomique, examinant plus particuli\u00e8rement l\u2019\u00e8re de la colonisation, du XV<sup>e<\/sup> au XX<sup>e<\/sup>\u00a0si\u00e8cle, lorsque les puissances europ\u00e9ennes commencent \u00e0 fonder des colonies sur d\u2019autres continents. Ils expliquent, arguments \u00e0 l\u2019appui, que, l\u00e0 o\u00f9 la mortalit\u00e9 due \u00e0 des maladies \u00e9tait \u00e9lev\u00e9e parmi les premiers colons, les Europ\u00e9ens mirent en place des institutions purement \u00abextractives\u00bb, dont le seul but \u00e9tait d\u2019exploiter les ressources disponibles. En revanche, l\u00e0 o\u00f9 de meilleures chances de survie \u00e9taient observ\u00e9es, des institutions \u00abinclusives\u00bb virent le jour sur le mod\u00e8le europ\u00e9en, l\u2019objectif \u00e9tant qu\u2019une population europ\u00e9enne s\u2019installe dans ces endroits.<\/p>\n<p>Les \u00c9tats-Unis en sont un exemple. D\u00e8s leur arriv\u00e9e, les colons y instaurent des institutions relativement inclusives pour l\u2019\u00e9poque. Les treize colonies britanniques d\u2019Am\u00e9rique jouissent d\u2019une certaine autonomie vis-\u00e0-vis de Londres et disposent d\u2019une assembl\u00e9e de repr\u00e9sentants \u00e9lus. Un ph\u00e9nom\u00e8ne majeur les distingue cependant: l\u2019esclavage, fortement r\u00e9pandu dans le Sud, qui permet \u00e0 une petite \u00e9lite locale d\u2019accumuler d\u2019importantes richesses gr\u00e2ce \u00e0 l\u2019\u00e9conomie des plantations et au d\u00e9triment d\u2019une grande partie de la population. La volont\u00e9 de ces nantis de maintenir le <em>statu quo<\/em> qui leur est profitable freine l\u2019innovation et l\u2019industrialisation. Au milieu du XIX<sup>e<\/sup>\u00a0si\u00e8cle, le Sud est par cons\u00e9quent bien plus pauvre que le Nord.<\/p>\n<h2 class=\"text__graphic-title\">De la pauvret\u00e9 \u00e0 la richesse<\/h2>\n<p>La persistance de telles diff\u00e9rences institutionnelles explique pourquoi des pays comme le Congo ou Ha\u00efti, qui ont connu des taux de mortalit\u00e9 initialement \u00e9lev\u00e9s parmi les colons, restent aujourd\u2019hui plus pauvres que les autres pays (voir<em> illustration<\/em>). Des donn\u00e9es empiriques montrent qu\u2019il en est ainsi m\u00eame lorsque les pays ont une g\u00e9ographie similaire. \u00c0 cela s\u2019ajoute une suppos\u00e9e \u00abmal\u00e9diction des ressources\u00bb: les ressources naturelles m\u00e8nent souvent \u00e0 l\u2019\u00e9tablissement d\u2019institutions extractives, si bien que des pays riches en mati\u00e8res premi\u00e8res comme le sud des \u00c9tats-Unis ou Ha\u00efti, plut\u00f4t prosp\u00e8res \u00e0 l\u2019origine, se sont finalement moins d\u00e9velopp\u00e9s que des pays initialement plus pauvres comme le nord des \u00c9tats-Unis ou l\u2019Australie.<\/p>\n<h2 class=\"text__graphic-title\">La plupart des anciennes colonies touch\u00e9es par une forte mortalit\u00e9 sont pauvres (1995)<\/h2>\n<p><a href=\"https:\/\/dievolkswirtschaft.ch\/content\/uploads\/2024\/11\/DV_11-24_Hemous-Scheuer_FR-002-1024x714.png\"><img fetchpriority=\"high\" decoding=\"async\" class=\"alignnone size-large wp-image-204419\" src=\"https:\/\/dievolkswirtschaft.ch\/content\/uploads\/2024\/11\/DV_11-24_Hemous-Scheuer_FR-002-1024x714.png\" alt=\"\" width=\"800\" height=\"558\" srcset=\"https:\/\/dievolkswirtschaft.ch\/content\/uploads\/2024\/11\/DV_11-24_Hemous-Scheuer_FR-002-1024x714.png 1024w, https:\/\/dievolkswirtschaft.ch\/content\/uploads\/2024\/11\/DV_11-24_Hemous-Scheuer_FR-002-300x209.png 300w, https:\/\/dievolkswirtschaft.ch\/content\/uploads\/2024\/11\/DV_11-24_Hemous-Scheuer_FR-002-768x535.png 768w, https:\/\/dievolkswirtschaft.ch\/content\/uploads\/2024\/11\/DV_11-24_Hemous-Scheuer_FR-002-1536x1071.png 1536w, https:\/\/dievolkswirtschaft.ch\/content\/uploads\/2024\/11\/DV_11-24_Hemous-Scheuer_FR-002.png 1539w\" sizes=\"(max-width: 800px) 100vw, 800px\" \/><\/a><\/p>\n<div class=\"diagram-legend\">Remarque: l&#8217;inclinaison de la courbe de r\u00e9gression signifie qu&#8217;une progression d&#8217;un \u00e9cart-type de 1,1 du taux de mortalit\u00e9 logarithmique parmi les colons du temps de la colonisation (axe des abscisses) se traduit par une baisse du PIB par habitant actuel (axe des ordonn\u00e9es) de 47%. Source: Acemoglu, Johnson et Robinson (2001) \/ La Vie \u00e9conomique<\/div>\n<p>\u00c0 l\u2019instar du sud des \u00c9tats-Unis, Ha\u00efti d\u00e9pendait certes de l\u2019\u00e9conomie des plantations et de l\u2019esclavage, mais le pays n\u2019a pas b\u00e9n\u00e9fici\u00e9 d\u2019institutions inclusives pour une majeure partie de la population. Malgr\u00e9 un PIB tr\u00e8s \u00e9lev\u00e9 par comparaison \u00e0 la fin du XVIII<sup>e<\/sup>\u00a0si\u00e8cle, le pays ne s\u2019est pas d\u00e9velopp\u00e9. La Suisse est au contraire un exemple de pays ayant b\u00e9n\u00e9fici\u00e9 d\u2019institutions inclusives. N\u2019ayant pas connu l\u2019absolutisme, elle s\u2019est progressivement mu\u00e9e en une d\u00e9mocratie, notamment apr\u00e8s l\u2019instauration de la d\u00e9mocratie directe. Bien que l\u2019industrialisation y ait d\u00e9but\u00e9 plus tard que dans d\u2019autres pays d\u2019Europe occidentale, la Suisse est devenue l\u2019un des pays les plus prosp\u00e8res.<\/p>\n<p>Les travaux des Nobel 2024 ont eu une vive r\u00e9percussion sur la recherche portant sur les questions fondamentales de la croissance \u00e9conomique. Ils ont en particulier encourag\u00e9 la mise en relation d\u2019analyses de l\u2019histoire \u00e9conomique avec des mod\u00e8les d\u2019\u00e9conomie politique et de th\u00e9orie de la croissance. Le r\u00f4le crucial jou\u00e9 par les institutions dans le d\u00e9veloppement \u00e9conomique d\u2019une nation est aujourd\u2019hui largement reconnu et int\u00e9gr\u00e9 dans les politiques de d\u00e9veloppement.<\/p>\n<h2 class=\"text__graphic-title\">Daron Acemoglu et Zurich<\/h2>\n<p>L\u2019\u00e9conomiste turco-am\u00e9ricain Daron Acemoglu, professeur au Massachusetts Institute of Technology (MIT), \u00e9tait depuis longtemps pressenti pour le prix Nobel d\u2019\u00e9conomie. Outre ses travaux r\u00e9compens\u00e9s cette ann\u00e9e, il a publi\u00e9 des recherches influentes dans d\u2019autres domaines de l\u2019\u00e9conomie politique, qui auraient \u00e9galement pu m\u00e9riter un prix Nobel. Dans ses articles sur le \u00abchangement technique dirig\u00e9\u00bb, par exemple, il explique dans quelles circonstances l\u2019\u00e9volution du progr\u00e8s technologique tend \u00e0 creuser les in\u00e9galit\u00e9s salariales ou \u00e0 favoriser les \u00e9nergies polluantes aux d\u00e9pens des \u00e9nergies propres<a href=\"#footnote_2\" id=\"footnote-anchor_2\" class=\"inline-footnote__anchor\">[2]<\/a>.<\/p>\n<p>Daron Acemoglu entretient \u00e9galement des liens \u00e9troits avec l\u2019Institut d\u2019\u00e9conomie politique de l\u2019Universit\u00e9 de Zurich, o\u00f9 il s\u2019est rendu r\u00e9guli\u00e8rement, notamment en 2012 pour l\u2019inauguration de l\u2019UBS Center for Economics in Society. Le 29\u00a0janvier 2025, il y pr\u00e9sentera son dernier livre \u00abPouvoir et progr\u00e8s\u00bb, dans le cadre d\u2019une conf\u00e9rence. Les auteurs du pr\u00e9sent article entretiennent \u00e9galement des liens personnels avec Daron Acemoglu: celui-ci\u00a0a \u00e9t\u00e9 le directeur de th\u00e8se de Florian Scheuer au MIT et il a men\u00e9 plusieurs travaux de recherche<a href=\"#footnote_3\" id=\"footnote-anchor_3\" class=\"inline-footnote__anchor\">[3]<\/a> avec David H\u00e9mous. Tous deux peuvent attester du fait que Daron Acemoglu\u00a0est un excellent mentor, qui donne de son temps sans compter et prodigue toujours des conseils tr\u00e8s utiles.<\/p>\n<ol class=\"footnote\"><li id=\"footnote_1\" class=\"footnote--item\">Smith Adam (1776). Recherches sur la nature et les causes de la richesse des nations.&nbsp;<a href=\"#footnote-anchor_1\" class=\"inline-footnote__anchor hidden-print\">[<span class=\"icon-arrow-up\"><\/span>]<\/a><\/li><li id=\"footnote_2\" class=\"footnote--item\">Acemoglu, Aghion, Bursztyn et H\u00e9mous (2012).&nbsp;<a href=\"#footnote-anchor_2\" class=\"inline-footnote__anchor hidden-print\">[<span class=\"icon-arrow-up\"><\/span>]<\/a><\/li><li id=\"footnote_3\" class=\"footnote--item\">Voir aussi Acemoglu, Aghion, Bursztyn et H\u00e9mous (2012).&nbsp;<a href=\"#footnote-anchor_3\" class=\"inline-footnote__anchor hidden-print\">[<span class=\"icon-arrow-up\"><\/span>]<\/a><\/li><\/ol>","protected":false},"excerpt":{"rendered":"<p>En parit\u00e9 de pouvoir d\u2019achat, le revenu par habitant en Suisse est 75 fois plus \u00e9lev\u00e9 qu\u2019en R\u00e9publique d\u00e9mocratique du Congo, l\u2019un des pays les plus pauvres du monde. Comment peut-on expliquer des diff\u00e9rences aussi extr\u00eames du niveau de prosp\u00e9rit\u00e9? Pourquoi l\u2019\u00e9conomie de certains pays cro\u00eet-elle alors qu\u2019ailleurs, elle stagne, voire se contracte? C\u2019est sur [&hellip;]<\/p>","protected":false},"author":12678,"featured_media":204440,"comment_status":"open","ping_status":"open","sticky":false,"template":"","format":"standard","meta":{"_acf_changed":false,"om_disable_all_campaigns":false,"ep_exclude_from_search":false,"footnotes":""},"post__type":[81,83],"post_opinion":[],"post_serie":[],"post_content_category":[105],"post_content_subject":[220,231,239,205],"acf":{"seco_author":12678,"seco_co_author":[12679],"author_override":"","seco_author_post_ocupation_year":"","seco_author_post_occupation_de":"Professor f\u00fcr Innovations\u00f6konomik und Unternehmertum am Institut f\u00fcr Volkswirtschaftslehre, Universit\u00e4t Z\u00fcrich","seco_author_post_occupation_fr":"Professeur d\u2019\u00e9conomie de l\u2019innovation et entrepreneuriat, Institut d\u2019\u00e9conomie politique, Universit\u00e9 de Zurich ","seco_co_authors_post_ocupation":[{"seco_co_author":12679,"seco_co_author_post_occupation_year":"","seco_co_author_post_occupation_de":"Professor f\u00fcr Institutionen\u00f6konomik und Direktor des Instituts f\u00fcr Volkswirtschaftslehre an der Universit\u00e4t Z\u00fcrich","seco_co_author_post_occupation_fr":"Professeur d\u2019\u00e9conomie institutionnelle et directeur de l\u2019Institut d\u2019\u00e9conomie politique, Universit\u00e9 de Zurich"}],"short_title":"","post_lead":"Les laur\u00e9ats du prix Nobel d\u2019\u00e9conomie 2024 mettent en lumi\u00e8re l\u2019influence des institutions sur la prosp\u00e9rit\u00e9 d\u2019un pays. Tous les trois ont des liens \u00e9troits avec l\u2019Universit\u00e9 de Zurich.","post_hero_image_description":"Est-ce une question d\u2019institutions? Bien que la R\u00e9publique d\u00e9mocratique du Congo soit riche en ressources, le pays est l\u2019un des plus pauvres du monde. Un meeting \u00e9lectoral du pr\u00e9sident sortant F\u00e9lix Tshisekedi, en 2023.","post_hero_image_description_copyright_de":"","post_hero_image_description_copyright_fr":"Keystone","post_references_literature":"<ul>\r\n \t<li>\r\n<h6 class=\"content-copy\">Acemoglu D. (1998). Why do new technologies complement skills? Directed technical change and wage inequality, dans: The Quarterly Journal of Economics 113.<\/h6>\r\n<\/li>\r\n \t<li>\r\n<h6 class=\"content-copy\">Acemoglu D., Aghion P., Bursztyn L. et H\u00e9mous D. (2012). The environment and directed technical change, dans: American Economic Review 102.<\/h6>\r\n<\/li>\r\n \t<li>\r\n<h6 class=\"content-copy\">Acemoglu D., Johnson S. et Robinson J. (2001). <a href=\"https:\/\/www.aeaweb.org\/articles?id=10.1257\/aer.91.5.1369\">The colonial origins of comparative development: An empirical investigation<\/a>, in: American Economic Review 91.<\/h6>\r\n<\/li>\r\n \t<li>\r\n<h6 class=\"content-copy\">Acemoglu D. et Johnson S. (2024). Pouvoir et progr\u00e8s. Technologie et prosp\u00e9rit\u00e9, notre combat mill\u00e9naire, Pearson.<\/h6>\r\n<\/li>\r\n \t<li>\r\n<h6 class=\"content-copy\">Diamond J. (2000). De l\u2019in\u00e9galit\u00e9 parmi les soci\u00e9t\u00e9s. Essai sur l\u2019homme et l'environnement dans l\u2019histoire, Gallimard.<\/h6>\r\n<\/li>\r\n \t<li>\r\n<h6 class=\"content-copy\">Lucas R. E. (1988). On the mechanics of economic development, dans: Journal of Monetary Economics 22.<\/h6>\r\n<\/li>\r\n \t<li>\r\n<h6 class=\"content-copy\">Smith A. (1776). An Inquiry into the Nature and Causes of the Wealth of Nations.<\/h6>\r\n<\/li>\r\n \t<li><\/li>\r\n<\/ul>","post_kasten":[{"kasten_title":"Les trois laur\u00e9ats du prix Nobel d\u2019\u00e9conomie 2024","kasten_box":"<strong>Kamer Daron Acemoglu<\/strong>\r\n\r\n\u00c9conomiste turco-am\u00e9ricain de 57 ans, Kamer Daron Acemoglu est professeur au Massachusetts Institute of Technology (MIT). Selon la base de donn\u00e9es de litt\u00e9rature \u00e9conomique \u00abRepec\u00bb, il \u00e9tait en 2015 l\u2019auteur le plus cit\u00e9 de la d\u00e9cennie \u00e9coul\u00e9e.\r\n\r\n<strong>Simon Johnson<\/strong>\r\n\r\n\u00c9conomiste britanno-am\u00e9ricain de 61\u00a0ans, Simon Johnson est professeur \u00e0 la Sloan School of Management du MIT. Il a occup\u00e9 le poste d\u2019\u00e9conomiste en chef du Fonds mon\u00e9taire international de 2007 \u00e0 2008.\r\n\r\n<strong>James Robinson<\/strong>\r\n\r\nPolitologue et \u00e9conomiste britanno-am\u00e9ricain de 63\u00a0ans, James robinson enseigne \u00e0 l\u2019Universit\u00e9 de Chicago. Il est l\u2019auteur, avec Daron Acemoglu, du livre \u00abProsp\u00e9rit\u00e9, puissance et pauvret\u00e9: Pourquoi certains pays r\u00e9ussissent mieux que d'autres\u00bb."}],"post_notes_for_print":"","first_teaser_header_de":"","first_teaser_header_fr":"","first_teaser_text_de":"","first_teaser_text_fr":"","second_teaser_header_de":"","second_teaser_header_fr":"","second_teaser_text_de":"","second_teaser_text_fr":"","kseason_de":"","kseason_fr":"","post_in_pdf":"","main_focus":[203968],"serie_email":"","frontpage_slider_bild":"","artikel_bild-slider":null,"legacy_id":"","post_abstract":"","magazine_issue":null,"seco_author_reccomended_post":"","redaktoren":"","korrektor":"","planned_publication_date":"2024-11-08 06:00:51","original_files":null,"external_release_for_author":null,"external_release_for_author_time":"","link_for_external_authors":"https:\/\/dievolkswirtschaft.ch\/fr\/exedit\/672c81b5b4f2e"},"_links":{"self":[{"href":"https:\/\/dievolkswirtschaft.ch\/fr\/wp-json\/wp\/v2\/posts\/204399"}],"collection":[{"href":"https:\/\/dievolkswirtschaft.ch\/fr\/wp-json\/wp\/v2\/posts"}],"about":[{"href":"https:\/\/dievolkswirtschaft.ch\/fr\/wp-json\/wp\/v2\/types\/post"}],"author":[{"embeddable":true,"href":"https:\/\/dievolkswirtschaft.ch\/fr\/wp-json\/wp\/v2\/users\/12678"}],"replies":[{"embeddable":true,"href":"https:\/\/dievolkswirtschaft.ch\/fr\/wp-json\/wp\/v2\/comments?post=204399"}],"version-history":[{"count":24,"href":"https:\/\/dievolkswirtschaft.ch\/fr\/wp-json\/wp\/v2\/posts\/204399\/revisions"}],"predecessor-version":[{"id":205513,"href":"https:\/\/dievolkswirtschaft.ch\/fr\/wp-json\/wp\/v2\/posts\/204399\/revisions\/205513"}],"acf:post":[{"embeddable":true,"href":"https:\/\/dievolkswirtschaft.ch\/fr\/wp-json\/wp\/v2\/main_focus_post\/203968"}],"acf:user":[{"embeddable":true,"href":"https:\/\/dievolkswirtschaft.ch\/fr\/wp-json\/wp\/v2\/users\/12679"},{"embeddable":true,"href":"https:\/\/dievolkswirtschaft.ch\/fr\/wp-json\/wp\/v2\/users\/12678"}],"wp:featuredmedia":[{"embeddable":true,"href":"https:\/\/dievolkswirtschaft.ch\/fr\/wp-json\/wp\/v2\/media\/204440"}],"wp:attachment":[{"href":"https:\/\/dievolkswirtschaft.ch\/fr\/wp-json\/wp\/v2\/media?parent=204399"}],"wp:term":[{"taxonomy":"post__type","embeddable":true,"href":"https:\/\/dievolkswirtschaft.ch\/fr\/wp-json\/wp\/v2\/post__type?post=204399"},{"taxonomy":"post_opinion","embeddable":true,"href":"https:\/\/dievolkswirtschaft.ch\/fr\/wp-json\/wp\/v2\/post_opinion?post=204399"},{"taxonomy":"post_serie","embeddable":true,"href":"https:\/\/dievolkswirtschaft.ch\/fr\/wp-json\/wp\/v2\/post_serie?post=204399"},{"taxonomy":"post_content_category","embeddable":true,"href":"https:\/\/dievolkswirtschaft.ch\/fr\/wp-json\/wp\/v2\/post_content_category?post=204399"},{"taxonomy":"post_content_subject","embeddable":true,"href":"https:\/\/dievolkswirtschaft.ch\/fr\/wp-json\/wp\/v2\/post_content_subject?post=204399"}],"curies":[{"name":"wp","href":"https:\/\/api.w.org\/{rel}","templated":true}]}}