{"id":205072,"date":"2024-12-17T06:30:01","date_gmt":"2024-12-17T05:30:01","guid":{"rendered":"https:\/\/dievolkswirtschaft.ch\/?p=205072"},"modified":"2024-12-23T10:07:54","modified_gmt":"2024-12-23T09:07:54","slug":"pandemie-la-suisse-sen-est-mieux-sortie-que-de-nombreux-autres-pays","status":"publish","type":"post","link":"https:\/\/dievolkswirtschaft.ch\/fr\/2024\/12\/pandemie-la-suisse-sen-est-mieux-sortie-que-de-nombreux-autres-pays\/","title":{"rendered":"Pand\u00e9mie: la Suisse s\u2019en est mieux sortie que de nombreux autres pays"},"content":{"rendered":"<p>La pand\u00e9mie de Covid-19 a plong\u00e9 l\u2019\u00e9conomie mondiale dans sa pire crise depuis la Seconde Guerre mondiale. Le virus s\u2019est propag\u00e9 comme une tra\u00een\u00e9e de poudre sur tous les continents et des mesures draconiennes ont \u00e9t\u00e9 adopt\u00e9es pratiquement partout pour l\u2019endiguer: fermeture d\u2019\u00e9coles, d\u2019entreprises et de commerces, restriction voire interdiction des d\u00e9placements et des manifestations, et m\u00eame instauration de confinements dans certains pays.<\/p>\n<p>L\u2019\u00e9conomie suisse a elle aussi \u00e9t\u00e9 durement touch\u00e9e<a href=\"#footnote_1\" id=\"footnote-anchor_1\" class=\"inline-footnote__anchor\">[1]<\/a>: au deuxi\u00e8me trimestre\u00a02020, au plus fort de la crise, le produit int\u00e9rieur brut (PIB) corrig\u00e9 des \u00e9v\u00e9nements sportifs s\u2019est contract\u00e9 de pr\u00e8s de 8% par rapport au niveau atteint deux trimestres auparavant. Le rel\u00e2chement progressif des mesures de restriction a ensuite permis \u00e0 l\u2019\u00e9conomie de se r\u00e9tablir rapidement durant le second semestre. Sur l\u2019ensemble de l\u2019ann\u00e9e\u00a02020, le PIB suisse a finalement recul\u00e9 de 2,2%, une baisse semblable \u00e0 celle enregistr\u00e9e en 2009 durant la crise financi\u00e8re (voir <em>illustration<\/em>\u00a0<em>1<\/em>).<\/p>\n<p>Toutefois, les moteurs de cette r\u00e9cession se distinguaient nettement de ceux d\u2019autres crises: un choc de la demande (recul de la demande int\u00e9rieure et ext\u00e9rieure) s\u2019est greff\u00e9 presque imm\u00e9diatement sur un choc de l\u2019offre (limitation de l\u2019activit\u00e9 \u00e9conomique). La fermeture des commerces et des entreprises a entra\u00een\u00e9 un effondrement sans pr\u00e9c\u00e9dent des d\u00e9penses de consommation en Suisse, bien que la Suisse e\u00fbt tr\u00e8s vraisemblablement plong\u00e9 dans une grave r\u00e9cession m\u00eame si elle n\u2019avait pas adopt\u00e9 de mesures pour endiguer la pand\u00e9mie<a href=\"#footnote_2\" id=\"footnote-anchor_2\" class=\"inline-footnote__anchor\">[2]<\/a>.<\/p>\n<h2 class=\"text__graphic-title\">Ill.\u00a01: Recul du PIB aussi fort pendant la pand\u00e9mie de Covid-19 que durant la crise financi\u00e8re de 2009<\/h2>\n<h6 class=\"copy-small-bold\">GRAPHIQUE INTERACTIF<\/h6>\n<div class='chart chart--normal' id='SCHMIDT_12-2024_ABB1_FR'>\n\n<\/div>\n\n<script>\n$(function () {\n    $('#SCHMIDT_12-2024_ABB1_FR').highcharts({\n\n chart: {\n        zoomType: 'xy'\n    },\n    title: {\n        text: '',\n        align: 'left'\n    },\n    subtitle: {\n        text: '',\n        align: 'left'\n    },\n    xAxis: [{\n        categories: [1970,1971,1972,1973,1974,1975,1976,1977,1978,1979,1980,1981,1982,1983,1984,1985,1986,1987,1988,1989,1990,1991,1992,1993,1994,1995,1996,1997,1998,1999,2000,2001,2002,2003,2004,2005,2006,2007,2008,2009,2010,2011,2012,2013,2014,2015,2016,2017,2018,2019,2020,2021,2022,2023\n],\n        crosshair: true\n    }],\n    plotOptions: {\n        series: {\n            marker: {\n                enabled: false,\n                states: {\n                    hover: {\n                        enabled: false\n                    }\n                }\n            }\n        }\n    },\n    yAxis: [{ \/\/ Primary yAxis\n         labels: {\n            format: '{value}%',\n          \n        },\n        title: {\n            text: '',\n            \n        },\n        opposite: true\n\n    }, { \/\/ Secondary yAxis\n        gridLineWidth: 0,\n        title: {\n            text: 'en milliards de francs',\n          \n        },\n         labels: {\n                formatter: function () {\n            return Highcharts.numberFormat(this.value, 0);\n        }}\n\n    }, ],\n    tooltip: {\n        shared: false\n    },\n   \n    series: [{\n        name: 'Niveau du PIB',\n        type: 'line',\n         yAxis: 1,\n        data: [316.8,\t330.34,\t341.76,\t352.57,\t356.71,\t332.77,\t329.98,\t337.76,\t339.77,\t348.03,\t363.29,\t369.22,\t364.27,\t366.47,\t377.72,\t391.74,\t398.93,\t405.09,\t418.38,\t436.92,\t453.14,\t448.93,\t448.28,\t447.64,\t453.46,\t456.05,\t458.18,\t468.51,\t482.14,\t490.4,\t509.45,\t518.75,\t518.32,\t517.95,\t529.99,\t546.46,\t568.78,\t591.53,\t605.9,\t593.16,\t611.89,\t624.48,\t629.54,\t643.46,\t657.24,\t668.68,\t680.52,\t692.63,\t709.94,\t720.34,\t704.27,\t741.45,\t763.05,\t772.13\n\n\n],\n        tooltip: {\n            valueSuffix: ' milliards de francs'\n        }\n    },{\n        name: 'Croissance du PIB (\u00e9chelle de droite)',\n        type: 'column',\n       \n        data: [6.36,\t4.28,\t3.46,\t3.16,\t1.18,\t-6.71,\t-0.84,\t2.36,\t0.59,\t2.43,\t4.38,\t1.63,\t-1.34,\t0.6,\t3.07,\t3.71,\t1.84,\t1.54,\t3.28,\t4.43,\t3.71,\t-0.93,\t-0.14,\t-0.14,\t1.3,\t0.57,\t0.47,\t2.26,\t2.91,\t1.71,\t3.88,\t1.83,\t-0.08,\t-0.07,\t2.32,\t3.11,\t4.08,\t4,\t2.43,\t-2.1,\t3.16,\t2.06,\t0.81,\t2.21,\t2.14,\t1.74,\t1.77,\t1.78,\t2.5,\t1.46,\t-2.23,\t5.28,\t2.91,\t1.19\n],\n        tooltip: {\n            valueSuffix: '%'\n        }\n\n    }],\n    \n});\n\n\n});\n\n\n\n<\/script>\n<div class=\"diagram-legend\"><a href=\"#_ftnref1\" name=\"_ftn1\"><\/a>Remarque: PIB r\u00e9el corrig\u00e9 des variations saisonni\u00e8res et des effets des \u00e9v\u00e9nements sportifs, depuis 1970. Sources: Office f\u00e9d\u00e9ral de la statistique (OFS) \/ Secr\u00e9tariat d\u2019\u00c9tat \u00e0 l\u2019\u00e9conomie (Seco) \/ La Vie \u00e9conomique<\/div>\n<h2 class=\"text__graphic-title\">La Suisse a fait tr\u00e8s bonne figure<\/h2>\n<p>En comparaison internationale, la Suisse s\u2019est bien sortie de cette p\u00e9riode troubl\u00e9e. Ainsi, la perte de valeur ajout\u00e9e induite par la crise, soit l\u2019\u00e9cart entre la progression r\u00e9elle du PIB et les derni\u00e8res pr\u00e9visions \u00e9mises par le Fonds mon\u00e9taire internationale (FMI) avant la pand\u00e9mie, y a atteint 3,5\u00a0points de pourcentage, soit plus de deux fois moins qu\u2019en Autriche, en Italie et en France (voir <em>Illustration\u00a02<\/em>). L\u2019Espagne et le Royaume-Uni ont m\u00eame enregistr\u00e9 des pertes environ trois fois sup\u00e9rieures.<\/p>\n<p>La reprise qui a suivi la crise a \u00e9galement \u00e9t\u00e9 bien plus lente dans de nombreux pays qu\u2019en Suisse, comme le confirment les chiffres de l\u2019\u00e9t\u00e9\u00a02021: si, en Suisse, le PIB corrig\u00e9 est revenu au niveau des pr\u00e9visions d\u2019avant la crise d\u00e8s 2021, il \u00e9tait encore \u00e0 ce moment-l\u00e0 nettement inf\u00e9rieur \u00e0 ces pr\u00e9visions dans de nombreux pays. Les pays qui, comme le Danemark, ont enregistr\u00e9 une perte inf\u00e9rieure \u00e0 celle de la Suisse (calcul\u00e9e selon les param\u00e8tres indiqu\u00e9s ci-dessus) se comptent sur les doigts d\u2019une main.<\/p>\n<p>De nombreuses raisons expliquent pourquoi l\u2019\u00e9conomie suisse a \u00e9t\u00e9 moins touch\u00e9e que d\u2019autres. Les mesures adopt\u00e9es pour endiguer la pand\u00e9mie ont ainsi dur\u00e9 moins longtemps qu\u2019\u00e0 l\u2019\u00e9tranger et y ont aussi \u00e9t\u00e9 moins draconiennes: les \u00e9coles, mais aussi les entreprises et les commerces, ont rouvert rapidement au printemps, surtout en comparaison avec d\u2019autres pays europ\u00e9ens. La structure \u00e9conomique du pays a \u00e9galement jou\u00e9 un r\u00f4le: le tourisme, secteur particuli\u00e8rement affect\u00e9 par la crise sanitaire, ne repr\u00e9sentait que 9% du PIB suisse avant que n\u2019\u00e9clate la crise, un pourcentage inf\u00e9rieur \u00e0 celui de l\u2019Autriche, par exemple (15%)<a href=\"#footnote_3\" id=\"footnote-anchor_3\" class=\"inline-footnote__anchor\">[3]<\/a>. En revanche, l\u2019industrie chimique et pharmaceutique, qui a connu une \u00e9volution favorable durant la pand\u00e9mie, a davantage de poids en Suisse, ce qui a soutenu la conjoncture.<\/p>\n<p>Les mesures \u00e9conomiques adopt\u00e9es pour att\u00e9nuer les effets de la crise ont probablement jou\u00e9 elles aussi un r\u00f4le d\u00e9terminant<a href=\"#footnote_4\" id=\"footnote-anchor_4\" class=\"inline-footnote__anchor\">[4]<\/a>. Face \u00e0 la gravit\u00e9 de la situation, le Conseil f\u00e9d\u00e9ral a, en s\u2019appuyant sur le droit de n\u00e9cessit\u00e9, agi d\u00e8s le d\u00e9but de la pand\u00e9mie pour venir rapidement en aide aux entreprises et aux personnes affect\u00e9es. Il a simplifi\u00e9 et \u00e9tendu le recours au ch\u00f4mage partiel, mis en place une aide d\u2019urgence sous la forme de cr\u00e9dits transitoires cautionn\u00e9s et cr\u00e9\u00e9 le r\u00e9gime d\u2019allocation pour perte de gain Covid-19 afin de compenser les pertes de revenus des ind\u00e9pendants et des salari\u00e9s. Ces mesures avaient pour but de garantir les liquidit\u00e9s d\u2019entreprises \u00e9conomiquement saines et de stabiliser l\u2019emploi et le pouvoir d\u2019achat.<\/p>\n<h2 class=\"text__graphic-title\">Ill.\u00a02: Un recul du PIB nettement moins important que dans les pays voisins<\/h2>\n<p><a href=\"#_ftnref1\" name=\"_ftn1\"><\/a><\/p>\n<div>\n<h6 class=\"copy-small-bold\">GRAPHIQUE INTERACTIF<\/h6>\n<div class='chart chart--normal' id='SCHMIDT_12-2024_ABB2_FR'>\n\n<\/div>\n\n<script>\n$(function () {\n    $('#SCHMIDT_12-2024_ABB2_FR').highcharts({\n\n chart: {\n        type: 'line'\n    },\n    title: {\n        text: ''\n    },\n    subtitle: {\n        text: ''\n    },\n    xAxis: {\n        title: {\n            text: ''\n        },\n        categories: [\n            2018, 2019, 2020, 2021, 2022\n        ]\n    },\n    yAxis: {\n        title: {\n            text: '\u00c9cart par rapport aux pr\u00e9visions du PIB de l\u2019ann\u00e9e pr\u00e9c\u00e9dente (en points de pourcentage)'\n        },\n        labels: {\n            formatter: function () {\n                return Highcharts.numberFormat(this.value, 0);\n            }\n        }\n    },\n    tooltip: {\n        headerFormat: '<b>{point.category}<\/b><br>',  \/\/ Hier wird das Jahr angezeigt\n        valueSuffix: '',\n        pointFormat: '{series.name}: {point.y}'\n    },\n    plotOptions: {\n        line: {\n            dataLabels: {\n                enabled: false\n            },\n            enableMouseTracking: true\n        },\n        series: {\n            marker: {\n                enabled: false\n            }\n        }\n    },\n    series: [{\n        name: 'Suisse',\n        data: [0, 0, -3.55, 0.25, 1.83],\n        color: '#666666'\n    }, {\n        name: 'Allemagne',\n        data: [0, 0, -5.35, -3.28, -3.3],\n        color: '#655c99'\n    }, {\n        name: 'Autriche',\n        data: [0, 0, -8.33, -5.95, -2.88],\n        color: '#9c92bf'\n    }, {\n        name: 'France',\n        data: [0, 0, -8.86, -3.9, -2.74],\n        color: '#327775'\n    }, {\n        name: 'Italie',\n        data: [0, 0, -9.41, -2.04, 1.89],\n        color: '#9bbcbc'\n    }]\n});\n\n\n\n});\n\n\n\n<\/script>\n<\/div>\n<div class=\"diagram-legend\">Remarque: recul du PIB par rapport aux pr\u00e9visions d\u2019octobre 2019.\u00a0Sources: FMI (2024) \/ La Vie \u00e9conomique<\/div>\n<h2 class=\"text__graphic-title\">Le ch\u00f4mage partiel \u00e0 un niveau sans pr\u00e9c\u00e9dent<\/h2>\n<p>En raison de l\u2019effondrement de l\u2019activit\u00e9 \u00e9conomique et des simplifications administratives, le ch\u00f4mage partiel a atteint un niveau record pendant la pand\u00e9mie: en avril\u00a02020, quelque 1,3\u00a0million de travailleurs ont per\u00e7u des indemnit\u00e9s pour r\u00e9duction de l\u2019horaire de travail, soit environ un quart de la population active de Suisse. Par ailleurs, ce m\u00eame mois, environ 153\u00a0000\u00a0personnes actives occup\u00e9es ont touch\u00e9 des allocations pour perte de gain Covid-19, dont 132\u00a0000\u00a0ind\u00e9pendants, soit pr\u00e8s d\u2019un sur deux. La Suisse n\u2019a pas \u00e9t\u00e9 la seule \u00e0 r\u00e9agir ainsi. De nombreux autres pays ont att\u00e9nu\u00e9 les effets de la crise sur l\u2019emploi en ayant recours au ch\u00f4mage partiel ou \u00e0 d\u2019autres mesures similaires, modul\u00e9es diff\u00e9remment en fonction de chaque situation. Aux \u00c9tats-Unis par exemple, la moiti\u00e9 seulement environ des \u00c9tats f\u00e9d\u00e9raux ont mis en place un programme comparable aux indemnit\u00e9s en cas de r\u00e9duction de l\u2019horaire de travail<a href=\"#footnote_5\" id=\"footnote-anchor_5\" class=\"inline-footnote__anchor\">[5]<\/a>.<\/p>\n<p>Les indemnit\u00e9s pour r\u00e9duction de l\u2019horaire de travail ont contribu\u00e9 \u00e0 sauvegarder des emplois<a href=\"#footnote_6\" id=\"footnote-anchor_6\" class=\"inline-footnote__anchor\">[6]<\/a> car elles ont permis aux entreprises de compenser les pertes de travail r\u00e9sultant des restrictions li\u00e9es \u00e0 la pand\u00e9mie, des probl\u00e8mes d\u2019approvisionnement ou de l\u2019effondrement de la demande, de sorte que celles-ci n\u2019ont pratiquement pas d\u00fb licencier. En Suisse, l\u2019emploi n\u2019a que l\u00e9g\u00e8rement fl\u00e9chi durant le premier semestre\u00a02020, avant de se stabiliser jusqu\u2019au milieu de l\u2019ann\u00e9e 2021. Si le taux de ch\u00f4mage a certes fortement progress\u00e9 au d\u00e9but de la pand\u00e9mie, il n\u2019a cependant pas atteint les m\u00eames niveaux que lors de crises pr\u00e9c\u00e9dentes.<\/p>\n<p>Aux \u00c9tats-Unis en revanche, le ch\u00f4mage a bondi en avril 2020, progressant de 10\u00a0points de pourcentage pour atteindre 14,4%, une \u00e9volution notamment due \u00e0 l\u2019absence de d\u00e9lais de cong\u00e9 l\u00e9gaux. L\u2019emploi a toutefois aussi nettement recul\u00e9 en Espagne, en Italie et en Autriche en 2020, en d\u00e9pit d\u2019un recours g\u00e9n\u00e9ralis\u00e9 au ch\u00f4mage partiel. Le poids du secteur touristique dans ces pays n\u2019est probablement pas \u00e9tranger \u00e0 ce ph\u00e9nom\u00e8ne (voir <em>ci-dessus<\/em>).<\/p>\n<h2 class=\"text__graphic-title\">Les mesures ont r\u00e9duit les incertitudes et garanti les revenus<\/h2>\n<p>Conjugu\u00e9 \u00e0 d\u2019autres mesures d\u2019att\u00e9nuation, le ch\u00f4mage partiel a pos\u00e9 les bases d\u2019une reprise rapide, la Suisse ayant adopt\u00e9 des dispositions plut\u00f4t g\u00e9n\u00e9reuses: les personnes concern\u00e9es ont per\u00e7u une indemnit\u00e9 \u00e0 hauteur de 80% de la perte de gain, soit le m\u00eame pourcentage approximativement qu\u2019en Autriche et en Italie, mais plus qu\u2019en Espagne (70%) et qu\u2019en Allemagne (60%). En outre, ce pourcentage a \u00e9t\u00e9 relev\u00e9 \u00e0 100% pour les personnes disposant d\u2019un faible revenu. Au total, le revenu par habitant a connu une \u00e9volution favorable en Suisse pendant la crise<a href=\"#footnote_7\" id=\"footnote-anchor_7\" class=\"inline-footnote__anchor\">[7]<\/a>.<\/p>\n<p>Un autre facteur s\u2019est r\u00e9v\u00e9l\u00e9 presque plus d\u00e9terminant encore: le maintien des emplois, qui a contribu\u00e9 \u00e0 apaiser les profondes inqui\u00e9tudes ressenties particuli\u00e8rement en d\u00e9but de crise. Si, en mars\u00a02020, les b\u00e9n\u00e9ficiaires d\u2019indemnit\u00e9s avaient re\u00e7u une lettre de cong\u00e9 au lieu d\u2019une aide financi\u00e8re, ils se seraient probablement serr\u00e9 la ceinture m\u00eame dans des domaines o\u00f9 la consommation restait possible: logement, achats en ligne et denr\u00e9es alimentaires. L\u2019effondrement de la demande aurait alors \u00e9t\u00e9 encore plus marqu\u00e9, les entreprises auraient essuy\u00e9 de plus grosses pertes et le nombre de personnes licenci\u00e9es aurait \u00e9t\u00e9 plus \u00e9lev\u00e9.<\/p>\n<p>Les mesures \u00e9conomiques adopt\u00e9es pour att\u00e9nuer les effets de la pand\u00e9mie ont jou\u00e9 un r\u00f4le majeur pour \u00e9viter que la crise s\u2019autoalimente et provoque des vagues de licenciement et de faillites. Elles ont contribu\u00e9 \u00e0 la reprise rapide de l\u2019\u00e9conomie suisse, qui est sortie de la crise plus vite que bon nombre de ses principaux partenaires commerciaux.<\/p>\n<ol class=\"footnote\"><li id=\"footnote_1\" class=\"footnote--item\">Voir Conseil f\u00e9d\u00e9ral (2024).&nbsp;<a href=\"#footnote-anchor_1\" class=\"inline-footnote__anchor hidden-print\">[<span class=\"icon-arrow-up\"><\/span>]<\/a><\/li><li id=\"footnote_2\" class=\"footnote--item\">Voir Kaiser <em>et al.<\/em> (2024).&nbsp;<a href=\"#footnote-anchor_2\" class=\"inline-footnote__anchor hidden-print\">[<span class=\"icon-arrow-up\"><\/span>]<\/a><\/li><li id=\"footnote_3\" class=\"footnote--item\">Voir Kemeny et Schmidt (2021).&nbsp;<a href=\"#footnote-anchor_3\" class=\"inline-footnote__anchor hidden-print\">[<span class=\"icon-arrow-up\"><\/span>]<\/a><\/li><li id=\"footnote_4\" class=\"footnote--item\">Voir Conseil f\u00e9d\u00e9ral (2024).&nbsp;<a href=\"#footnote-anchor_4\" class=\"inline-footnote__anchor hidden-print\">[<span class=\"icon-arrow-up\"><\/span>]<\/a><\/li><li id=\"footnote_5\" class=\"footnote--item\">Voir Winters (2023).&nbsp;<a href=\"#footnote-anchor_5\" class=\"inline-footnote__anchor hidden-print\">[<span class=\"icon-arrow-up\"><\/span>]<\/a><\/li><li id=\"footnote_6\" class=\"footnote--item\">Voir Felder <em>et al <\/em>(2023).&nbsp;<a href=\"#footnote-anchor_6\" class=\"inline-footnote__anchor hidden-print\">[<span class=\"icon-arrow-up\"><\/span>]<\/a><\/li><li id=\"footnote_7\" class=\"footnote--item\">Voir Schmidt (2024).&nbsp;<a href=\"#footnote-anchor_7\" class=\"inline-footnote__anchor hidden-print\">[<span class=\"icon-arrow-up\"><\/span>]<\/a><\/li><\/ol>","protected":false},"excerpt":{"rendered":"<p>La pand\u00e9mie de Covid-19 a plong\u00e9 l\u2019\u00e9conomie mondiale dans sa pire crise depuis la Seconde Guerre mondiale. Le virus s\u2019est propag\u00e9 comme une tra\u00een\u00e9e de poudre sur tous les continents et des mesures draconiennes ont \u00e9t\u00e9 adopt\u00e9es pratiquement partout pour l\u2019endiguer: fermeture d\u2019\u00e9coles, d\u2019entreprises et de commerces, restriction voire interdiction des d\u00e9placements et des manifestations, [&hellip;]<\/p>","protected":false},"author":4710,"featured_media":206373,"comment_status":"open","ping_status":"open","sticky":false,"template":"","format":"standard","meta":{"_acf_changed":false,"om_disable_all_campaigns":false,"ep_exclude_from_search":false,"footnotes":""},"post__type":[82],"post_opinion":[],"post_serie":[88],"post_content_category":[104],"post_content_subject":[137],"acf":{"seco_author":4710,"seco_co_author":"","author_override":"","seco_author_post_ocupation_year":"","seco_author_post_occupation_de":"Dr. oec., wissenschaftliche Mitarbeiterin, Ressort Konjunktur, Staatssekretariat f\u00fcr Wirtschaft (Seco), Bern","seco_author_post_occupation_fr":"\u00c9conomiste, secteur Conjoncture, Secr\u00e9tariat d\u2019\u00c9tat \u00e0 l\u2019\u00e9conomie (Seco), Berne","seco_co_authors_post_ocupation":null,"short_title":"","post_lead":"Fermetures d\u2019entreprises, interdictions de manifestations et autres restrictions des d\u00e9placements ont frapp\u00e9 l\u2019\u00e9conomie helv\u00e9tique de plein fouet pendant la pand\u00e9mie. Pourtant, la Suisse s\u2019en est remise plus vite que bien d\u2019autres pays. \r\n","post_hero_image_description":"En 2020, l\u2019\u00e9conomie suisse a recul\u00e9 de 2,2% pendant la pand\u00e9mie de Covid-19. Ensuite, elle s\u2019est r\u00e9tablie plus rapidement que d\u2019autres pays.","post_hero_image_description_copyright_de":"","post_hero_image_description_copyright_fr":"Keystone","post_references_literature":"<ul>\r\n \t<li class=\"content-copy\">Conseil f\u00e9d\u00e9ral (2024). <a href=\"https:\/\/www.newsd.admin.ch\/newsd\/message\/attachments\/88503.pdf\">Cons\u00e9quences \u00e9conomiques de la crise du Covid-19<\/a>.<\/li>\r\n \t<li class=\"content-copy\">Kaiser B. <em>et al.<\/em> (2024). <a href=\"https:\/\/www.seco.admin.ch\/seco\/fr\/home\/Publikationen_Dienstleistungen\/Publikationen_und_Formulare\/konjunktur\/wirtschaftliche_auswirkungen_massnahmen_corona-krise.html\">Wirtschaftliche Auswirkungen der angeordneten Massnahmen in der Corona-Krise<\/a> (en allemand, avec une synth\u00e8se en fran\u00e7ais). Bases de la politique \u00e9conomique n<sup>o<\/sup>\u00a053. Secr\u00e9tariat d\u2019\u00c9tat \u00e0 l\u2019\u00e9conomie (Seco), Berne.<\/li>\r\n \t<li class=\"content-copy\">Kemeny F. et Schmidt C. (2021). <a href=\"https:\/\/www.seco.admin.ch\/seco\/fr\/home\/Publikationen_Dienstleistungen\/Publikationen_und_Formulare\/konjunkturtendenz\/spezialthema\/exkurs_bip-effekte_.html\">Encadr\u00e9:<\/a><a href=\"https:\/\/www.seco.admin.ch\/seco\/fr\/home\/Publikationen_Dienstleistungen\/Publikationen_und_Formulare\/konjunkturtendenz\/spezialthema\/exkurs_bip-effekte_.html\"> Effets de la crise Corona sur le PIB au niveau international<\/a>. Secr\u00e9tariat d\u2019\u00c9tat \u00e0 l\u2019\u00e9conomie (Seco), Berne.<\/li>\r\n \t<li class=\"content-copy\">Felder R. <em>et al.<\/em> (2023). <a href=\"https:\/\/www.seco.admin.ch\/seco\/fr\/home\/Publikationen_Dienstleistungen\/Publikationen_und_Formulare\/Arbeit\/Arbeitsmarkt\/Informationen_Arbeitsmarktforschung\/auswirkungen_coronapandemie_auf_den_arbeitsmarkt_rolle_arbeitslosenversicherung.html\">L\u2019impact de la pand\u00e9mie de coronavirus sur le march\u00e9 du travail et le r\u00f4le de l\u2019assurance-ch\u00f4mage pendant la crise.<\/a> Bases de la politique \u00e9conomique n<sup>o<\/sup>\u00a038. Secr\u00e9tariat d\u2019\u00c9tat \u00e0 l\u2019\u00e9conomie (Seco), Berne.<\/li>\r\n \t<li class=\"content-copy\">Schmidt C. (2024). Spezialthema: Schweizer Wirtschaft kam \u00abglimpflich\u00bb durch die Pandemie \u2013 wirtschaftspolitische Abfederungsmassnahmen trugen dazu bei.<\/li>\r\n \t<li class=\"content-copy\">Winters J. (2023). <a href=\"https:\/\/www.iab-forum.de\/short-time-compensation-wird-in-den-usa-zu-wenig-genutzt\/\">Short-Time Compensation wird in den USA zu wenig genutzt<\/a>. Forum IAB du 27\u00a0juin 2023.<\/li>\r\n<\/ul>","post_kasten":[{"kasten_title":"\u00abTendances conjoncturelles\u00bb Hiver 2024\/2025","kasten_box":"<strong>Situation de l\u2019\u00e9conomie suisse \u2013 <\/strong>Au 3<sup>e<\/sup> trimestre 2024, la croissance \u00e9conomique de la Suisse a ralenti (0,2%). Compar\u00e9 \u00e0 ceux enregistr\u00e9s par les pays voisins, ce r\u00e9sultat se situe dans la moyenne.\r\n\r\n<strong>Pr\u00e9visions conjoncturelles<\/strong> \u2013\u00a0Sur l\u2019ensemble de l\u2019ann\u00e9e 2024, le groupe d\u2019experts pr\u00e9voit un taux de croissance de 0,9% pour l\u2019\u00e9conomie suisse. En 2025, le rythme d\u2019expansion de la demande mondiale \u00e0 destination de la Suisse devrait rester inf\u00e9rieur \u00e0 la moyenne historique. Dans ce contexte, le groupe d\u2019experts revoit ses pr\u00e9visions l\u00e9g\u00e8rement \u00e0 la baisse (1,5%).\r\n\r\n<strong>\u00c9conomie mondiale<\/strong> \u2013 Le 3<sup>e<\/sup>\u00a0trimestre 2024 a \u00e9t\u00e9 marqu\u00e9 par un nouvel \u00e9lan de croissance de l\u2019\u00e9conomie mondiale. Dans de nombreux pays, l\u2019inflation a encore l\u00e9g\u00e8rement recul\u00e9 en automne, tandis que l\u2019inflation sous-jacente est parfois m\u00eame repartie \u00e0 la hausse. Vu la baisse de l\u2019inflation et des perspectives y relatives, de nombreuses banques centrales ont r\u00e9cemment continu\u00e9 de r\u00e9duire leurs taux directeurs.\r\n\r\n<strong>Encadr\u00e9: Incertitudes li\u00e9es \u00e0 la future politique commerciale et \u00e9conomique des \u00c9tats-Unis<\/strong> \u2013 Pendant la campagne \u00e9lectorale et \u00e0 la suite de la victoire des r\u00e9publicains, plusieurs annonces ont \u00e9t\u00e9 faites concernant la future politique commerciale et \u00e9conomique des \u00c9tats-Unis. Nous mettons ici en \u00e9vidence certains canaux par lesquels les mesures mentionn\u00e9es sont susceptibles de d\u00e9ployer leurs effets.\r\n\r\n<strong>Th\u00e8me sp\u00e9cial: L\u2019\u00e9conomie suisse face \u00e0 la pand\u00e9mie de coronavirus<\/strong> \u2013 La pand\u00e9mie de coronavirus a plong\u00e9 l\u2019\u00e9conomie mondiale dans la plus s\u00e9v\u00e8re crise jamais rencontr\u00e9e depuis la Seconde Guerre mondiale. Au titre de ce th\u00e8me sp\u00e9cial, nous pr\u00e9sentons les principales conclusions sur les cons\u00e9quences de la crise du coronavirus sur l\u2019\u00e9conomie suisse.\r\n\r\n<a href=\"https:\/\/dievolkswirtschaft.ch\/content\/uploads\/2024\/12\/KT_2024_04_fr.pdf\"><img class=\"aligncenter size-medium wp-image-206012\" src=\"https:\/\/dievolkswirtschaft.ch\/content\/uploads\/2024\/12\/Seiten-aus-KT_2024_04_fr-212x300.jpg\" alt=\"\" width=\"212\" height=\"300\" \/><\/a>"}],"post_notes_for_print":"","first_teaser_header_de":"","first_teaser_header_fr":"","first_teaser_text_de":"","first_teaser_text_fr":"","second_teaser_header_de":"","second_teaser_header_fr":"","second_teaser_text_de":"","second_teaser_text_fr":"","kseason_de":"","kseason_fr":"","post_in_pdf":"","main_focus":"","serie_email":"","frontpage_slider_bild":"","artikel_bild-slider":null,"legacy_id":"","post_abstract":"","magazine_issue":null,"seco_author_reccomended_post":"","redaktoren":"","korrektor":"","planned_publication_date":"2024-12-17 05:30:33","original_files":null,"external_release_for_author":null,"external_release_for_author_time":"","link_for_external_authors":"https:\/\/dievolkswirtschaft.ch\/fr\/exedit\/67483e321f11c"},"_links":{"self":[{"href":"https:\/\/dievolkswirtschaft.ch\/fr\/wp-json\/wp\/v2\/posts\/205072"}],"collection":[{"href":"https:\/\/dievolkswirtschaft.ch\/fr\/wp-json\/wp\/v2\/posts"}],"about":[{"href":"https:\/\/dievolkswirtschaft.ch\/fr\/wp-json\/wp\/v2\/types\/post"}],"author":[{"embeddable":true,"href":"https:\/\/dievolkswirtschaft.ch\/fr\/wp-json\/wp\/v2\/users\/4710"}],"replies":[{"embeddable":true,"href":"https:\/\/dievolkswirtschaft.ch\/fr\/wp-json\/wp\/v2\/comments?post=205072"}],"version-history":[{"count":18,"href":"https:\/\/dievolkswirtschaft.ch\/fr\/wp-json\/wp\/v2\/posts\/205072\/revisions"}],"predecessor-version":[{"id":206017,"href":"https:\/\/dievolkswirtschaft.ch\/fr\/wp-json\/wp\/v2\/posts\/205072\/revisions\/206017"}],"acf:user":[{"embeddable":true,"href":"https:\/\/dievolkswirtschaft.ch\/fr\/wp-json\/wp\/v2\/users\/4710"}],"wp:featuredmedia":[{"embeddable":true,"href":"https:\/\/dievolkswirtschaft.ch\/fr\/wp-json\/wp\/v2\/media\/206373"}],"wp:attachment":[{"href":"https:\/\/dievolkswirtschaft.ch\/fr\/wp-json\/wp\/v2\/media?parent=205072"}],"wp:term":[{"taxonomy":"post__type","embeddable":true,"href":"https:\/\/dievolkswirtschaft.ch\/fr\/wp-json\/wp\/v2\/post__type?post=205072"},{"taxonomy":"post_opinion","embeddable":true,"href":"https:\/\/dievolkswirtschaft.ch\/fr\/wp-json\/wp\/v2\/post_opinion?post=205072"},{"taxonomy":"post_serie","embeddable":true,"href":"https:\/\/dievolkswirtschaft.ch\/fr\/wp-json\/wp\/v2\/post_serie?post=205072"},{"taxonomy":"post_content_category","embeddable":true,"href":"https:\/\/dievolkswirtschaft.ch\/fr\/wp-json\/wp\/v2\/post_content_category?post=205072"},{"taxonomy":"post_content_subject","embeddable":true,"href":"https:\/\/dievolkswirtschaft.ch\/fr\/wp-json\/wp\/v2\/post_content_subject?post=205072"}],"curies":[{"name":"wp","href":"https:\/\/api.w.org\/{rel}","templated":true}]}}