{"id":205592,"date":"2025-01-07T07:00:51","date_gmt":"2025-01-07T06:00:51","guid":{"rendered":"https:\/\/dievolkswirtschaft.ch\/?p=205592"},"modified":"2025-01-07T18:08:49","modified_gmt":"2025-01-07T17:08:49","slug":"progression-marquee-du-job-sharing-en-suisse","status":"publish","type":"post","link":"https:\/\/dievolkswirtschaft.ch\/fr\/2025\/01\/progression-marquee-du-job-sharing-en-suisse\/","title":{"rendered":"Progression marqu\u00e9e du job sharing en Suisse"},"content":{"rendered":"<p>Afin d\u2019attirer et de fid\u00e9liser le personnel, les entreprises doivent de plus en plus proposer des concepts d\u2019am\u00e9nagement du temps de travail innovants tels que le partage de poste ou <em>job sharing, <\/em>qui consiste \u00e0 r\u00e9partir entre deux personnes les t\u00e2ches et les responsabilit\u00e9s associ\u00e9es \u00e0 un emploi. Ce mod\u00e8le peut \u00e9galement \u00eatre appliqu\u00e9 aux postes de direction (on parle alors de <em>top sharing<\/em>), comme le montrent les tandems pr\u00e9sent\u00e9s sur des sites d\u2019entreprises et dans la presse.<\/p>\n<p>Le <em>job sharing<\/em> et le <em>top sharing <\/em>permettent aux salari\u00e9s de se consacrer \u00e0 d\u2019autres t\u00e2ches (prise en charge d\u2019un proche, b\u00e9n\u00e9volat ou autre activit\u00e9 professionnelle, par exemple) et d\u2019occuper \u00e0 temps partiel des fonctions qui ont longtemps \u00e9t\u00e9 consid\u00e9r\u00e9es comme n\u2019\u00e9tant exer\u00e7ables qu\u2019\u00e0 temps plein.<\/p>\n<h2 class=\"text__graphic-title\">Un sondage r\u00e9alis\u00e9 aupr\u00e8s d\u2019entreprises de trois r\u00e9gions linguistiques<\/h2>\n<p>Le concept du partage de poste n\u2019est pas nouveau. Comme le montre l\u2019\u00e9tude d\u2019Amstutz et Jochem (2014) r\u00e9alis\u00e9e sur mandat de l\u2019Association Part-time Optimisation<a href=\"#footnote_1\" id=\"footnote-anchor_1\" class=\"inline-footnote__anchor\">[1]<\/a> (PTO), des entreprises de diff\u00e9rents secteurs ont instaur\u00e9 ce mod\u00e8le il y a dix ans d\u00e9j\u00e0.<\/p>\n<p>L\u2019Institut de gestion du personnel et de l\u2019organisation de la Haute \u00e9cole sp\u00e9cialis\u00e9e du Nord-Ouest de la Suisse (FHNW) a men\u00e9 une nouvelle enqu\u00eate pour r\u00e9\u00e9valuer l\u2019ampleur et la mise en \u0153uvre des partages de postes en Suisse. Un \u00e9chantillon al\u00e9atoire de 5000 entreprises comptant plus de dix salari\u00e9s, stratifi\u00e9 en fonction de la r\u00e9gion linguistique et de la taille, a \u00e9t\u00e9 invit\u00e9 par courrier \u00e0 participer au sondage en ligne. Les r\u00e9sultats reposent sur les donn\u00e9es exploitables fournies par 1064 entreprises des secteurs priv\u00e9, public et \u00e0 but non lucratif.<\/p>\n<h2 class=\"text__graphic-title\">Le <em>top sharing<\/em> gagne en popularit\u00e9<\/h2>\n<p>Plus d\u2019un quart (28%) des entreprises interrog\u00e9es appliquent le partage de poste, un mod\u00e8le qui est plus r\u00e9pandu dans les grandes entreprises et le secteur \u00e0 but non lucratif. Le partage d\u2019un poste par des collaboratrices et collaborateurs sans fonction dirigeante est plus fr\u00e9quent que le <em>top sharing <\/em>qui est pratiqu\u00e9 plus intens\u00e9ment en Suisse al\u00e9manique et dans les grandes entreprises. Le partage d\u2019emploi a augment\u00e9 ces dix derni\u00e8res ann\u00e9es: 35% des entreprises utilisent ce mod\u00e8le depuis plus de dix ans, plus de la moiti\u00e9 depuis moins de dix ans.<\/p>\n<p>Le nombre de tandems partageant un poste varie fortement: alors que beaucoup d\u2019entreprises ne comptent qu\u2019un poste partag\u00e9, d\u2019autres d\u00e9nombrent de nombreux tandems. En moyenne, les entreprises emploient quatre tandems en <em>top sharing<\/em>. Ces derniers sont le plus souvent compos\u00e9s de deux femmes, tandis que la combinaison homme\/homme est la plus rare. On constate que le nombre de postes partag\u00e9s\u00a0\u2013 avec ou sans fonction dirigeante\u00a0\u2013 est rest\u00e9 stable ou a augment\u00e9 ces dix derni\u00e8res ann\u00e9es (voir <em>illustration<\/em>).<\/p>\n<h2 class=\"text__graphic-title\">Augmentation des partages de postes au cours des dix derni\u00e8res ann\u00e9es (2014 &#8211; 2024)<\/h2>\n<h6 class=\"copy-small-bold\">GRAPHIQUE INTERACTIF<\/h6>\n<div class='chart chart--normal' id='KRONE-JANSEN-01-2025_FR'>\n\n<\/div>\n\n<script>\n$(function () {\n    $('#KRONE-JANSEN-01-2025_FR').highcharts({\n\n chart: {\n    type: 'bar'\n},\n\ntitle: {\n    text: ''\n},\n\nxAxis: {\n    categories: ['Forte augmentation', 'L\u00e9g\u00e8re augmentation', 'Inchang\u00e9', 'L\u00e9g\u00e8re diminution', 'Forte diminution'],\n    labels: {\n        style: {\n            fontSize: '12px',\n            fontFamily: 'Helvetica'\n        }\n    }\n},\n\nyAxis: {\n    allowDecimals: false,\n    title: {\n        text: ''\n    },\n    labels: {\n        format: '{value}%'\n    },\n    stackLabels: {\n        enabled: true,\n        formatter: function() {\n            return this.stack;\n        }\n    }\n},\n\ntooltip: {\n    formatter: function() {\n        var categories = this.series.chart.xAxis[0].categories;\n        return '<b>' + categories[this.point.index] + '<\/b><br\/>' +\n            this.series.name + ': ' + this.y + '%<br\/>';\n    }\n},\n\nplotOptions: {\n    bar: {\n        stacking: ''\n    },\n    series: {\n        dataLabels: {\n            enabled: true,\n            formatter: function() {\n                return this.y + '%'; \/\/ F\u00fcgt Prozentzeichen zur Datenbeschriftung hinzu\n            }\n        }\n    }\n},\n\nseries: [{\n    name: 'Job sharing (sans fonction dirigeante)',\n    data: [9.7, 34.6, 54.4, 0.8, 0.5],\n    stack: '2019',\n    color: '#327775'\n}, {\n    name: 'Top sharing',\n    data: [4.3, 21.5, 71.6, 2.6, 0],\n    stack: '2020',\n    color: '#655c99'\n}]\n});\n});\n\n\n\n<\/script>\n<div class=\"diagram-legend\">Source: Jansen et Hunn (2024) \/ La Vie \u00e9conomique<\/div>\n<h2 class=\"text__graphic-title\">Manque de connaissances sur la mise en \u0153uvre du <em>job sharing<\/em><\/h2>\n<p>Septante-deux pour cent des entreprises interrog\u00e9es ne pratiquent pas le partage de postes. Cette situation ne semble toutefois pas \u00eatre due \u00e0 un cadre organisationnel diff\u00e9rent des entreprises ayant recours au <em>job sharing<\/em> ou au <em>top sharing<\/em> car ces entreprises sont tout autant touch\u00e9es par la p\u00e9nurie de main-d\u2019\u0153uvre qualifi\u00e9e et prennent des mesures similaires en faveur de l\u2019\u00e9galit\u00e9 des genres, telles que la promotion des femmes aux postes de direction ou la conciliation de la vie professionnelle et familiale.<\/p>\n<p>Les raisons pour lesquelles les entreprises n\u2019ont pas mis en place de partage de postes n\u2019ont gu\u00e8re chang\u00e9 au cours des dix derni\u00e8res ann\u00e9es. Le motif le plus souvent invoqu\u00e9 est toujours le nombre insuffisant de demandes ou de candidatures pour ce mod\u00e8le de travail, suivi des difficult\u00e9s \u00e0 partager les fonctions. Tr\u00e8s peu d\u2019entreprises indiquent que les parties prenantes rejettent ces mod\u00e8les de travail. Le faible taux de partage de postes semble donc \u00eatre d\u00fb au fait que les salari\u00e9s ne sont pas suffisamment inform\u00e9s des avantages de ces mod\u00e8les de travail et que les entreprises ne savent souvent pas comment r\u00e9partir les fonctions et soutenir les tandems en<em> job sharing<\/em>.<\/p>\n<h2 class=\"text__graphic-title\">L\u2019accompagnement professionnel, un facteur cl\u00e9<\/h2>\n<p>La pratique montre qu\u2019un accompagnement cibl\u00e9 des entreprises lors de l\u2019instauration de mod\u00e8les de <em>job\/top sharing<\/em> est essentiel. Durant les trois premiers mois suivant l\u2019introduction d\u2019un partage de poste, chaque tandem b\u00e9n\u00e9ficie en moyenne de deux \u00e0 trois s\u00e9ances d\u2019accompagnement afin d\u2019\u00e9tablir une structure de travail optimale. La r\u00e9ussite de ces mod\u00e8les d\u00e9pend principalement d\u2019une communication efficace. En outre, la num\u00e9risation a consid\u00e9rablement \u00e9t\u00e9 simplifi\u00e9e ces derni\u00e8res ann\u00e9es: gr\u00e2ce \u00e0 la synchronisation des documents, les collaboratrices et collaborateurs en tandem peuvent s\u2019informer plus rapidement et communiquer plus efficacement avec leur \u00e9quipe, ce qui r\u00e9duit le besoin d\u2019\u00e9changes physiques.<\/p>\n<p>Pour que le mod\u00e8le soit une r\u00e9ussite, les personnes partageant un poste doivent en outre disposer de comp\u00e9tences sociales telles que la flexibilit\u00e9, l\u2019ouverture d\u2019esprit, la confiance, des valeurs communes, la g\u00e9n\u00e9rosit\u00e9, un esprit critique et la capacit\u00e9 \u00e0 se remettre en question et \u00e0 g\u00e9rer les conflits de fa\u00e7on constructive.<\/p>\n<p>L\u2019un des d\u00e9fis actuels des entreprises est de pr\u00e9server et de transmettre le savoir-faire de la g\u00e9n\u00e9ration qui quitte le march\u00e9 du travail. Cette transmission est possible dans le cas d\u2019un partage de poste interg\u00e9n\u00e9rationnel, c\u2019est-\u00e0-dire lorsque deux salari\u00e9s ayant au moins dix ans d\u2019\u00e9cart se partagent une fonction. Plus de la moiti\u00e9 des entreprises interrog\u00e9es utilisent d\u00e9j\u00e0 ce mod\u00e8le pour des fonctions avec ou sans t\u00e2ches de direction, favorisant ainsi le transfert de connaissances entre les g\u00e9n\u00e9rations.<\/p>\n<ol class=\"footnote\"><li id=\"footnote_1\" class=\"footnote--item\">PTO s\u2019engage pour le <em>job<\/em> et <em>top sharing<\/em> en Suisse. L\u2019Association PTO informe et conseille les employeurs et les employ\u00e9es et employ\u00e9s sur les modalit\u00e9s du mod\u00e8le pour en assurer une mise en \u0153uvre optimale.&nbsp;<a href=\"#footnote-anchor_1\" class=\"inline-footnote__anchor hidden-print\">[<span class=\"icon-arrow-up\"><\/span>]<\/a><\/li><\/ol>","protected":false},"excerpt":{"rendered":"<p>Afin d\u2019attirer et de fid\u00e9liser le personnel, les entreprises doivent de plus en plus proposer des concepts d\u2019am\u00e9nagement du temps de travail innovants tels que le partage de poste ou job sharing, qui consiste \u00e0 r\u00e9partir entre deux personnes les t\u00e2ches et les responsabilit\u00e9s associ\u00e9es \u00e0 un emploi. Ce mod\u00e8le peut \u00e9galement \u00eatre appliqu\u00e9 aux [&hellip;]<\/p>","protected":false},"author":12823,"featured_media":205857,"comment_status":"open","ping_status":"open","sticky":false,"template":"","format":"standard","meta":{"_acf_changed":false,"om_disable_all_campaigns":false,"ep_exclude_from_search":false,"footnotes":""},"post__type":[83],"post_opinion":[],"post_serie":[],"post_content_category":[90],"post_content_subject":[217],"acf":{"seco_author":12823,"seco_co_author":[3910],"author_override":"","seco_author_post_ocupation_year":"","seco_author_post_occupation_de":"Dr. phil., Professorin f\u00fcr Human Resource Management am Institut f\u00fcr Personalmanagement und Organisation, Fachhochschule Nordwestschweiz (FHNW), Olten","seco_author_post_occupation_fr":"Professeure \u00e0 l\u2019Institut de gestion du personnel et de l\u2019organisation, Haute \u00e9cole sp\u00e9cialis\u00e9e du Nord-Ouest de la Suisse (FHNW), Olten.","seco_co_authors_post_ocupation":[{"seco_co_author":3910,"seco_co_author_post_occupation_year":"","seco_co_author_post_occupation_de":"Dr. oec., Co-Gr\u00fcnderin und Gesch\u00e4ftsleiterin des Vereins Part-Time Optimisation (PTO) und Co-Gesch\u00e4ftsleiterin WeJobshare, Freiburg","seco_co_author_post_occupation_fr":"Cofondatrice et directrice de l\u2019Association Part-time Optimisation (PTO) et codirectrice de WeJobshare, Fribourg."}],"short_title":"","post_lead":"Une \u00e9tude montre que le partage d\u2019un poste \u00e0 temps plein par deux salari\u00e9s est un mod\u00e8le de travail fr\u00e9quent en Suisse. Pourtant, les organisations manquent de connaissance pour le mettre en \u0153uvre.","post_hero_image_description":"Gestion d\u2019\u00e9quipe en tandem: dans le cadre du job sharing, ce sont souvent deux femmes qui se partagent un poste. ","post_hero_image_description_copyright_de":"","post_hero_image_description_copyright_fr":"Keystone","post_references_literature":"<ul>\r\n \t<li class=\"content-copy\">Amstutz N. et Jochem A. (2014). Travail \u00e0 temps partiel et job sharing en Suisse, R\u00e9sultats de l\u2019enqu\u00eate, FHNW.<\/li>\r\n \t<li class=\"content-copy\">Jansen A. et Hunn E. (2024). Job et top sharing en Suisse. Un \u00e9tat des lieux dans les petites, moyennes et grandes entreprises dans trois r\u00e9gions linguistiques. \u00c9tude r\u00e9alis\u00e9e sur mandat de l\u2019Association PTO (Part-time Optimisation). Haute \u00e9cole de gestion FHNW.<\/li>\r\n<\/ul>","post_kasten":null,"post_notes_for_print":"","first_teaser_header_de":"","first_teaser_header_fr":"","first_teaser_text_de":"","first_teaser_text_fr":"","second_teaser_header_de":"","second_teaser_header_fr":"","second_teaser_text_de":"","second_teaser_text_fr":"","kseason_de":"","kseason_fr":"","post_in_pdf":"","main_focus":"","serie_email":"","frontpage_slider_bild":"","artikel_bild-slider":null,"legacy_id":"","post_abstract":"","magazine_issue":null,"seco_author_reccomended_post":"","redaktoren":"","korrektor":"","planned_publication_date":"2025-01-07 06:00:48","original_files":null,"external_release_for_author":"20250107","external_release_for_author_time":"00:05:00","link_for_external_authors":"https:\/\/dievolkswirtschaft.ch\/fr\/exedit\/6758021820ca4"},"_links":{"self":[{"href":"https:\/\/dievolkswirtschaft.ch\/fr\/wp-json\/wp\/v2\/posts\/205592"}],"collection":[{"href":"https:\/\/dievolkswirtschaft.ch\/fr\/wp-json\/wp\/v2\/posts"}],"about":[{"href":"https:\/\/dievolkswirtschaft.ch\/fr\/wp-json\/wp\/v2\/types\/post"}],"author":[{"embeddable":true,"href":"https:\/\/dievolkswirtschaft.ch\/fr\/wp-json\/wp\/v2\/users\/12823"}],"replies":[{"embeddable":true,"href":"https:\/\/dievolkswirtschaft.ch\/fr\/wp-json\/wp\/v2\/comments?post=205592"}],"version-history":[{"count":25,"href":"https:\/\/dievolkswirtschaft.ch\/fr\/wp-json\/wp\/v2\/posts\/205592\/revisions"}],"predecessor-version":[{"id":206152,"href":"https:\/\/dievolkswirtschaft.ch\/fr\/wp-json\/wp\/v2\/posts\/205592\/revisions\/206152"}],"acf:user":[{"embeddable":true,"href":"https:\/\/dievolkswirtschaft.ch\/fr\/wp-json\/wp\/v2\/users\/3910"},{"embeddable":true,"href":"https:\/\/dievolkswirtschaft.ch\/fr\/wp-json\/wp\/v2\/users\/12823"}],"wp:featuredmedia":[{"embeddable":true,"href":"https:\/\/dievolkswirtschaft.ch\/fr\/wp-json\/wp\/v2\/media\/205857"}],"wp:attachment":[{"href":"https:\/\/dievolkswirtschaft.ch\/fr\/wp-json\/wp\/v2\/media?parent=205592"}],"wp:term":[{"taxonomy":"post__type","embeddable":true,"href":"https:\/\/dievolkswirtschaft.ch\/fr\/wp-json\/wp\/v2\/post__type?post=205592"},{"taxonomy":"post_opinion","embeddable":true,"href":"https:\/\/dievolkswirtschaft.ch\/fr\/wp-json\/wp\/v2\/post_opinion?post=205592"},{"taxonomy":"post_serie","embeddable":true,"href":"https:\/\/dievolkswirtschaft.ch\/fr\/wp-json\/wp\/v2\/post_serie?post=205592"},{"taxonomy":"post_content_category","embeddable":true,"href":"https:\/\/dievolkswirtschaft.ch\/fr\/wp-json\/wp\/v2\/post_content_category?post=205592"},{"taxonomy":"post_content_subject","embeddable":true,"href":"https:\/\/dievolkswirtschaft.ch\/fr\/wp-json\/wp\/v2\/post_content_subject?post=205592"}],"curies":[{"name":"wp","href":"https:\/\/api.w.org\/{rel}","templated":true}]}}