{"id":208677,"date":"2025-05-13T07:00:06","date_gmt":"2025-05-13T05:00:06","guid":{"rendered":"https:\/\/dievolkswirtschaft.ch\/?p=208677"},"modified":"2025-05-13T15:06:53","modified_gmt":"2025-05-13T13:06:53","slug":"cooperation-entre-la-suisse-et-la-france-interreg-cree-de-la-valeur-ajoutee-pour-les-deux-pays","status":"publish","type":"post","link":"https:\/\/dievolkswirtschaft.ch\/fr\/2025\/05\/cooperation-entre-la-suisse-et-la-france-interreg-cree-de-la-valeur-ajoutee-pour-les-deux-pays\/","title":{"rendered":"Coop\u00e9ration entre la Suisse et la France: Interreg cr\u00e9e de la valeur ajout\u00e9e pour les deux pays"},"content":{"rendered":"<p>Si la fronti\u00e8re s\u00e9parant la Suisse de la France, qui s\u2019\u00e9tend sur pr\u00e8s de 600 km, n\u2019est que la deuxi\u00e8me plus longue du pays apr\u00e8s celle avec l\u2019Italie (plus de 700 km), la zone frontali\u00e8re franco-helv\u00e9tique est toutefois la plus peupl\u00e9e, puisque deux des trois r\u00e9gions m\u00e9tropolitaines suisses, \u00e0 savoir Gen\u00e8ve et B\u00e2le, jouxtent la France. En outre, la topographie favorise en de nombreux endroits l\u2019entretien de cultures et d\u2019espaces naturels communs ainsi que l\u2019\u00e9change de marchandises, de services et de main-d\u2019\u0153uvre. Rappelons que plus de 230&nbsp;000 frontaliers fran\u00e7ais travaillent en Suisse.<\/p>\n<p>Sous l\u2019angle de l\u2019\u00e9conomie r\u00e9gionale, les zones frontali\u00e8res sont tr\u00e8s h\u00e9t\u00e9rog\u00e8nes. On y trouve, d\u2019une part, des centres n\u00e9vralgiques tels que Gen\u00e8ve et B\u00e2le, qui se caract\u00e9risent par une solide dynamique et une forte imbrication \u00e9conomique par-del\u00e0 la fronti\u00e8re. D\u2019autre part, des r\u00e9gions telles que l\u2019Arc jurassien comportent des zones rurales et des zones structurellement plus faibles. Bien que ces derni\u00e8res disposent d\u2019un secteur industriel performant tourn\u00e9 vers l\u2019exportation, elles sont confront\u00e9es \u00e0 une p\u00e9nurie de main-d\u2019\u0153uvre qualifi\u00e9e, due notamment au pouvoir d\u2019attraction des grands p\u00f4les urbains, ainsi qu\u2019\u00e0 la n\u00e9cessit\u00e9 de s\u2019adapter au changement climatique.<\/p>\n<h2 class=\"text__graphic-title\">Interreg, facilitateur de la coop\u00e9ration<\/h2>\n<p>La coop\u00e9ration transfrontali\u00e8re fait historiquement partie du quotidien des r\u00e9gions frontali\u00e8res. Les programmes Interreg A France-Suisse et Rhin sup\u00e9rieur aident \u00e0 relever les d\u00e9fis qui se posent, \u00e0 explorer les synergies et \u00e0 trouver des solutions concr\u00e8tes dans le cadre de projets. Citons par exemple le dispositif de covoiturage destin\u00e9 aux travailleurs (<a href=\"https:\/\/covoiturage-arcjurassien.com\/\">Covoiturage Arc Jurassien<\/a>), la valorisation transfrontali\u00e8re de la biomasse comme source d\u2019\u00e9nergie (<a href=\"https:\/\/www.interreg-francesuisse.eu\/les-projets-aides\/electrivert\">Electrivert<\/a>) ou le d\u00e9veloppement int\u00e9gr\u00e9 d\u2019un espace transfrontalier (<a href=\"https:\/\/www.interreg-francesuisse.eu\/les-projets-aides\/start\">S.T.A.R.T<\/a>). Les programmes et les projets sont soutenus, c\u00f4t\u00e9 suisse, par la nouvelle politique r\u00e9gionale (NPR), un instrument conjoint de la Conf\u00e9d\u00e9ration et des cantons pour le d\u00e9veloppement \u00e9conomique des r\u00e9gions (voir <em>encadr\u00e9<\/em>). C\u00f4t\u00e9 fran\u00e7ais, les fonds proviennent de la politique de coh\u00e9sion de l\u2019UE.<\/p>\n<p>L\u2019\u00e9ventail th\u00e9matique des projets (qui durent en moyenne trois ans) est tr\u00e8s vaste, car la politique r\u00e9gionale de l\u2019UE s\u2019inscrit dans une approche large qui met actuellement l\u2019accent sur une Europe innovante et plus verte. C\u00f4t\u00e9 suisse, priorit\u00e9 est donn\u00e9e au d\u00e9veloppement \u00e9conomique r\u00e9gional, en particulier dans l\u2019industrie et le tourisme.<\/p>\n<h2 class=\"text__graphic-title\">Entre 2014 et 2020, 187 projets Interreg A ont \u00e9t\u00e9 mis en \u0153uvre avec la France<\/h2>\n<p><a href=\"https:\/\/dievolkswirtschaft.ch\/content\/uploads\/2025\/05\/DV_04-25_Filep-Kollbrunner_01_FR-1-1024x911.png\"><img fetchpriority=\"high\" decoding=\"async\" class=\"alignnone size-large wp-image-209611\" src=\"https:\/\/dievolkswirtschaft.ch\/content\/uploads\/2025\/05\/DV_04-25_Filep-Kollbrunner_01_FR-1-1024x911.png\" alt=\"\" width=\"800\" height=\"712\" srcset=\"https:\/\/dievolkswirtschaft.ch\/content\/uploads\/2025\/05\/DV_04-25_Filep-Kollbrunner_01_FR-1-1024x911.png 1024w, https:\/\/dievolkswirtschaft.ch\/content\/uploads\/2025\/05\/DV_04-25_Filep-Kollbrunner_01_FR-1-300x267.png 300w, https:\/\/dievolkswirtschaft.ch\/content\/uploads\/2025\/05\/DV_04-25_Filep-Kollbrunner_01_FR-1-768x683.png 768w, https:\/\/dievolkswirtschaft.ch\/content\/uploads\/2025\/05\/DV_04-25_Filep-Kollbrunner_01_FR-1.png 1484w\" sizes=\"(max-width: 800px) 100vw, 800px\" \/><\/a><\/p>\n<div class=\"diagram-legend\">Source: Interreg\u00a0\/ La Vie \u00e9conomique<\/div>\n<h2 class=\"text__graphic-title\">Des projets du Rhin sup\u00e9rieur jusqu\u2019au L\u00e9man<\/h2>\n<p>Les programmes Interreg men\u00e9s avec la France refl\u00e8tent \u00e0 la fois la structure \u00e9conomique des r\u00e9gions frontali\u00e8res et leurs d\u00e9fis. Dans la r\u00e9gion de B\u00e2le, de nombreux projets concernent non seulement les sciences de la vie, mais aussi d\u2019autres domaines comme l\u2019agriculture, le tourisme et la culture. Ainsi, la valorisation touristique transfrontali\u00e8re des quelque 300\u00a0<a href=\"https:\/\/www.interreg-rhin-sup.eu\/projet\/chateaux-rhenans-promotion-et-valorisation-des-chateaux-forts-du-rhin-superieur\/\">ch\u00e2teaux forts recens\u00e9s dans le Rhin sup\u00e9rieur<\/a> est actuellement au c\u0153ur d\u2019un projet Interreg, pendant que, dans l\u2019Arc jurassien, de nombreux projets portent sur l\u2019industrie horlog\u00e8re et microtechnique qui y est solidement implant\u00e9e. Citons par exemple le projet <a href=\"https:\/\/www.arc-horloger.org\/\">Arc horloger<\/a>, qui est ax\u00e9 sur la pr\u00e9servation des savoir-faire horlogers et leur transmission aux g\u00e9n\u00e9rations futures. Ce double objectif contribue par ailleurs \u00e0 augmenter la valeur touristique de la tradition horlog\u00e8re. Le projet fait suite \u00e0 l\u2019inscription de ces savoir-faire sur la liste du patrimoine culturel immat\u00e9riel de l\u2019Unesco.<\/p>\n<p>La r\u00e9gion l\u00e9manique, pour sa part, voit \u00e9clore de nombreux projets ayant trait \u00e0 la durabilit\u00e9 et \u00e0 la mobilit\u00e9, en plus de ceux qui touchent aux technologies m\u00e9dicales et aux sciences de la vie. L\u2019un d\u2019eux, le projet transfrontalier <a href=\"http:\/\/interreg-vademe.caue74.fr\/le-projet-vademe\/\">Vademe<\/a>, promeut une approche de gestion durable ax\u00e9e sur l\u2019\u00e9conomie circulaire pour la valorisation des d\u00e9chets dans le secteur de la construction. Concr\u00e8tement, les d\u00e9chets de chantier sont revaloris\u00e9s afin de diminuer les externalit\u00e9s n\u00e9gatives et les co\u00fbts de transport, qui peuvent \u00eatre \u00e9lev\u00e9s si les d\u00e9chets sont transport\u00e9s jusqu&#8217;en France.<\/p>\n<p>\u00c9tant donn\u00e9 que les<span style=\"color: #000000;\"> cantons frontaliers suisses <\/span>participent aux programmes Interreg conjointement, une \u00e9troite collaboration entre eux est n\u00e9cessaire. Il va sans dire que les porteurs de projets et les charg\u00e9s de programmes doivent \u00e9galement se concerter avec leurs partenaires de l\u2019autre c\u00f4t\u00e9 de la fronti\u00e8re. Cela a tr\u00e8s bien fonctionn\u00e9 pour le programme France-Suisse lors de la derni\u00e8re p\u00e9riode de programmation Interreg V (2014-2020): 124 projets ont pu \u00eatre r\u00e9alis\u00e9s (voir <em>illustration<\/em>). Pour la p\u00e9riode actuelle Interreg\u00a0VI (2021-2027), on enregistre \u00e0 ce stade moins de projets qu\u2019attendu. Les contraintes associ\u00e9es au d\u00e9p\u00f4t d\u2019une demande de projet europ\u00e9en et \u00e0 la charge administrative qu\u2019impose un projet Interreg dissuadent les porteurs de projets potentiels, notamment ceux de l\u2019\u00e9conomie priv\u00e9e.<\/p>\n<p>Le programme France-Suisse vient de d\u00e9velopper un nouvel outil qui soutient l\u2019\u00e9laboration de plans de d\u00e9veloppement transfrontaliers \u00e0 une \u00e9chelle r\u00e9gionale plus restreinte. Ces plans visent \u00e0 favoriser une r\u00e9flexion et une planification int\u00e9gr\u00e9es dans les r\u00e9gions frontali\u00e8res, ce qui, par ricochet, devrait d\u00e9boucher sur davantage de projets. Actuellement, cinq plans de ce type sont en cours d\u2019\u00e9laboration dans l\u2019Arc jurassien, comme dans l\u2019<a href=\"https:\/\/www.agglomeration-urbaine-du-doubs.com\/\">Agglom\u00e9ration Urbaine du Doubs<\/a>, qui comprend notamment La Chaux-de-Fonds et Le Locle.<\/p>\n<h2 class=\"text__graphic-title\">Le r\u00f4le essentiel du soutien politique<\/h2>\n<p>Les institutions et les plateformes transfrontali\u00e8res peuvent contribuer au succ\u00e8s d\u2019un programme, comme en atteste le programme Interreg Rhin sup\u00e9rieur. La r\u00e9gion de B\u00e2le a tiss\u00e9 des liens, il y a des d\u00e9cennies d\u00e9j\u00e0, avec les r\u00e9gions frontali\u00e8res fran\u00e7aises et allemandes par le biais du Conseil rh\u00e9nan, de la Conf\u00e9rence du Rhin sup\u00e9rieur ou encore de la R\u00e9gion m\u00e9tropolitaine trinationale du Rhin sup\u00e9rieur. Ces institutions donnent l\u2019occasion \u00e0 Interreg de gagner en poids politique, d\u2019enrichir son contenu et d\u2019exp\u00e9rimenter des formes de coop\u00e9ration autres et plus \u00e9troites. En effet, le succ\u00e8s des programmes Interreg repose aussi sur l\u2019engagement des cantons. Les d\u00e9l\u00e9gu\u00e9s cantonaux jouent un r\u00f4le essentiel dans la promotion de cet outil et son relais aupr\u00e8s des acteurs du terrain. Leur connaissance pointue de l\u2019\u00e9cosyst\u00e8me transfrontalier leur permet d\u2019identifier des partenaires potentiels en France.<\/p>\n<p>Les porteurs et partenaires de projets sont quant \u00e0 eux soutenus dans le d\u00e9veloppement de leurs id\u00e9es, c\u00f4t\u00e9 suisse, par les deux organes de coordination r\u00e9gionaux, \u00e0 savoir arcjurassien.ch (Interreg France-Suisse) et Regio Basiliensis (Interreg Rhin sup\u00e9rieur). Ces structures assurent le lien avec les autorit\u00e9s de gestion et les secr\u00e9tariats Interreg des deux programmes situ\u00e9s \u00e0 Besan\u00e7on et \u00e0 Strasbourg. Elles assurent \u00e9galement le flux d\u2019informations en provenance et \u00e0 destination de la Suisse.<\/p>\n<p>Par rapport \u00e0 beaucoup d\u2019autres programmes Interreg d\u00e9ploy\u00e9s en Europe, les deux programmes mis en place avec la France pr\u00e9sentent un avantage de taille: la plupart des acteurs concern\u00e9s n\u2019ont aucune barri\u00e8re linguistique \u00e0 surmonter. \u00c0 cela s\u2019ajoute une proximit\u00e9 culturelle, qui a contribu\u00e9 \u00e0 ce que les \u00e9changes nou\u00e9s dans le cadre d\u2019Interreg deviennent au fil des ann\u00e9es le ferment d\u2019une meilleure compr\u00e9hension entre les deux pays. Mais le plus important est, \u00e0 n\u2019en pas douter, la valeur ajout\u00e9e que le programme g\u00e9n\u00e8re pour la promotion d\u2019une \u00e9conomie plus int\u00e9gr\u00e9e de part et d\u2019autre de la fronti\u00e8re.<\/p>","protected":false},"excerpt":{"rendered":"<p>Si la fronti\u00e8re s\u00e9parant la Suisse de la France, qui s\u2019\u00e9tend sur pr\u00e8s de 600 km, n\u2019est que la deuxi\u00e8me plus longue du pays apr\u00e8s celle avec l\u2019Italie (plus de 700 km), la zone frontali\u00e8re franco-helv\u00e9tique est toutefois la plus peupl\u00e9e, puisque deux des trois r\u00e9gions m\u00e9tropolitaines suisses, \u00e0 savoir Gen\u00e8ve et B\u00e2le, jouxtent la [&hellip;]<\/p>","protected":false},"author":10481,"featured_media":209792,"comment_status":"open","ping_status":"open","sticky":false,"template":"","format":"standard","meta":{"_acf_changed":false,"om_disable_all_campaigns":false,"ep_exclude_from_search":false,"footnotes":""},"post__type":[81,83],"post_opinion":[],"post_serie":[],"post_content_category":[106],"post_content_subject":[231,161],"acf":{"seco_author":10481,"seco_co_author":[4674,13181,13182],"author_override":"","seco_author_post_ocupation_year":"","seco_author_post_occupation_de":"Dr. phil. nat., wissenschaftlicher Mitarbeiter, Koordinator Interreg-Programme, Staatssekretariat f\u00fcr Wirtschaft (Seco), Bern","seco_author_post_occupation_fr":"Collaborateur scientifique, coordinateur des programmes Interreg, Secr\u00e9tariat d\u2019\u00c9tat \u00e0 l\u2019\u00e9conomie (Seco), Berne","seco_co_authors_post_ocupation":[{"seco_co_author":4674,"seco_co_author_post_occupation_year":"","seco_co_author_post_occupation_de":"Co-Ressortleiterin Regional- und Raumordnungspolitik, Staatssekretariat f\u00fcr Wirtschaft (Seco), Bern","seco_co_author_post_occupation_fr":"Co-responsable du secteur Politique r\u00e9gionale et organisation du territoire, Secr\u00e9tariat d\u2019\u00c9tat \u00e0 l\u2019\u00e9conomie (Seco), Berne"},{"seco_co_author":13181,"seco_co_author_post_occupation_year":"","seco_co_author_post_occupation_de":"Projektleiter Regionalpolitik, arcjurassien.ch, La Chaux-de-Fonds","seco_co_author_post_occupation_fr":"Chef de projet Politique r\u00e9gionale, arcjurassien.ch, La Chaux-de-Fonds"},{"seco_co_author":13182,"seco_co_author_post_occupation_year":"","seco_co_author_post_occupation_de":"Leiter F\u00f6rderprogramme, Regio Basiliensis, Basel","seco_co_author_post_occupation_fr":"Responsable Programmes de coop\u00e9ration, Regio Basiliensis, B\u00e2le"}],"short_title":"","post_lead":"De part et d\u2019autre de la fronti\u00e8re franco-suisse, les d\u00e9fis et les opportunit\u00e9s sont multiples, tout comme les solutions envisag\u00e9es. Interreg a d\u00e9j\u00e0 permis de mettre en \u0153uvre avec la France des centaines de projets transfrontaliers, qui ont renforc\u00e9 la coop\u00e9ration r\u00e9gionale et dynamis\u00e9 l\u2019\u00e9conomie r\u00e9gionale gr\u00e2ce \u00e0 des approches pragmatiques.","post_hero_image_description":"Le Mus\u00e9e international d\u2019horlogerie de La Chaux-de-Fonds (NE) participe \u00e0 un projet visant \u00e0 pr\u00e9server le savoir-faire horloger. ","post_hero_image_description_copyright_de":"","post_hero_image_description_copyright_fr":"Keystone","post_references_literature":"","post_kasten":[{"kasten_title":"Participation suisse \u00e0 Interreg","kasten_box":"<a href=\"https:\/\/regiosuisse.ch\/fr\/europe\">Interreg<\/a> est une composante de la politique r\u00e9gionale de l\u2019UE. Dot\u00e9 de pr\u00e8s de 400\u00a0milliards d\u2019euros, cet instrument constitue, apr\u00e8s la politique agricole, la deuxi\u00e8me plus importante politique de soutien financier de la Commission europ\u00e9enne. Pour la p\u00e9riode de soutien actuelle Interreg\u00a0VI (2021-2027), l\u2019UE d\u00e9bloque dans toute l\u2019Europe 10\u00a0milliards d\u2019euros destin\u00e9s \u00e0 de nouveaux projets Interreg.\r\n\r\nLes r\u00e9gions et les cantons frontaliers suisses participent \u00e0 Interreg depuis son lancement, en 1990. La Conf\u00e9d\u00e9ration les a rejoints en 1994. Depuis 2008, l\u2019encouragement au titre d\u2019Interreg s\u2019inscrit dans le cadre de la nouvelle politique r\u00e9gionale (NPR) de la Conf\u00e9d\u00e9ration et des cantons, qui soutient le d\u00e9veloppement \u00e9conomique r\u00e9gional. Au total, la Suisse participe \u00e0 10 programmes Interreg, dont 4 transfrontaliers avec des voisins directs, 2 transnationaux et 4 interr\u00e9gionaux. \u00c0 ce jour, les 5 p\u00e9riodes de programmation qui se sont succ\u00e9d\u00e9 depuis 1990 ont permis de promouvoir pr\u00e8s de 2500 projets.\r\n\r\nLa Conf\u00e9d\u00e9ration a progressivement augment\u00e9 son engagement financier, le faisant passer de 24\u00a0millions de francs (Interreg\u00a0II) \u00e0 56\u00a0millions (Interreg\u00a0VI; 2021-2027). Les cantons versent des contributions au moins \u00e9quivalentes aux programmes transfrontaliers. Les aides financi\u00e8res de la Conf\u00e9d\u00e9ration et des cantons ont pour effet de d\u00e9clencher des investissements suppl\u00e9mentaires consid\u00e9rables r\u00e9alis\u00e9s par des tiers, notamment des communes, des organisations, des hautes \u00e9coles et des entreprises."}],"post_notes_for_print":"","first_teaser_header_de":"","first_teaser_header_fr":"","first_teaser_text_de":"","first_teaser_text_fr":"","second_teaser_header_de":"","second_teaser_header_fr":"","second_teaser_text_de":"","second_teaser_text_fr":"","kseason_de":"","kseason_fr":"","post_in_pdf":"","main_focus":[209557,209561],"serie_email":"","frontpage_slider_bild":"","artikel_bild-slider":null,"legacy_id":"","post_abstract":"","magazine_issue":null,"seco_author_reccomended_post":"","redaktoren":"","korrektor":"","planned_publication_date":"2025-05-13 05:00:56","original_files":null,"external_release_for_author":"20250512","external_release_for_author_time":"00:05:00","link_for_external_authors":"https:\/\/dievolkswirtschaft.ch\/fr\/exedit\/67ea959754dcc"},"_links":{"self":[{"href":"https:\/\/dievolkswirtschaft.ch\/fr\/wp-json\/wp\/v2\/posts\/208677"}],"collection":[{"href":"https:\/\/dievolkswirtschaft.ch\/fr\/wp-json\/wp\/v2\/posts"}],"about":[{"href":"https:\/\/dievolkswirtschaft.ch\/fr\/wp-json\/wp\/v2\/types\/post"}],"author":[{"embeddable":true,"href":"https:\/\/dievolkswirtschaft.ch\/fr\/wp-json\/wp\/v2\/users\/10481"}],"replies":[{"embeddable":true,"href":"https:\/\/dievolkswirtschaft.ch\/fr\/wp-json\/wp\/v2\/comments?post=208677"}],"version-history":[{"count":23,"href":"https:\/\/dievolkswirtschaft.ch\/fr\/wp-json\/wp\/v2\/posts\/208677\/revisions"}],"predecessor-version":[{"id":209978,"href":"https:\/\/dievolkswirtschaft.ch\/fr\/wp-json\/wp\/v2\/posts\/208677\/revisions\/209978"}],"acf:post":[{"embeddable":true,"href":"https:\/\/dievolkswirtschaft.ch\/fr\/wp-json\/wp\/v2\/main_focus_post\/209561"},{"embeddable":true,"href":"https:\/\/dievolkswirtschaft.ch\/fr\/wp-json\/wp\/v2\/main_focus_post\/209557"}],"acf:user":[{"embeddable":true,"href":"https:\/\/dievolkswirtschaft.ch\/fr\/wp-json\/wp\/v2\/users\/13182"},{"embeddable":true,"href":"https:\/\/dievolkswirtschaft.ch\/fr\/wp-json\/wp\/v2\/users\/13181"},{"embeddable":true,"href":"https:\/\/dievolkswirtschaft.ch\/fr\/wp-json\/wp\/v2\/users\/4674"},{"embeddable":true,"href":"https:\/\/dievolkswirtschaft.ch\/fr\/wp-json\/wp\/v2\/users\/10481"}],"wp:featuredmedia":[{"embeddable":true,"href":"https:\/\/dievolkswirtschaft.ch\/fr\/wp-json\/wp\/v2\/media\/209792"}],"wp:attachment":[{"href":"https:\/\/dievolkswirtschaft.ch\/fr\/wp-json\/wp\/v2\/media?parent=208677"}],"wp:term":[{"taxonomy":"post__type","embeddable":true,"href":"https:\/\/dievolkswirtschaft.ch\/fr\/wp-json\/wp\/v2\/post__type?post=208677"},{"taxonomy":"post_opinion","embeddable":true,"href":"https:\/\/dievolkswirtschaft.ch\/fr\/wp-json\/wp\/v2\/post_opinion?post=208677"},{"taxonomy":"post_serie","embeddable":true,"href":"https:\/\/dievolkswirtschaft.ch\/fr\/wp-json\/wp\/v2\/post_serie?post=208677"},{"taxonomy":"post_content_category","embeddable":true,"href":"https:\/\/dievolkswirtschaft.ch\/fr\/wp-json\/wp\/v2\/post_content_category?post=208677"},{"taxonomy":"post_content_subject","embeddable":true,"href":"https:\/\/dievolkswirtschaft.ch\/fr\/wp-json\/wp\/v2\/post_content_subject?post=208677"}],"curies":[{"name":"wp","href":"https:\/\/api.w.org\/{rel}","templated":true}]}}