{"id":208931,"date":"2025-05-13T07:00:45","date_gmt":"2025-05-13T05:00:45","guid":{"rendered":"https:\/\/dievolkswirtschaft.ch\/?p=208931"},"modified":"2025-05-13T09:42:11","modified_gmt":"2025-05-13T07:42:11","slug":"suisse-france-un-maillage-energetique-essentiel","status":"publish","type":"post","link":"https:\/\/dievolkswirtschaft.ch\/fr\/2025\/05\/suisse-france-un-maillage-energetique-essentiel\/","title":{"rendered":"Suisse-France: un maillage \u00e9nerg\u00e9tique essentiel"},"content":{"rendered":"<p>L\u2019interd\u00e9pendance \u00e9nerg\u00e9tique entre la Suisse et la France constitue un pilier discret, mais essentiel, du paysage \u00e9nerg\u00e9tique europ\u00e9en. \u00c0 travers un r\u00e9seau dense en \u00e9lectricit\u00e9, dans une moindre mesure en gaz et en p\u00e9trole, la population des deux pays partage bien plus qu\u2019une fronti\u00e8re g\u00e9ographique. La coop\u00e9ration entre les acteurs fran\u00e7ais et suisses contribue \u00e0 l\u2019approvisionnement et \u00e0 la s\u00e9curit\u00e9 \u00e9nerg\u00e9tique ainsi qu\u2019au d\u00e9veloppement des infrastructures, avec des retomb\u00e9es \u00e9conomiques et environnementales significatives.<\/p>\n<h2 class=\"text__graphic-title\">\u00c9lectricit\u00e9: un r\u00e9seau transfrontalier performant<\/h2>\n<p>Le secteur \u00e9lectrique illustre parfaitement la collaboration intense entre les deux nations. Plusieurs interconnexions transfrontali\u00e8res permettent un \u00e9change fluide d\u2019\u00e9lectricit\u00e9 avec la France. En effet, la pr\u00e9sence de ces interconnecteurs, soit des c\u00e2bles \u00e9lectriques \u00e0 haute tension reliant les r\u00e9seaux \u00e9lectriques de la Suisse et de la France, facilite l\u2019optimisation des capacit\u00e9s de production et la gestion des pics de demande. Ces infrastructures, g\u00e9r\u00e9es par l\u2019op\u00e9rateur national Swissgrid du c\u00f4t\u00e9 suisse et par R\u00e9seau de Transport d\u2019\u00c9lectricit\u00e9 (RTE) du c\u00f4t\u00e9 fran\u00e7ais, assurent une stabilit\u00e9 indispensable, m\u00eame en cas de forte variabilit\u00e9 de la production d\u2019\u00e9nergie renouvelable.<\/p>\n<p>Les \u00e9changes commerciaux d\u2019\u00e9lectricit\u00e9 t\u00e9moignent de la compl\u00e9mentarit\u00e9 des profils de production: la France, avec sa capacit\u00e9 de production nucl\u00e9aire, et la Suisse, largement d\u00e9pendante de l\u2019hydro\u00e9lectricit\u00e9, se renforcent mutuellement. Avec 6,5\u00a0milliards de t\u00e9rawattheures (solde import\/export) en 2023, la France \u00e9tait le pays depuis lequel la Suisse a le plus import\u00e9 d\u2019\u00e9lectrons (voir illustration) et cette tendance s\u2019est confirm\u00e9e en 2024. On se souvient par ailleurs qu\u2019\u00e0 l\u2019hiver 2022, outre le contexte g\u00e9opolitique, la mise \u00e0 l\u2019arr\u00eat pour des raisons techniques d\u2019une partie du parc nucl\u00e9aire fran\u00e7ais avait grandement contribu\u00e9 \u00e0 alimenter les incertitudes li\u00e9es \u00e0 l\u2019approvisionnement \u00e9lectrique de la Suisse.<\/p>\n<h2 class=\"text__graphic-title\">En 2023, la Suisse a import\u00e9 de l\u2019\u00e9lectricit\u00e9 principalement de France (solde importateur\/exportateur en TWh)<\/h2>\n<p><a href=\"https:\/\/dievolkswirtschaft.ch\/content\/uploads\/2025\/05\/DV_05-25_Cassaigneau_Dolivo_01_FR_Neu1-1024x853.png\"><img fetchpriority=\"high\" decoding=\"async\" class=\"alignnone size-large wp-image-209848\" src=\"https:\/\/dievolkswirtschaft.ch\/content\/uploads\/2025\/05\/DV_05-25_Cassaigneau_Dolivo_01_FR_Neu1-1024x853.png\" alt=\"\" width=\"800\" height=\"666\" srcset=\"https:\/\/dievolkswirtschaft.ch\/content\/uploads\/2025\/05\/DV_05-25_Cassaigneau_Dolivo_01_FR_Neu1-1024x853.png 1024w, https:\/\/dievolkswirtschaft.ch\/content\/uploads\/2025\/05\/DV_05-25_Cassaigneau_Dolivo_01_FR_Neu1-300x250.png 300w, https:\/\/dievolkswirtschaft.ch\/content\/uploads\/2025\/05\/DV_05-25_Cassaigneau_Dolivo_01_FR_Neu1-768x640.png 768w, https:\/\/dievolkswirtschaft.ch\/content\/uploads\/2025\/05\/DV_05-25_Cassaigneau_Dolivo_01_FR_Neu1-1536x1280.png 1536w, https:\/\/dievolkswirtschaft.ch\/content\/uploads\/2025\/05\/DV_05-25_Cassaigneau_Dolivo_01_FR_Neu1.png 1656w\" sizes=\"(max-width: 800px) 100vw, 800px\" \/><\/a><\/p>\n<div class=\"diagram-legend\">Source: Office f\u00e9d\u00e9ral de l&#8217;\u00e9nergie, Statistique suisse de l&#8217;\u00e9lectricit\u00e9 2023 \/ La Vie \u00e9conomique<\/div>\n<p>&nbsp;<\/p>\n<p>La centrale de pompage-turbinage Nant-de-Drance, en Valais, figure parmi les infrastructures transfrontali\u00e8res les plus embl\u00e9matiques. Le site, qui permet de stocker l\u2019exc\u00e8s d\u2019\u00e9lectricit\u00e9 produite lors des p\u00e9riodes creuses et de la restituer rapidement en cas de pics de demande, a une capacit\u00e9 de stockage \u00e0 peu pr\u00e8s \u00e9quivalente \u00e0 celle de <a href=\"https:\/\/www.alpiq.com\/fr\/energie\/amenagements\/energie-hydraulique\/centrale-de-pompage-turbinage-de-nant-de-drance\">400&nbsp;000 batteries de voitures \u00e9lectriques<\/a>. Gr\u00e2ce \u00e0 sa capacit\u00e9 \u00e0 \u00e9quilibrer les flux entre les r\u00e9seaux suisse et fran\u00e7ais, cette centrale joue un r\u00f4le crucial dans la stabilit\u00e9 du syst\u00e8me \u00e9lectrique des deux pays. Enfin, notons que l\u2019accord sur l\u2019\u00e9lectricit\u00e9 entre la Suisse et l\u2019Union europ\u00e9enne (UE), dont les n\u00e9gociations mat\u00e9rielles se sont conclues en d\u00e9cembre 2024, vise entre autres \u00e0 optimiser la gestion des flux d\u2019\u00e9lectricit\u00e9 transfrontaliers et \u00e0 contribuer ainsi \u00e0 la s\u00e9curit\u00e9 d\u2019approvisionnement mutuelle. Le paraphe de l\u2019accord ainsi que des \u00e9l\u00e9ments restants du paquet Suisse-UE par les n\u00e9gociateurs en chef (ainsi que, du c\u00f4t\u00e9 suisse, par les co-n\u00e9gociateurs en chef des offices concern\u00e9s) est pr\u00e9vu \u00e0 Berne en mai 2025. L&#8217;ouverture de la proc\u00e9dure de consultation par le Conseil f\u00e9d\u00e9ral devrait avoir lieu avant l\u2019\u00e9t\u00e9.<\/p>\n<h2 class=\"text__graphic-title\">Gaz: s\u00e9curit\u00e9 d\u2019approvisionnement et transit<\/h2>\n<p>La France, acteur majeur du march\u00e9 gazier europ\u00e9en, joue un r\u00f4le central dans l\u2019approvisionnement de la Suisse. Inversement, une partie de la population du Jura fran\u00e7ais d\u00e9pend directement du r\u00e9seau gazier suisse. Dans ce contexte, les deux pays ont proc\u00e9d\u00e9 en 2009 \u00e0 un \u00e9change de lettres et convenu de l\u2019acc\u00e8s des entreprises suisses aux r\u00e9serves de gaz contenues dans les stockages souterrains fran\u00e7ais. Une clause importante de l\u2019accord en question assure la solidarit\u00e9 d\u2019approvisionnement en gaz entre les deux pays en cas de p\u00e9nurie. De plus, le gazoduc<em> Transitgas<\/em> est un maillon essentiel du transit de gaz naturel en provenance de France vers l\u2019Italie et l\u2019Allemagne. Le r\u00e9seau de transport international de gaz s&#8217;\u00e9tend en Suisse sur 292\u00a0km et traverse les Alpes via 14\u00a0tunnels. Il permet de transporter plus de 25\u00a0milliards de m\u00e8tres cubes de gaz naturel, contribuant ainsi au commerce et \u00e0 la s\u00e9curit\u00e9 \u00e9nerg\u00e9tique de la r\u00e9gion. \u00c0 titre de comparaison, ce volume est sup\u00e9rieur \u00e0 celui export\u00e9 de la mer Caspienne vers l\u2019Europe.<\/p>\n<p>Dans le futur, l\u2019hydrog\u00e8ne produit \u00e0 partir des \u00e9nergies renouvelables et de l\u2019\u00e9lectricit\u00e9 nucl\u00e9aire fran\u00e7aises pourrait jouer un r\u00f4le d\u00e9cisif pour la d\u00e9carbonation du syst\u00e8me \u00e9nerg\u00e9tique. Plusieurs projets transfrontaliers, souvent port\u00e9s par des acteurs r\u00e9gionaux, des entreprises et les pouvoirs publics, sont en cours de planification. Ils impliquent un raccordement des futurs r\u00e9seaux de transport de l\u2019hydrog\u00e8ne, \u00e0 l\u2019exemple du projet Rhine Hydrogen network (RHYn) qui pr\u00e9voit des interconnexions entre la France, le land du Bade-Wurtemberg et la r\u00e9gion de B\u00e2le.<\/p>\n<h2 class=\"text__graphic-title\">Produits p\u00e9troliers: des automobilistes aux multinationales<\/h2>\n<p>La Suisse d\u00e9pend exclusivement des importations pour couvrir ses besoins en p\u00e9trole, un \u00e9l\u00e9ment cl\u00e9 de son approvisionnement \u00e9nerg\u00e9tique. Elle a import\u00e9 environ 9,5\u00a0millions de tonnes de produits p\u00e9troliers en 2023, dont 29% de p\u00e9trole brut qui provient principalement des march\u00e9s mondiaux, ces derni\u00e8res ann\u00e9es de pays comme le Nig\u00e9ria, les \u00c9tats-Unis et le Kazakhstan. Les produits finis (essence, diesel, mazout) sont majoritairement import\u00e9s des raffineries des pays voisins. Le p\u00e9trole brut et les produits p\u00e9troliers sont achemin\u00e9s principalement par ol\u00e9oduc (France) et par barge sur le Rhin. Cette d\u00e9pendance souligne l\u2019importance des relations commerciales avec les pays europ\u00e9ens pour la s\u00e9curit\u00e9 \u00e9nerg\u00e9tique de la Suisse.<\/p>\n<p>Les citoyennes et citoyens suisses et fran\u00e7ais b\u00e9n\u00e9ficient de ces infrastructures indirectement, via les entreprises de livraisons, mais sont \u00e9galement acteurs du commerce transfrontalier. Les habitants des r\u00e9gions frontali\u00e8res sont habitu\u00e9s \u00e0 traverser la fronti\u00e8re pour faire le plein de carburant quand les prix y sont plus avantageux que sur le march\u00e9 domestique. Ces comportements \u00e9conomiques individuels s\u2019orientent au gr\u00e9 des \u00e9volutions des prix du march\u00e9 et du taux de change franc suisse\/euro.<\/p>\n<p>Finalement, il faut souligner l\u2019attrait des centres n\u00e9vralgiques du n\u00e9goce international de mati\u00e8res premi\u00e8res, en particulier dans le secteur de l\u2019\u00e9nergie, comme la ville de Gen\u00e8ve. Des entreprises fran\u00e7aises de n\u00e9goce s\u2019y sont \u00e9tablies depuis des d\u00e9cennies, profitant entre autres des comp\u00e9tences sp\u00e9cifiques au tissu \u00e9conomique local et de la proximit\u00e9 ferroviaire avec Paris. Ces derni\u00e8res ann\u00e9es, le g\u00e9ant fran\u00e7ais TotalEnergies (sa filiale <em>Trading\u00a0&amp; Shipping<\/em> principalement) a par exemple renforc\u00e9 sa pr\u00e9sence \u00e0 Gen\u00e8ve.<\/p>\n<h2 class=\"text__graphic-title\">Convergences des politiques publiques<\/h2>\n<p>Les \u00e9changes d\u2019\u00e9lectricit\u00e9, de gaz et de produits p\u00e9troliers entre les deux nations illustrent une compl\u00e9mentarit\u00e9 des politiques publiques qui d\u00e9passe les simples transactions commerciales. La fr\u00e9quence des contacts politiques \u00e0 haut niveau d\u00e9montre une certaine convergence des politiques \u00e9nerg\u00e9tiques, aussi bien en termes de d\u00e9carbonation que d\u2019efficacit\u00e9 \u00e9nerg\u00e9tique. Dans le cadre du <a href=\"https:\/\/www.benelux.int\/fr\/info-citoyen\/benelux-plus\/forum-pentalateral-de-lenergie\/\">Forum pentalat\u00e9ral de l\u2019\u00e9nergie<\/a><a href=\"#footnote_1\" id=\"footnote-anchor_1\" class=\"inline-footnote__anchor\">[1]<\/a>, la Suisse a par exemple sign\u00e9 en 2023, aux c\u00f4t\u00e9s de six pays europ\u00e9ens dont la France, une <a href=\"https:\/\/www.admin.ch\/gov\/fr\/accueil\/documentation\/communiques.msg-id-99485.html\">d\u00e9claration minist\u00e9rielle<\/a> qui promeut la d\u00e9carbonation du syst\u00e8me \u00e9lectrique des pays signataires, soit le remplacement des \u00e9nergies fossiles par des \u00e9nergies renouvelables, d\u2019ici 2035.<\/p>\n<p>\u00c0 l\u2019heure o\u00f9 la transition vers des \u00e9nergies renouvelables se concr\u00e9tise au niveau local, le maillage \u00e9nerg\u00e9tique mis en place entre la Suisse et la France offre des opportunit\u00e9s pour le d\u00e9veloppement de solutions innovantes et le renforcement des infrastructures communes. Des projets transfrontaliers innovants comme <a href=\"https:\/\/www.interreg-francesuisse.eu\/les-projets-aides\/electrivert\">Electrivert<\/a>, lanc\u00e9 en septembre 2024, se concentrent sur la valorisation du biogaz en \u00e9lectricit\u00e9 verte, renfor\u00e7ant ainsi les synergies locales et contribuant \u00e0 une transition \u00e9nerg\u00e9tique durable. Gr\u00e2ce \u00e0 leurs relations \u00e9troites \u00e0 diff\u00e9rent niveaux, les deux pays pourront relever ensemble les futurs d\u00e9fis \u00e9nerg\u00e9tiques, tout en contribuant \u00e0 la construction d\u2019un r\u00e9seau \u00e9nerg\u00e9tique europ\u00e9en plus r\u00e9silient et durable.<a href=\"#_ftnref1\" name=\"_ftn1\"><\/a><\/p>\n<ol class=\"footnote\"><li id=\"footnote_1\" class=\"footnote--item\">L\u2019Allemagne, l\u2019Autriche, la Belgique, la France, le Luxembourg, les Pays-Bas et la Suisse ont particip\u00e9 au Forum pentalat\u00e9ral de l\u2019\u00e9nergie du 18\u00a0d\u00e9cembre 2023.&nbsp;<a href=\"#footnote-anchor_1\" class=\"inline-footnote__anchor hidden-print\">[<span class=\"icon-arrow-up\"><\/span>]<\/a><\/li><\/ol>","protected":false},"excerpt":{"rendered":"<p>L\u2019interd\u00e9pendance \u00e9nerg\u00e9tique entre la Suisse et la France constitue un pilier discret, mais essentiel, du paysage \u00e9nerg\u00e9tique europ\u00e9en. \u00c0 travers un r\u00e9seau dense en \u00e9lectricit\u00e9, dans une moindre mesure en gaz et en p\u00e9trole, la population des deux pays partage bien plus qu\u2019une fronti\u00e8re g\u00e9ographique. La coop\u00e9ration entre les acteurs fran\u00e7ais et suisses contribue \u00e0 [&hellip;]<\/p>","protected":false},"author":12912,"featured_media":209790,"comment_status":"open","ping_status":"open","sticky":false,"template":"","format":"standard","meta":{"_acf_changed":false,"om_disable_all_campaigns":false,"ep_exclude_from_search":false,"footnotes":""},"post__type":[81,83],"post_opinion":[],"post_serie":[],"post_content_category":[106],"post_content_subject":[134,135,161],"acf":{"seco_author":12912,"seco_co_author":[13194],"author_override":"","seco_author_post_ocupation_year":"","seco_author_post_occupation_de":"Botschafter und Leiter Internationales, Bundesamt f\u00fcr Energie (BFE), Bern","seco_author_post_occupation_fr":"Ambassadeur et responsable de la Section des affaires internationales de l\u2019Office f\u00e9d\u00e9ral de l'\u00e9nergie (Ofen), Berne","seco_co_authors_post_ocupation":[{"seco_co_author":13194,"seco_co_author_post_occupation_year":"","seco_co_author_post_occupation_de":"","seco_co_author_post_occupation_fr":"Conseiller diplomatique du directeur de l\u2019Office f\u00e9d\u00e9ral de l\u2019\u00e9nergie (Ofen), d\u00e9tach\u00e9 depuis la Division Prosp\u00e9rit\u00e9 et Durabilit\u00e9 du D\u00e9partement f\u00e9d\u00e9ral des affaires \u00e9trang\u00e8res (DFAE), Berne"}],"short_title":"","post_lead":"La Suisse et la France collaborent de longue date dans le domaine de l\u2019\u00e9nergie. Leurs \u00e9changes d\u2019\u00e9lectricit\u00e9, de gaz, de p\u00e9trole et bient\u00f4t d\u2019hydrog\u00e8ne vert contribuent \u00e0 la s\u00e9curit\u00e9 de l\u2019approvisionnement \u00e9nerg\u00e9tique de part et d\u2019autre de la fronti\u00e8re.","post_hero_image_description":"La Suisse mise sur l\u2019\u00e9nergie hydraulique, qu\u2019elle exporte en partie vers la France. La centrale hydro\u00e9lectrique de Nant-de-Drance, dans le Valais.","post_hero_image_description_copyright_de":"","post_hero_image_description_copyright_fr":"Keystone","post_references_literature":"","post_kasten":null,"post_notes_for_print":"[fnd]Le hub b\u00e2lois est un projet de construction d'un point central de distribution et de conversion d'hydrog\u00e8ne dans le nord-ouest de la Suisse.[\/fnd]","first_teaser_header_de":"","first_teaser_header_fr":"","first_teaser_text_de":"","first_teaser_text_fr":"","second_teaser_header_de":"","second_teaser_header_fr":"","second_teaser_text_de":"","second_teaser_text_fr":"","kseason_de":"","kseason_fr":"","post_in_pdf":"","main_focus":[209557,209561],"serie_email":"","frontpage_slider_bild":"","artikel_bild-slider":null,"legacy_id":"","post_abstract":"","magazine_issue":null,"seco_author_reccomended_post":"","redaktoren":"","korrektor":"","planned_publication_date":"2025-05-13 05:00:53","original_files":null,"external_release_for_author":"20250513","external_release_for_author_time":"00:05:00","link_for_external_authors":"https:\/\/dievolkswirtschaft.ch\/fr\/exedit\/67f541d9e9153"},"_links":{"self":[{"href":"https:\/\/dievolkswirtschaft.ch\/fr\/wp-json\/wp\/v2\/posts\/208931"}],"collection":[{"href":"https:\/\/dievolkswirtschaft.ch\/fr\/wp-json\/wp\/v2\/posts"}],"about":[{"href":"https:\/\/dievolkswirtschaft.ch\/fr\/wp-json\/wp\/v2\/types\/post"}],"author":[{"embeddable":true,"href":"https:\/\/dievolkswirtschaft.ch\/fr\/wp-json\/wp\/v2\/users\/12912"}],"replies":[{"embeddable":true,"href":"https:\/\/dievolkswirtschaft.ch\/fr\/wp-json\/wp\/v2\/comments?post=208931"}],"version-history":[{"count":24,"href":"https:\/\/dievolkswirtschaft.ch\/fr\/wp-json\/wp\/v2\/posts\/208931\/revisions"}],"predecessor-version":[{"id":209942,"href":"https:\/\/dievolkswirtschaft.ch\/fr\/wp-json\/wp\/v2\/posts\/208931\/revisions\/209942"}],"acf:post":[{"embeddable":true,"href":"https:\/\/dievolkswirtschaft.ch\/fr\/wp-json\/wp\/v2\/main_focus_post\/209561"},{"embeddable":true,"href":"https:\/\/dievolkswirtschaft.ch\/fr\/wp-json\/wp\/v2\/main_focus_post\/209557"}],"acf:user":[{"embeddable":true,"href":"https:\/\/dievolkswirtschaft.ch\/fr\/wp-json\/wp\/v2\/users\/13194"},{"embeddable":true,"href":"https:\/\/dievolkswirtschaft.ch\/fr\/wp-json\/wp\/v2\/users\/12912"}],"wp:featuredmedia":[{"embeddable":true,"href":"https:\/\/dievolkswirtschaft.ch\/fr\/wp-json\/wp\/v2\/media\/209790"}],"wp:attachment":[{"href":"https:\/\/dievolkswirtschaft.ch\/fr\/wp-json\/wp\/v2\/media?parent=208931"}],"wp:term":[{"taxonomy":"post__type","embeddable":true,"href":"https:\/\/dievolkswirtschaft.ch\/fr\/wp-json\/wp\/v2\/post__type?post=208931"},{"taxonomy":"post_opinion","embeddable":true,"href":"https:\/\/dievolkswirtschaft.ch\/fr\/wp-json\/wp\/v2\/post_opinion?post=208931"},{"taxonomy":"post_serie","embeddable":true,"href":"https:\/\/dievolkswirtschaft.ch\/fr\/wp-json\/wp\/v2\/post_serie?post=208931"},{"taxonomy":"post_content_category","embeddable":true,"href":"https:\/\/dievolkswirtschaft.ch\/fr\/wp-json\/wp\/v2\/post_content_category?post=208931"},{"taxonomy":"post_content_subject","embeddable":true,"href":"https:\/\/dievolkswirtschaft.ch\/fr\/wp-json\/wp\/v2\/post_content_subject?post=208931"}],"curies":[{"name":"wp","href":"https:\/\/api.w.org\/{rel}","templated":true}]}}