{"id":209513,"date":"2025-06-10T06:50:57","date_gmt":"2025-06-10T04:50:57","guid":{"rendered":"https:\/\/dievolkswirtschaft.ch\/?p=209513"},"modified":"2025-11-14T16:59:23","modified_gmt":"2025-11-14T15:59:23","slug":"a-lechelle-mondiale-les-droits-de-douane-restent-bas","status":"publish","type":"post","link":"https:\/\/dievolkswirtschaft.ch\/fr\/2025\/06\/a-lechelle-mondiale-les-droits-de-douane-restent-bas\/","title":{"rendered":"\u00c0 l\u2019\u00e9chelle mondiale, les droits de douane restent bas"},"content":{"rendered":"<p>Ce n\u2019est pas seulement depuis le second mandat du pr\u00e9sident Donald Trump que les experts observent le retour du protectionnisme partout dans le monde. Mais depuis la r\u00e9\u00e9lection de Trump, la politique commerciale des \u00c9tats-Unis est de toute \u00e9vidence dict\u00e9e par des consid\u00e9rations de s\u00e9curit\u00e9 nationale et de strat\u00e9gie industrielle.<\/p>\n<p>Pour r\u00e9duire les d\u00e9ficits commerciaux bilat\u00e9raux avec des pays partenaires, d\u00e9ficits qu&#8217;il juge probl\u00e9matiques, l\u2019actuel pr\u00e9sident am\u00e9ricain mise sur les droits de douane, notamment des droits de douane sectoriels, tels que les droits additionnels de 25% sur les importations d\u2019acier et d\u2019aluminium, ainsi que des droits de douane \u00abr\u00e9ciproques\u00bb sp\u00e9cifiques \u00e0 certains pays, comme les droits additionnels \u00e0 l\u2019encontre de la Suisse<a href=\"#footnote_1\" id=\"footnote-anchor_1\" class=\"inline-footnote__anchor\">[1]<\/a> et d\u2019autres \u00c9tats, qui ont \u00e9t\u00e9 provisoirement suspendus. Depuis le 5 avril 2025, un droit de douane additionnel de 10% frappe en outre une grande partie des autres importations de marchandises. Les marchandises chinoises ont m\u00eame \u00e9t\u00e9 temporairement tax\u00e9es d\u2019un droit de douane additionnel pouvant atteindre 145%.<\/p>\n<p>Ce ne sont pourtant pas seulement les droits de douane additionnels appliqu\u00e9s par les \u00c9tats-Unis et tr\u00e8s m\u00e9diatis\u00e9s qui ont mis sous pression l\u2019ordre commercial international fond\u00e9 sur des r\u00e8gles, provoquant des tensions dans le syst\u00e8me commercial mondial. Les politiques \u00e9conomiques \u00e9tatistes de certains pays et l\u2019octroi de subventions ont \u00e9galement g\u00e9n\u00e9r\u00e9 des distorsions de la concurrence qui contreviennent aux principes de l\u2019OMC<a href=\"#footnote_2\" id=\"footnote-anchor_2\" class=\"inline-footnote__anchor\">[2]<\/a>. Tel est le cas notamment de la Chine (restrictions \u00e0 l\u2019exportation de terres rares; subventions industrielles aux technologies \u00abvertes\u00bb comme les v\u00e9hicules \u00e9lectriques), du Br\u00e9sil (droits de propri\u00e9t\u00e9 intellectuelle suspendus) ou de l\u2019Union europ\u00e9enne (exigences en mati\u00e8re de cha\u00eenes d\u2019approvisionnement durables). Il est toutefois exag\u00e9r\u00e9 d\u2019annoncer la fin du syst\u00e8me mondial commercial mondial bas\u00e9 sur des r\u00e8gles, comme certains le font. Le principe dit de la \u00abnation la plus favoris\u00e9e\u00bb (NPF) continue de pr\u00e9valoir dans le cadre de l\u2019Accord g\u00e9n\u00e9ral sur les tarifs douaniers et le commerce (Gatt)<a href=\"#footnote_3\" id=\"footnote-anchor_3\" class=\"inline-footnote__anchor\">[3]<\/a>.Ce principe exige des membres de l\u2019OMC qu\u2019ils \u00e9tendent les avantages commerciaux accord\u00e9s \u00e0 un partenaire \u00e0 tous leurs autres partenaires.<\/p>\n<h2 class=\"text__graphic-title\">Une grande partie du commerce est encore bas\u00e9 sur des r\u00e8gles<\/h2>\n<p>Malgr\u00e9 l\u2019avanc\u00e9e du protectionnisme et la multiplication des accords de libre-\u00e9change bilat\u00e9raux ou r\u00e9gionaux, plus de 80% du commerce mondial de marchandises s\u2019effectue selon le principe de la nation la plus favoris\u00e9e (voir <em>illustration\u00a01<\/em>)<a href=\"#footnote_4\" id=\"footnote-anchor_4\" class=\"inline-footnote__anchor\">[4]<\/a>. Le commerce bas\u00e9 sur des r\u00e8gles conserve donc toute son importance et ses avantages.<\/p>\n<p>&nbsp;<\/p>\n<h2 class=\"text__graphic-title\">Ill.\u00a01: La majeure partie des importations mondiales est r\u00e9gie par le principe de la nation la plus favoris\u00e9e de l\u2019OMC (2022)<\/h2>\n<p><a href=\"https:\/\/dievolkswirtschaft.ch\/content\/uploads\/2025\/06\/Screenshot-2025-11-14-165838.png\"><img fetchpriority=\"high\" decoding=\"async\" class=\"alignnone size-full wp-image-215432\" src=\"https:\/\/dievolkswirtschaft.ch\/content\/uploads\/2025\/06\/Screenshot-2025-11-14-165838.png\" alt=\"\" width=\"851\" height=\"527\" srcset=\"https:\/\/dievolkswirtschaft.ch\/content\/uploads\/2025\/06\/Screenshot-2025-11-14-165838.png 851w, https:\/\/dievolkswirtschaft.ch\/content\/uploads\/2025\/06\/Screenshot-2025-11-14-165838-300x186.png 300w, https:\/\/dievolkswirtschaft.ch\/content\/uploads\/2025\/06\/Screenshot-2025-11-14-165838-768x476.png 768w\" sizes=\"(max-width: 851px) 100vw, 851px\" \/><\/a><\/p>\n<div class=\"diagram-legend\">Source: Gonciarz et Verbeet (2025), pr\u00e9sentation des auteurs \/ La Vie \u00e9conomique<\/div>\n<p>Il faut souligner que 5% du commerce NPF soumis \u00e0 des droits de douane auraient pu b\u00e9n\u00e9ficier de droits pr\u00e9f\u00e9rentiels, dans le cadre d\u2019accords de libre-\u00e9change par exemple, mais que les entreprises n\u2019y ont pas eu recours en raison de r\u00e8gles d\u2019origine complexes ou de co\u00fbts administratifs \u00e9lev\u00e9s<a href=\"#footnote_5\" id=\"footnote-anchor_5\" class=\"inline-footnote__anchor\">[5]<\/a>.<\/p>\n<p>Les mesures commerciales, telles que les droits <em>anti-dumping<\/em>, les droits compensateurs ou les droits de douane suppl\u00e9mentaires unilat\u00e9raux, ont concern\u00e9 moins de 3% du commerce en 2022<a href=\"#footnote_6\" id=\"footnote-anchor_6\" class=\"inline-footnote__anchor\">[6]<\/a>. Autrement dit, selon l\u2019OMC, m\u00eame si les \u00c9tats-Unis maintenaient durablement leur politique d\u2019importation contraire aux r\u00e8gles de l\u2019OMC (et en supposant que toutes choses restent \u00e9gales par ailleurs), 70% des importations mondiales continueraient d\u2019\u00eatre n\u00e9goci\u00e9es conform\u00e9ment au principe de la \u00abnation la plus favoris\u00e9e\u00bb.<\/p>\n<h2 class=\"text__graphic-title\">Poursuite de la lib\u00e9ralisation des \u00e9changes<\/h2>\n<p>Malgr\u00e9 la tendance au protectionnisme, il est encourageant de constater que des mesures de lib\u00e9ralisation du commerce ont \u00e9t\u00e9 prises. En 2025, le Vietnam a ainsi abaiss\u00e9 ses droits \u00e0 l\u2019importation sur les composants \u00e9lectroniques et les machines afin d\u2019encourager la production et l\u2019exportation de produits de haute technologie. La m\u00eame ann\u00e9e, le Br\u00e9sil a r\u00e9duit ses tarifs douaniers sur certains produits agricoles et mati\u00e8res premi\u00e8res afin d\u2019accro\u00eetre la comp\u00e9titivit\u00e9 de son industrie et de lutter contre l\u2019inflation. La Chine a elle aussi pris la d\u00e9cision de r\u00e9duire ses droits de douane dans divers secteurs au cours des derni\u00e8res ann\u00e9es. Quant \u00e0 la Suisse, elle a supprim\u00e9 en 2024 tous ses droits de douane sur les importations de biens industriels, all\u00e9geant la charge qui pesait sur l\u2019\u00e9conomie et les consommatrices et consommateurs<a href=\"#footnote_7\" id=\"footnote-anchor_7\" class=\"inline-footnote__anchor\">[7]<\/a>. Selon le <a href=\"https:\/\/www.seco.admin.ch\/seco\/fr\/home\/Aussenwirtschaftspolitik_Wirtschaftliche_Zusammenarbeit\/Wirtschaftsbeziehungen\/Freihandelsabkommen\/nutzung_freihandelsabkommen\/fha-monitor.html\">Moniteur des ALE<\/a><a href=\"#footnote_8\" id=\"footnote-anchor_8\" class=\"inline-footnote__anchor\">[8]<\/a> publi\u00e9 par le Secr\u00e9tariat d\u2019\u00c9tat \u00e0 l\u2019\u00e9conomie (Seco), les entreprises suisses qui ont b\u00e9n\u00e9fici\u00e9 d\u2019accords de libre-\u00e9change (ALE) en 2023 ont \u00e9conomis\u00e9 2,2\u00a0milliards de francs en droits de douane. Le taux d\u2019utilisation des pr\u00e9f\u00e9rences tarifaires a atteint 62% pour les importations.<\/p>\n<h2 class=\"text__graphic-title\">Des droits de douane faibles<\/h2>\n<p>Depuis la cr\u00e9ation du Gatt en 1947 et celle de l\u2019OMC qui lui a succ\u00e9d\u00e9 en 1995, on observe une nette tendance \u00e0 une baisse des droits de douane (voir\u00a0<em>illustration\u00a02<\/em>). Au cours des sept cycles de n\u00e9gociations tarifaires du Gatt, les pays industriels ont abaiss\u00e9 leurs droits de douane sur les produits industriels, qui sont pass\u00e9s d\u2019une moyenne de 40% en 1947 \u00e0 6,4% en 1986. Pendant le cycle d\u2019Uruguay (1986-1993), les tarifs douaniers ont \u00e9t\u00e9 ramen\u00e9s \u00e0 3,9% en moyenne<a href=\"#footnote_9\" id=\"footnote-anchor_9\" class=\"inline-footnote__anchor\">[9]<\/a>, les r\u00e9ductions tarifaires \u00e9tant plus fortes sur les produits agricoles que sur les biens industriels. Une \u00e9tude de l\u2019OMC<a href=\"#footnote_10\" id=\"footnote-anchor_10\" class=\"inline-footnote__anchor\">[10]<\/a> montre que les droits de douane effectivement appliqu\u00e9s (y compris les droits pr\u00e9f\u00e9rentiels) ont diminu\u00e9 de plus de la moiti\u00e9 entre 1997 (6,2%) et 2021 (2,5%), ce qui s\u2019explique par les baisses tarifaires et des changements dans les flux commerciaux.<\/p>\n<p>Parall\u00e8lement, le commerce mondial de marchandises a plus que quadrupl\u00e9 depuis 1996, atteignant une valeur de 20\u00a0100\u00a0milliards de dollars en 2022. M\u00eame la part des exportations et des importations mondiales dans le PIB mondial a presque tripl\u00e9 depuis 1960. Si l\u2019on ajoute les services, leur part totale dans le PIB mondial a plus que doubl\u00e9 depuis les ann\u00e9es 1970 (voir <em>illustration\u00a02<\/em>). Une partie du commerce des services est \u00e9troitement li\u00e9e au commerce des marchandises, notamment le financement des \u00e9changes, le montage, le transport ou les assurances.<\/p>\n<h2 class=\"text__graphic-title\">L\u2019acc\u00e8s aux march\u00e9s, un avantage pour les PME et l\u2019industrie manufacturi\u00e8re<\/h2>\n<p>Selon le Moniteur des ALE, les PME b\u00e9n\u00e9ficient particuli\u00e8rement de l\u2019acc\u00e8s aux march\u00e9s mondiaux: elles enregistrent 61% des \u00e9conomies r\u00e9alis\u00e9es sur les droits de douane. Leur int\u00e9gration dans les cha\u00eenes de cr\u00e9ation de valeur mondiales stimule la croissance, la productivit\u00e9, l\u2019innovation et le transfert des connaissances, \u00e0 condition toutefois, selon l\u2019OCDE, que les march\u00e9s fonctionnent et que les conditions de concurrence soient \u00e9quitables<a href=\"#footnote_11\" id=\"footnote-anchor_11\" class=\"inline-footnote__anchor\">[11]<\/a>. Selon les chiffres de 2018, le commerce ext\u00e9rieur g\u00e9n\u00e8re plus du tiers de l\u2019ensemble des emplois en Suisse, principalement dans le secteur manufacturier. Environ la moiti\u00e9 de ces emplois sont occup\u00e9s par de la main-d\u2019\u0153uvre moyennement et hautement qualifi\u00e9e<a href=\"#footnote_12\" id=\"footnote-anchor_12\" class=\"inline-footnote__anchor\">[12]<\/a>.<\/p>\n<p>Avant 1960, les pays du Nord exportaient principalement des produits industriels et importaient des mati\u00e8res premi\u00e8res en provenance du Sud (commerce dit \u00ab\u00a0unidirectionnel\u00a0\u00bb). Apr\u00e8s 1960, les importations et les exportations pouvaient concerner le m\u00eame secteur d\u2019activit\u00e9 (commerce dit \u00abintra-sectoriel\u00bb ou \u00abbidirectionnel\u00bb). Le commerce de produits semi-finis s\u2019est d\u00e9velopp\u00e9 de mani\u00e8re plus dynamique que celui des produits finis (voir <em>illustration\u00a02<\/em>). D\u00e9sormais, les produits semi-finis repr\u00e9sentent pr\u00e8s de la moiti\u00e9 des importations suisses de produits<a href=\"#footnote_13\" id=\"footnote-anchor_13\" class=\"inline-footnote__anchor\">[13]<\/a>.<\/p>\n<p>Si la sp\u00e9cialisation permet de r\u00e9duire les co\u00fbts, d\u2019am\u00e9liorer l\u2019allocation des ressources et de stimuler le d\u00e9veloppement \u00e9conomique, elle rend aussi l\u2019industrie d\u2019exportation suisse plus vuln\u00e9rable, car les \u00e9changes de produits interm\u00e9diaires sont plus sensibles aux co\u00fbts de transport ou aux droits de douane, les marchandises franchissant souvent les fronti\u00e8res \u00e0 plusieurs reprises<a href=\"#footnote_14\" id=\"footnote-anchor_14\" class=\"inline-footnote__anchor\">[14]<\/a>. Dans des r\u00e9gions comme l\u2019Am\u00e9rique du Nord ou l\u2019Europe, o\u00f9 les cha\u00eenes d\u2019approvisionnement sont fragment\u00e9es, la r\u00e9duction des co\u00fbts est essentielle \u00e0 la croissance du commerce. En tant qu\u2019\u00e9conomie orient\u00e9e vers l\u2019exportation, la Suisse a donc tout int\u00e9r\u00eat \u00e0 ce que les r\u00e8gles de l\u2019OMC soient respect\u00e9es et d\u00e9velopp\u00e9es.<\/p>\n<h2 class=\"text__graphic-title\">Ill. 2: Les droits de douane baissent, le commerce augmente (1947-2023)<\/h2>\n<h6 class=\"copy-small-bold\">GRAPHIQUE INTERACTIF<\/h6>\n<div class='chart chart--normal' id='SCHLUEP-SPAETI_6-2025_ABB2_fr'>\n\n<\/div>\n\n<script>\n$(function () {\n    $('#SCHLUEP-SPAETI_6-2025_ABB2_fr').highcharts({\n      chart: {\n    type: \"line\",\n  },\n  title: {\n    text: \"\",\n  },\n\n  xAxis: {\n    type: \"\",\n    title: {\n      text: \"\",\n    },\n    categories: [\n      1947, 1948, 1949, 1950, 1951, 1952, 1953, 1954, 1955, 1956, 1957, 1958,\n      1959, 1960, 1961, 1962, 1963, 1964, 1965, 1966, 1967, 1968, 1969, 1970,\n      1971, 1972, 1973, 1974, 1975, 1976, 1977, 1978, 1979, 1980, 1981, 1982,\n      1983, 1984, 1985, 1986, 1987, 1988, 1989, 1990, 1991, 1992, 1993, 1994,\n      1995, 1996, 1997, 1998, 1999, 2000, 2001, 2002, 2003, 2004, 2005, 2006,\n      2007, 2008, 2009, 2010, 2011, 2012, 2013, 2014, 2015, 2016, 2017, 2018,\n      2019, 2020, 2021, 2022, 2023,\n    ],\n  },\n  yAxis: [\n    {\nmin: 0,\n    max: 80,\n    tickPositions: [0, 20, 40, 60, 80],\n      \/\/ Primary yAxis\n      labels: {\n        format: \"{value}%\",\n      },\n      title: {\n        text: \"\",\n      },\n    },\n    {\n      \/\/ Secondary yAxis\nmin: 0.1,\n    max: 0.5,\n    tickPositions: [0.1, 0.2, 0.3, 0.4, 0.5],\n      title: {\n        text: \"Indice Grubel-Lloyd\",\n      },\n      reversed: false,\n      labels: {\n        format: \"{value}\",\n      },\n      opposite: true,\n    },\n  ],\ntooltip: {\n  shared: false,\n  headerFormat: \"<b>{series.name}<\/b><br>\",\n pointFormatter: function () {\n  if (\n    this.series.name === \"Droits de douane moyens en %\" ||\n    this.series.name === \"Commerce mondial des marchandises, part du PIB en %\" ||\n    this.series.name === \"Commerce mondial des biens et services, part du PIB en %\"\n  ) {\n    return this.key + \": \" + Highcharts.numberFormat(this.y, 2) + \"%\";\n  } else {\n    return this.key + \": \" + Highcharts.numberFormat(this.y, 2);\n  }\n}\n\n},\n\n  plotOptions: {\n    line: {\n      marker: {\n        enabled: false,\n      },\n    },\n  },\n\n  series: [\n    {\n      name: \"Droits de douane moyens en %\",\n      data: [\n        40,\n        null,\n        30,\n        null,\n        25,\n        null,\n        null,\n        null,\n        null,\n        23,\n        null,\n        null,\n        null,\n        null,\n        null,\n        15,\n        null,\n        null,\n        null,\n        null,\n        10,\n        null,\n        null,\n        null,\n        null,\n        null,\n        null,\n        null,\n        null,\n        null,\n        null,\n        null,\n        null,\n        6.4,\n        null,\n        null,\n        null,\n        null,\n        null,\n        null,\n        null,\n        null,\n        null,\n        null,\n        null,\n        null,\n        null,\n        null,\n        null,\n        null,\n        6.2,\n        5.8,\n        5.5,\n        4.8,\n        4.7,\n        4.7,\n        4.6,\n        4.3,\n        4,\n        3.7,\n        3.5,\n        3.6,\n        3.2,\n        2.9,\n        2.8,\n        3,\n        3,\n        2.7,\n        2.6,\n        2.6,\n        2.7,\n        2.4,\n        2.3,\n        2.2,\n        2.5,\n        2.5,\n        null,\n      ],\n      color: \"#333333\",\n    },\n    {\n      name: \"Droits de douane moyens en %\",\n      data: [\n        40,null,30,null,25,null,null,null,null,23,null,null,null,null,null,15,null,null,null,null,10,null,null,null,null,null,null,null,null,null,null,null,null,6.4,null,\nnull,null,null,null,null,null,null,null,null,null,null,null,null,null,null,6.2,null,null,null,null,null,null,null,null,null,null,null,null,null,null,null,null,null,null,null,null,null,null,null,null,null,null\n      ],\n      connectNulls: true,\n     dashStyle: 'shortDot',\n    color: '#333333',\n    lineWidth: 1,\n    enableMouseTracking: false,\n    marker: { enabled: true },\n   \n  showInLegend: false\n\n    },\n\n    {\n      name: \"Commerce mondial des marchandises, part du PIB\",\n      data: [\n        null,\n        null,\n        null,\n        null,\n        null,\n        null,\n        null,\n        null,\n        null,\n        null,\n        null,\n        null,\n        null,\n        17.58618667,\n        17.34216051,\n        16.93405016,\n        17.19143639,\n        17.58070843,\n        17.57692983,\n        17.83099808,\n        17.64996128,\n        18.27175579,\n        18.86318166,\n        19.87091619,\n        20.08434935,\n        20.48223977,\n        23.17731878,\n        29.46496581,\n        27.48156404,\n        28.66431662,\n        28.92263281,\n        28.34382891,\n        31.04541118,\n        34.03187238,\n        32.70292195,\n        30.77333484,\n        29.25035358,\n        30.11946369,\n        29.02465455,\n        26.93840135,\n        27.94812531,\n        28.7465529,\n        29.75257125,\n        29.95194997,\n        29.5450789,\n        29.35432835,\n        28.81279836,\n        30.49993768,\n        32.61961479,\n        33.48355364,\n        34.78855975,\n        34.36220749,\n        35.43078065,\n        38.77310392,\n        37.5389627,\n        37.74795587,\n        39.30378398,\n        42.44504307,\n        44.72107494,\n        47.47656479,\n        48.65673133,\n        51.15850531,\n        41.80131376,\n        46.2754889,\n        49.75248443,\n        49.21075549,\n        48.82282665,\n        47.68021356,\n        44.25423628,\n        42.2172945,\n        43.8728295,\n        45.47943122,\n        43.68326496,\n        41.62328589,\n        46.14193455,\n        49.96363133,\n        45.53402891,\n      ],\n      color: \"#7ea8a7\",\n    },\n    {\n      name: \"Commerce mondial des biens et services, part du PIB\",\n      data: [\n        null,\n        null,\n        null,\n        null,\n        null,\n        null,\n        null,\n        null,\n        null,\n        null,\n        null,\n        null,\n        null,\n        null,\n        null,\n        null,\n        null,\n        null,\n        null,\n        null,\n        null,\n        null,\n        null,\n        25.77427081,\n        25.81428646,\n        26.00405715,\n        29.03294136,\n        33.79173095,\n        31.99112178,\n        32.77250168,\n        33.13607191,\n        33.55643567,\n        35.73811833,\n        38.56837036,\n        39.01677462,\n        36.99812636,\n        36.16810812,\n        37.49048942,\n        37.0417568,\n        34.5780303,\n        35.84927484,\n        37.67867171,\n        38.05521927,\n        38.06490486,\n        37.93992028,\n        40.81961328,\n        40.34674744,\n        41.28496838,\n        43.10133012,\n        43.23598508,\n        45.07551148,\n        45.55809846,\n        46.02075617,\n        50.42480447,\n        49.29696906,\n        49.34772781,\n        51.02524071,\n        54.6041811,\n        56.64536814,\n        58.80551528,\n        59.19162127,\n        60.81636292,\n        52.30667986,\n        56.6635175,\n        59.78374908,\n        59.59930106,\n        58.89069232,\n        58.28267303,\n        55.91200582,\n        54.11407757,\n        55.83483821,\n        57.35242779,\n        56.11888744,\n        52.22613823,\n        57.0687709,\n        62.84364213,\n        58.51161962,\n      ],\n      color: \"#327775\",\n    },\n    {\n      name: \"Commerce intra-sectoriel de produits interm\u00e9diaires, indice (\u00e9chelle de droite)\",\n      yAxis: 1,\n\n      data: [\n        null,\n        null,\n        null,\n        null,\n        null,\n        null,\n        null,\n        null,\n        null,\n        null,\n        null,\n        null,\n        null,\n        null,\n        null,\n        0.14,\n        0.16,\n        0.18,\n        0.2,\n        0.205,\n        0.21,\n        0.22,\n        0.23,\n        0.25,\n        0.26,\n        0.28,\n        0.3,\n        0.27,\n        0.25,\n        0.28,\n        0.29,\n        0.31,\n        0.315,\n        0.315,\n        0.305,\n        0.31,\n        0.32,\n        0.33,\n        0.35,\n        0.365,\n        0.365,\n        0.37,\n        0.37,\n        0.395,\n        0.4,\n        0.405,\n        0.38,\n        0.395,\n        0.4,\n        0.405,\n        0.41,\n        0.415,\n        0.42,\n        0.41,\n        0.425,\n        0.43,\n        0.42,\n        0.41,\n        0.41,\n        0.41,\n        null,\n        null,\n        null,\n        null,\n        null,\n        null,\n        null,\n        null,\n        null,\n        null,\n        null,\n        null,\n        null,\n        null,\n        null,\n        null,\n        null,\n      ],\n      color: \"#655c99\",\n    },\n    {\n      name: \"Commerce intra-sectoriel de produits finis, indice (\u00e9chelle de droite)\",\n      yAxis: 1,\n\n      data: [\n        null,\n        null,\n        null,\n        null,\n        null,\n        null,\n        null,\n        null,\n        null,\n        null,\n        null,\n        null,\n        null,\n        null,\n        null,\n        0.135,\n        0.15,\n        0.17,\n        0.19,\n        0.21,\n        0.21,\n        0.215,\n        0.225,\n        0.215,\n        0.225,\n        0.23,\n        0.24,\n        0.245,\n        0.25,\n        0.26,\n        0.255,\n        0.25,\n        0.26,\n        0.255,\n        0.24,\n        0.23,\n        0.24,\n        0.23,\n        0.24,\n        0.25,\n        0.27,\n        0.275,\n        0.29,\n        0.31,\n        0.32,\n        0.33,\n        0.31,\n        0.325,\n        0.345,\n        0.34,\n        0.34,\n        0.34,\n        0.33,\n        0.34,\n        0.34,\n        0.34,\n        0.345,\n        0.345,\n        0.35,\n        0.355,\n        null,\n        null,\n        null,\n        null,\n        null,\n        null,\n        null,\n        null,\n        null,\n        null,\n        null,\n        null,\n        null,\n        null,\n        null,\n        null,\n        null,\n      ],\n      color: \"#9c92bf\",\n    },\n  ],\n})\n\n\n});\n\n\n\n<\/script>\n<div class=\"diagram-legend\">Remarque: pour la p\u00e9riode 1947-1997, les droits de douane moyens ne sont disponibles que pour certaines ann\u00e9es. le commerce intra-sectoriel est mesur\u00e9 au moyen de l\u2019indice Grubel-Lloyd, compris entre 0 et\u00a01. Les valeurs sont d\u2019autant plus \u00e9lev\u00e9es que la part du commerce intra-sectoriel est importante, ce qui correspond \u00e0 une structure commerciale plus diff\u00e9renci\u00e9e et complexe telle qu\u2019on la rencontre souvent dans les \u00e9conomies avanc\u00e9es dont la base industrielle est hautement d\u00e9velopp\u00e9e.<\/div>\n<div class=\"diagram-legend\">Sources: droits de douane moyens en pourcentage: (1947 &#8211; 1980) r\u00e9duction des droits de douane sur les produits industriels, moyennes pond\u00e9r\u00e9es des droits de douane des pays industrialis\u00e9s, Feuille f\u00e9d\u00e9rale 1994, tome IV, page 134 (message 1 du Gatt); droits de douane entre 1996 et 2021, voir: WTO analytical database dans: Snoussi-Mimouni et Drevinskas (2023); commerce mondial des biens et des services en pourcentage du PIB, voir les indicateurs de l\u2019OMC et de la Banque mondiale; commerce intra-sectoriel de produits interm\u00e9diaires et de produits finis, indice de Grubel-Lloyd (\u00e0 5 chiffres): voir Br\u00fclhart (2009) \/ La Vie \u00e9conomique.<\/div>\n<p>Comme le montre l\u2019\u00e9volution r\u00e9cente, les baisses de droits de douane instaur\u00e9es dans le cadre de l\u2019OMC et des accords de libre-\u00e9change n\u2019ont pas seulement favoris\u00e9 une \u00e9conomie mondiale bas\u00e9e sur la division du travail, stimul\u00e9 le commerce (notamment celui des produits interm\u00e9diaires), \u00e9tabli des cha\u00eenes d\u2019approvisionnement mondiales et ouvert de nouveaux march\u00e9s aux entreprises. Les consommatrices et consommateurs en ont \u00e9galement b\u00e9n\u00e9fici\u00e9 gr\u00e2ce \u00e0 un choix plus large de produits et \u00e0 des prix abordables. Le syst\u00e8me commercial multilat\u00e9ral fond\u00e9 sur les r\u00e8gles de l\u2019OMC contribue de mani\u00e8re d\u00e9terminante \u00e0 la prosp\u00e9rit\u00e9 mondiale et demeure donc essentiel au bon fonctionnement du commerce mondial<a href=\"#footnote_15\" id=\"footnote-anchor_15\" class=\"inline-footnote__anchor\">[15]<\/a>.<\/p>\n<ol class=\"footnote\"><li id=\"footnote_1\" class=\"footnote--item\">Le droit de douane additionnel annonc\u00e9 en avril est de 31% sur les importations de marchandises provenant de Suisse.&nbsp;<a href=\"#footnote-anchor_1\" class=\"inline-footnote__anchor hidden-print\">[<span class=\"icon-arrow-up\"><\/span>]<\/a><\/li><li id=\"footnote_2\" class=\"footnote--item\">Selon l\u2019\u00e9valuation des donn\u00e9es de Global Trade Alert de Statista, les \u00c9tats-Unis ont \u00e9t\u00e9 \u00e0 l\u2019\u00e9chelle mondiale le pays qui a mis en \u0153uvre le plus de mesures protectionnistes entre 2009 et 2025, devant la Chine et le Br\u00e9sil.&nbsp;<a href=\"#footnote-anchor_2\" class=\"inline-footnote__anchor hidden-print\">[<span class=\"icon-arrow-up\"><\/span>]<\/a><\/li><li id=\"footnote_3\" class=\"footnote--item\">Voir \u00e9galement l\u2019<a href=\"https:\/\/dievolkswirtschaft.ch\/fr\/?p=209445&v\">article<\/a> de Charlotte Sieber-Gasser dans ce dossier.&nbsp;<a href=\"#footnote-anchor_3\" class=\"inline-footnote__anchor hidden-print\">[<span class=\"icon-arrow-up\"><\/span>]<\/a><\/li><li id=\"footnote_4\" class=\"footnote--item\">Voir Gonciarz et Verbeet (2025).&nbsp;<a href=\"#footnote-anchor_4\" class=\"inline-footnote__anchor hidden-print\">[<span class=\"icon-arrow-up\"><\/span>]<\/a><\/li><li id=\"footnote_5\" class=\"footnote--item\">Voir Gonciarz et Verbeet (2025).&nbsp;<a href=\"#footnote-anchor_5\" class=\"inline-footnote__anchor hidden-print\">[<span class=\"icon-arrow-up\"><\/span>]<\/a><\/li><li id=\"footnote_6\" class=\"footnote--item\">N\u2019appara\u00eet pas dans l\u2019illustration 1.&nbsp;<a href=\"#footnote-anchor_6\" class=\"inline-footnote__anchor hidden-print\">[<span class=\"icon-arrow-up\"><\/span>]<\/a><\/li><li id=\"footnote_7\" class=\"footnote--item\">Voir Zimmermann (2023).&nbsp;<a href=\"#footnote-anchor_7\" class=\"inline-footnote__anchor hidden-print\">[<span class=\"icon-arrow-up\"><\/span>]<\/a><\/li><li id=\"footnote_8\" class=\"footnote--item\">Voir Moniteur des ALE sur le site Internet Seco.admin.ch.&nbsp;<a href=\"#footnote-anchor_8\" class=\"inline-footnote__anchor hidden-print\">[<span class=\"icon-arrow-up\"><\/span>]<\/a><\/li><li id=\"footnote_9\" class=\"footnote--item\">Total des droits de douane li\u00e9s divis\u00e9 par le nombre de lignes tarifaires.&nbsp;<a href=\"#footnote-anchor_9\" class=\"inline-footnote__anchor hidden-print\">[<span class=\"icon-arrow-up\"><\/span>]<\/a><\/li><li id=\"footnote_10\" class=\"footnote--item\">Voir Snoussi-Mimouni et Drevinskas (2023).&nbsp;<a href=\"#footnote-anchor_10\" class=\"inline-footnote__anchor hidden-print\">[<span class=\"icon-arrow-up\"><\/span>]<\/a><\/li><li id=\"footnote_11\" class=\"footnote--item\">Voir OCDE (2023).&nbsp;<a href=\"#footnote-anchor_11\" class=\"inline-footnote__anchor hidden-print\">[<span class=\"icon-arrow-up\"><\/span>]<\/a><\/li><li id=\"footnote_12\" class=\"footnote--item\">Voir Chiapin Pechansky et Lioussis (2024).&nbsp;<a href=\"#footnote-anchor_12\" class=\"inline-footnote__anchor hidden-print\">[<span class=\"icon-arrow-up\"><\/span>]<\/a><\/li><li id=\"footnote_13\" class=\"footnote--item\">Selon la <a href=\"https:\/\/wits.worldbank.org\/CountryProfile\/en\/Compare\/country\/CHE\/indicator\/MPRT-PRDCT-SHR\/partner\/WLD\/product\/UNCTAD-SoP2\/region\/WLD\/show\/data\">World Integrated Trade Solution Database<\/a> de la Banque mondiale.&nbsp;<a href=\"#footnote-anchor_13\" class=\"inline-footnote__anchor hidden-print\">[<span class=\"icon-arrow-up\"><\/span>]<\/a><\/li><li id=\"footnote_14\" class=\"footnote--item\">Voir World Development Report (2009).&nbsp;<a href=\"#footnote-anchor_14\" class=\"inline-footnote__anchor hidden-print\">[<span class=\"icon-arrow-up\"><\/span>]<\/a><\/li><li id=\"footnote_15\" class=\"footnote--item\">Voir Anderson (2016).&nbsp;<a href=\"#footnote-anchor_15\" class=\"inline-footnote__anchor hidden-print\">[<span class=\"icon-arrow-up\"><\/span>]<\/a><\/li><\/ol>","protected":false},"excerpt":{"rendered":"<p>Ce n\u2019est pas seulement depuis le second mandat du pr\u00e9sident Donald Trump que les experts observent le retour du protectionnisme partout dans le monde. Mais depuis la r\u00e9\u00e9lection de Trump, la politique commerciale des \u00c9tats-Unis est de toute \u00e9vidence dict\u00e9e par des consid\u00e9rations de s\u00e9curit\u00e9 nationale et de strat\u00e9gie industrielle. Pour r\u00e9duire les d\u00e9ficits commerciaux [&hellip;]<\/p>","protected":false},"author":3350,"featured_media":210865,"comment_status":"open","ping_status":"open","sticky":false,"template":"","format":"standard","meta":{"_acf_changed":false,"om_disable_all_campaigns":false,"ep_exclude_from_search":false,"footnotes":""},"post__type":[81,83],"post_opinion":[],"post_serie":[],"post_content_category":[105],"post_content_subject":[134],"acf":{"seco_author":3350,"seco_co_author":[13271],"author_override":"","seco_author_post_ocupation_year":"","seco_author_post_occupation_de":"Dr. sc. techn., Wissenschaftliche Mitarbeiterin, Ressort Internationaler Warenverkehr, Staatssekretariat f\u00fcr Wirtschaft (Seco), Bern ","seco_author_post_occupation_fr":"Collaboratrice scientifique, Circulation internationale des marchandises, Secr\u00e9tariat d\u2019\u00c9tat \u00e0 l\u2019\u00e9conomie (Seco), Berne","seco_co_authors_post_ocupation":[{"seco_co_author":13271,"seco_co_author_post_occupation_year":"","seco_co_author_post_occupation_de":"","seco_co_author_post_occupation_fr":"Chef du secteur Circulation internationale des marchandises, Secr\u00e9tariat d\u2019\u00c9tat \u00e0 l\u2019\u00e9conomie (Seco), Berne"}],"short_title":"","post_lead":"En d\u00e9pit des droits de douane additionnels instaur\u00e9s par les \u00c9tats-Unis, la majeure partie du commerce mondial repose toujours sur les r\u00e8gles de l\u2019OMC et des tarifs douaniers assez bas. \u00c9conomie de taille moyenne tourn\u00e9e vers l\u2019exportation, la Suisse a tout int\u00e9r\u00eat \u00e0 ce que rien ne change en la mati\u00e8re.","post_hero_image_description":"La majeure partie du commerce international de marchandises se d\u00e9roule sans encombre. Plus de 80% du commerce mondial s\u2019effectue selon le principe de la nation la plus favoris\u00e9e pr\u00e9vu par l\u2019OMC.","post_hero_image_description_copyright_de":"","post_hero_image_description_copyright_fr":"Keystone","post_references_literature":"<ul>\r\n \t<li class=\"content-copy\">Anderson K. (2016). Contributions of the GATT\/WTO to global economic welfare: empirical evidence. Journal of Economic Surveys, vol. 30, n<sup>o<\/sup>\u00a01, p. 56 \u00e0 92.<\/li>\r\n \t<li class=\"content-copy\">Banque internationale pour la reconstruction et le d\u00e9veloppement\u00a0\/ Banque mondiale (2009). <a href=\"https:\/\/documents1.worldbank.org\/curated\/en\/730971468139804495\/pdf\/437380REVISED01BLIC1097808213760720.pdf\">World Development Report 2009, Reshaping Economic Geography<\/a>.<\/li>\r\n \t<li class=\"content-copy\">Br\u00fclhart M. (2009). <a href=\"https:\/\/onlinelibrary.wiley.com\/doi\/10.1111\/j.1467-9701.2009.01164.x\">An account of global intra-industry trade, 1962\u20132006<\/a>. World Economy, 32: 401-459.<\/li>\r\n \t<li class=\"content-copy\">Chiapin Pechansky R. et Lioussis M. (2024). <a href=\"https:\/\/doi.org\/10.1787\/1072ccb6-en\">Measuring employment in global value chains by workforce characteristics<\/a>, OECD Science, Technology and Industry Working Papers, n<sup>o<\/sup>\u00a02024\/08, \u00c9ditions OCDE, Paris.<\/li>\r\n \t<li class=\"content-copy\">Gonciarz T. et Verbeet T. (2025). <a href=\"https:\/\/www.wto.org\/english\/res_e\/reser_e\/ersd202502_e.pdf\">Significance of most-favoured-nation terms in global trade: A comprehensive analysis<\/a>, n<sup>o<\/sup>\u00a0ERSD-2025-02. Document de travail de l\u2019OMC.<\/li>\r\n \t<li class=\"content-copy\">OCDE (2023). Perspectives de l\u2019OCDE sur les PME et l\u2019entrepreneuriat 2023, \u00c9ditions OCDE, Paris.<\/li>\r\n \t<li class=\"content-copy\">Snoussi-Mimouni M. et Drevinskas E. (2023). <a href=\"https:\/\/www.wto.org\/french\/blogs_f\/data_blog_f\/blog_dta_13apr23_f.htm\">Les droits de douane appliqu\u00e9s par les Membres de l'OMC ont presque diminu\u00e9 de moiti\u00e9 depuis 1996<\/a>, Blog de donn\u00e9es de l\u2019OMC, 13 avril.<\/li>\r\n \t<li class=\"content-copy\">Zimmermann T. A. (2023). <a href=\"https:\/\/dievolkswirtschaft.ch\/fr\/2023\/12\/comment-la-suisse-tire-profit-de-la-fin-des-droits-de-douane-industriels\/\">Comment la Suisse tire profit de la fin des droits de douane industriels<\/a>. <em>La Vie \u00e9conomique<\/em>, 4\u00a0d\u00e9cembre.<\/li>\r\n<\/ul>","post_kasten":null,"post_notes_for_print":"","first_teaser_header_de":"","first_teaser_header_fr":"","first_teaser_text_de":"","first_teaser_text_fr":"","second_teaser_header_de":"","second_teaser_header_fr":"","second_teaser_text_de":"","second_teaser_text_fr":"","kseason_de":"","kseason_fr":"","post_in_pdf":"","main_focus":[210268,210279],"serie_email":"","frontpage_slider_bild":"","artikel_bild-slider":null,"legacy_id":"","post_abstract":"","magazine_issue":null,"seco_author_reccomended_post":"","redaktoren":"","korrektor":"","planned_publication_date":"2025-06-10 04:50:10","original_files":null,"external_release_for_author":"20250606","external_release_for_author_time":"00:05:00","link_for_external_authors":"https:\/\/dievolkswirtschaft.ch\/fr\/exedit\/681223b9ce5ca"},"_links":{"self":[{"href":"https:\/\/dievolkswirtschaft.ch\/fr\/wp-json\/wp\/v2\/posts\/209513"}],"collection":[{"href":"https:\/\/dievolkswirtschaft.ch\/fr\/wp-json\/wp\/v2\/posts"}],"about":[{"href":"https:\/\/dievolkswirtschaft.ch\/fr\/wp-json\/wp\/v2\/types\/post"}],"author":[{"embeddable":true,"href":"https:\/\/dievolkswirtschaft.ch\/fr\/wp-json\/wp\/v2\/users\/3350"}],"replies":[{"embeddable":true,"href":"https:\/\/dievolkswirtschaft.ch\/fr\/wp-json\/wp\/v2\/comments?post=209513"}],"version-history":[{"count":36,"href":"https:\/\/dievolkswirtschaft.ch\/fr\/wp-json\/wp\/v2\/posts\/209513\/revisions"}],"predecessor-version":[{"id":215434,"href":"https:\/\/dievolkswirtschaft.ch\/fr\/wp-json\/wp\/v2\/posts\/209513\/revisions\/215434"}],"acf:post":[{"embeddable":true,"href":"https:\/\/dievolkswirtschaft.ch\/fr\/wp-json\/wp\/v2\/main_focus_post\/210279"},{"embeddable":true,"href":"https:\/\/dievolkswirtschaft.ch\/fr\/wp-json\/wp\/v2\/main_focus_post\/210268"}],"acf:user":[{"embeddable":true,"href":"https:\/\/dievolkswirtschaft.ch\/fr\/wp-json\/wp\/v2\/users\/13271"},{"embeddable":true,"href":"https:\/\/dievolkswirtschaft.ch\/fr\/wp-json\/wp\/v2\/users\/3350"}],"wp:featuredmedia":[{"embeddable":true,"href":"https:\/\/dievolkswirtschaft.ch\/fr\/wp-json\/wp\/v2\/media\/210865"}],"wp:attachment":[{"href":"https:\/\/dievolkswirtschaft.ch\/fr\/wp-json\/wp\/v2\/media?parent=209513"}],"wp:term":[{"taxonomy":"post__type","embeddable":true,"href":"https:\/\/dievolkswirtschaft.ch\/fr\/wp-json\/wp\/v2\/post__type?post=209513"},{"taxonomy":"post_opinion","embeddable":true,"href":"https:\/\/dievolkswirtschaft.ch\/fr\/wp-json\/wp\/v2\/post_opinion?post=209513"},{"taxonomy":"post_serie","embeddable":true,"href":"https:\/\/dievolkswirtschaft.ch\/fr\/wp-json\/wp\/v2\/post_serie?post=209513"},{"taxonomy":"post_content_category","embeddable":true,"href":"https:\/\/dievolkswirtschaft.ch\/fr\/wp-json\/wp\/v2\/post_content_category?post=209513"},{"taxonomy":"post_content_subject","embeddable":true,"href":"https:\/\/dievolkswirtschaft.ch\/fr\/wp-json\/wp\/v2\/post_content_subject?post=209513"}],"curies":[{"name":"wp","href":"https:\/\/api.w.org\/{rel}","templated":true}]}}