{"id":211170,"date":"2025-07-03T07:00:55","date_gmt":"2025-07-03T05:00:55","guid":{"rendered":"https:\/\/dievolkswirtschaft.ch\/?p=211170"},"modified":"2025-07-03T10:06:19","modified_gmt":"2025-07-03T08:06:19","slug":"la-suisse-et-le-nepal-de-laide-au-commerce","status":"publish","type":"post","link":"https:\/\/dievolkswirtschaft.ch\/fr\/2025\/07\/la-suisse-et-le-nepal-de-laide-au-commerce\/","title":{"rendered":"La Suisse et le N\u00e9pal: de l\u2019aide au commerce"},"content":{"rendered":"<p>Depuis l\u2019\u00e9tablissement des relations diplomatiques entre la Suisse et le N\u00e9pal en 1956, les deux pays ont constamment renforc\u00e9 leurs liens au niveau politique et \u00e9conomique. Au cours des derni\u00e8res d\u00e9cennies, la Suisse s\u2019est montr\u00e9 un partenaire fiable du N\u00e9pal; elle a ainsi maintenu son engagement pendant le conflit arm\u00e9 qui a s\u00e9vi au N\u00e9pal entre 1996 et 2006, adaptant ses programmes et soutenant le processus de justice transitionnelle. De m\u00eame, la Suisse a apport\u00e9 une aide d\u2019urgence et soutenu les efforts de reconstruction du pays apr\u00e8s le <a href=\"https:\/\/www.eda.admin.ch\/eda\/fr\/dfae\/dfae\/aktuell\/newsuebersicht\/2020\/04\/nepal-erdbeben-2015.html\">tremblement de terre d\u2019avril 2015<\/a>.<\/p>\n<p>En 2026, le N\u00e9pal franchira une \u00e9tape importante en sortant de la cat\u00e9gorie <a href=\"https:\/\/www.un.org\/development\/desa\/dpad\/least-developed-country-category.html\">des pays les moins avanc\u00e9s<\/a> (PMA) \u00e9tablie par les Nations Unies. Il s\u2019agit d\u2019un signal positif lanc\u00e9 aux investisseurs \u00e9trangers, m\u00eame si cela entra\u00eene la perte de pr\u00e9f\u00e9rences commerciales et des changements dans les conditions d\u2019octroi de pr\u00eats et capitaux concessionnels. Le N\u00e9pal doit donc r\u00e9duire sa d\u00e9pendance \u00e0 l\u2019aide et intensifier les relations \u00e9conomiques bilat\u00e9rales, notamment en promouvant un climat propice aux investissements et en soutenant l\u2019int\u00e9gration de son \u00e9conomie dans le march\u00e9 global.<\/p>\n<h2 class=\"text__graphic-title\">Encourager les investissements sur un march\u00e9 \u00e9mergent<\/h2>\n<p>La Suisse joue un r\u00f4le cl\u00e9 dans la cr\u00e9ation d\u2019un environnement favorable aux investissements \u00e9trangers directs (IED) au N\u00e9pal. Avec d\u2019autres partenaires au d\u00e9veloppement tels que le Royaume-Unis, l\u2019Union Europ\u00e9enne ou les banques multilat\u00e9rales de d\u00e9veloppement, elle \u0153uvre sans rel\u00e2che aupr\u00e8s des autorit\u00e9s et des responsables politiques locaux pour que soit mis en place un cadre r\u00e9glementaire stable et transparent et que les proc\u00e9dures administratives du pays soient simplifi\u00e9es. Les r\u00e9formes engag\u00e9es dans ce sens par le gouvernement n\u00e9palais ont permis au march\u00e9 de gagner en attractivit\u00e9 aux yeux des investisseurs \u00e9trangers, notamment aupr\u00e8s des institutions financi\u00e8res de d\u00e9veloppement (IFD) suisse, n\u00e9erlandaise, britannique ou finlandaise, comme le refl\u00e8te l\u2019attribution de la toute premi\u00e8re note de cr\u00e9dit souverain au N\u00e9pal. En effet, l\u2019agence de notation Fitch lui a attribu\u00e9 en novembre 2024 la note <a href=\"https:\/\/www.fitchratings.com\/products\/rating-definitions#about-rating-definitions\">BB-<\/a>, avec une perspective stable.<\/p>\n<p>En \u00e9troite collaboration avec l\u2019IFD de la Conf\u00e9d\u00e9ration, le Swiss Investment Fund for Emerging Markets (Sifem), la Suisse cofinance la plateforme \u00abInvest for Impact Nepal\u00bb (IIN). Soutenue \u00e9galement par British International Investment et la Banque de d\u00e9veloppement n\u00e9erlandaise, IIN mobilise des fonds issus des IFD et promeut des r\u00e9formes visant \u00e0 renforcer et moderniser le secteur financier n\u00e9palais. L\u2019organisation de la conf\u00e9rence annuelle \u00abNepal Impact Investment Forum\u00bb est l\u2019une de ses activit\u00e9s. Depuis 2022, cet \u00e9v\u00e9nement, qui vise \u00e0 promouvoir les IED au N\u00e9pal, a vu le nombre de ses participants passer de cinq IFD l\u2019ann\u00e9e de son lancement \u00e0 14 IFD lors de sa 3<sup>e<\/sup>\u00a0\u00e9dition, en 2025. Au total, IIN a facilit\u00e9 des investissements pour un montant total de 691\u00a0millions de dollars am\u00e9ricains, en encourageant les prises de participation dans les entreprises n\u00e9palaises et l\u2019octroi de pr\u00eats aux entreprises actives notamment dans le domaine des infrastructures et le secteur financier<a href=\"#footnote_1\" id=\"footnote-anchor_1\" class=\"inline-footnote__anchor\">[1]<\/a>. Citons comme exemple les investissements du Sifem dans deux banques commerciales n\u00e9palaises, ce qui a permis \u00e0 celles-ci d\u2019accro\u00eetre leur offre de services financiers destin\u00e9s aux petites et moyennes entreprises (PME).<\/p>\n<h2 class=\"text__graphic-title\">Renforcer le tissu \u00e9conomique local<\/h2>\n<p>La coop\u00e9ration suisse au d\u00e9veloppement d\u00e9ploie \u00e9galement des instruments destin\u00e9s \u00e0 favoriser le d\u00e9veloppement du secteur priv\u00e9 n\u00e9palais. En plus d\u2019am\u00e9liorer l\u2019acc\u00e8s des PME aux services financiers, par le biais des investissements susmentionn\u00e9s et la mise en place d\u2019un m\u00e9canisme de r\u00e9duction des risques gr\u00e2ce \u00e0 un fonds de garantie, elle mandate des acteurs du march\u00e9 afin qu\u2019ils renforcent leur offre de services aux entreprises en mati\u00e8re de conseils juridiques, fiduciaires et en management. Ces initiatives visent \u00e0 accro\u00eetre la comp\u00e9titivit\u00e9 des entreprises locales et \u00e0 cr\u00e9er des emplois, offrant aux jeunes N\u00e9palais d\u2019autres perspectives que la migration.<\/p>\n<p>Afin que le march\u00e9 du travail n\u00e9palais r\u00e9ponde aux besoins des entreprises en main-d\u2019\u0153uvre qualifi\u00e9e, la Suisse fournit une assistance technique au minist\u00e8re de l\u2019\u00c9ducation, des sciences et de la technologie ainsi qu\u2019au Conseil pour l\u2019enseignement technique et la formation professionnelle au niveau f\u00e9d\u00e9ral. Concr\u00e8tement, elle aide \u00e0 la mise en \u0153uvre du Plan strat\u00e9gique national pour l\u2019enseignement et la formation techniques et professionnels du gouvernement n\u00e9palais, qui a pour objectif d\u2019am\u00e9liorer le syst\u00e8me de formation professionnelle ainsi que de mieux former et retenir les enseignants.<\/p>\n<p>Enfin, la Suisse aide le N\u00e9pal \u00e0 diversifier son \u00e9conomie et \u00e0 atteindre une croissance autonome, en appuyant des secteurs porteurs tels que le tourisme. Il s\u2019agit par exemple de faire adopter des pratiques et de concevoir des produits touristiques durables ou d\u2019am\u00e9liorer les comp\u00e9tences des professionnels du secteur. Ces interventions permettent au secteur touristique n\u00e9palais de diversifier son offre et d\u2019int\u00e9grer des cha\u00eenes de valeur globales.<\/p>\n<p>Les technologies de l\u2019information sont un autre secteur prometteur pour le N\u00e9pal. Avec une population jeune, bien form\u00e9e et de plus en plus urbaine, le pays dispose d\u2019un potentiel important, comme en t\u00e9moigne la croissance rapide de ce secteur. Selon un rapport de la Banque mondiale, les services num\u00e9riques (d\u00e9veloppement de logiciels, gestion de base de donn\u00e9es et services associ\u00e9s, p.ex.) repr\u00e9sentaient plus de 50% du total des exportations de services du N\u00e9pal \u00e0 la fin de l\u2019ann\u00e9e 2023<a href=\"#footnote_2\" id=\"footnote-anchor_2\" class=\"inline-footnote__anchor\">[2]<\/a>.<\/p>\n<h2 class=\"text__graphic-title\">Des opportunit\u00e9s pour les entreprises suisses<\/h2>\n<p>L\u2019Inde et la Chine sont les principaux partenaires commerciaux du N\u00e9pal qui importe notamment des biens industriels, des produits de haute technologie et de l\u2019\u00e9nergie. Bien que les \u00e9changes \u00e9conomiques entre la Suisse et le N\u00e9pal se soient d\u00e9velopp\u00e9s ces derni\u00e8res ann\u00e9es, ils restent \u00e0 un niveau relativement modeste. En 2024, la Suisse est le 15<sup>e<\/sup>\u00a0partenaire d\u2019exportation du N\u00e9pal et le 34<sup>e\u00a0<\/sup>pour les importations. Pour sa part, le N\u00e9pal est le 129<sup>e<\/sup>\u00a0partenaire commercial de la Suisse<a href=\"#footnote_3\" id=\"footnote-anchor_3\" class=\"inline-footnote__anchor\">[3]<\/a>. L\u2019int\u00e9gration de l\u2019\u00e9conomie n\u00e9palaise dans les cha\u00eenes de valeur globales ouvre de nouvelles opportunit\u00e9s pour la Suisse. Fort de 31 millions d\u2019habitants et d\u2019une classe moyenne urbaine en forte croissance, le N\u00e9pal offre des perspectives int\u00e9ressantes pour les entreprises suisses, notamment dans les domaines des infrastructures et de la protection contre les risques climatiques. Les acteurs publics et priv\u00e9s n\u00e9palais valorisent particuli\u00e8rement l\u2019innovation, la qualit\u00e9 et l\u2019expertise suisses, tout en cherchant \u00e0 \u00e9tablir des partenariats et \u00e0 b\u00e9n\u00e9ficier des services de prestataires suisses.<\/p>\n<p>C\u2019est dans ce contexte que la soci\u00e9t\u00e9 d\u2019assurance et de r\u00e9assurance Swiss Re a cr\u00e9\u00e9 une couverture d\u2019assurance<a href=\"#footnote_4\" id=\"footnote-anchor_4\" class=\"inline-footnote__anchor\">[4]<\/a> r\u00e9pondant aux besoins des investisseurs d\u2019un projet hydro\u00e9lectrique n\u00e9palais au nord-est de Katmandou. Cette offre a permis de surmonter les r\u00e9ticences des assureurs traditionnels, qui h\u00e9sitaient \u00e0 investir dans le pays \u00e0 la suite du tremblement de terre survenu en 2015, et de catalyser les investissements n\u00e9cessaires \u00e0 la r\u00e9alisation du projet. R\u00e9cemment, la coop\u00e9ration suisse au d\u00e9veloppement a en outre facilit\u00e9 la formation d\u2019un consortium d\u2019experts suisses en mod\u00e9lisation des catastrophes et en r\u00e9duction des risques naturels. Ces sp\u00e9cialistes participent \u00e0 un projet de la Banque asiatique de d\u00e9veloppement visant \u00e0 favoriser le transfert de savoir-faire et les investissements afin de pr\u00e9venir les risques li\u00e9s aux catastrophes naturelles au N\u00e9pal.<\/p>\n<p>L\u2019ambassade de Suisse au N\u00e9pal soutient activement l\u2019engagement du secteur priv\u00e9 suisse sur le march\u00e9 n\u00e9palais. Depuis 2022, elle organise des missions de prospection avec l\u2019agence sp\u00e9cialis\u00e9e dans la promotion des exportations Switzerland Global Enterprise (S-GE) afin de permettre aux entreprises suisses de d\u00e9couvrir le march\u00e9 n\u00e9palais et d\u2019explorer les possibilit\u00e9s de collaboration avec les entreprises locales. Essentielles pour le renforcement des relations \u00e9conomiques entre les deux pays, ces missions favorisent les \u00e9changes commerciaux, comme l\u2019illustre la conclusion d\u2019un accord de service a\u00e9rien entre la Suisse et le N\u00e9pal en 2024. Il s\u2019agit de faciliter les \u00e9changes a\u00e9riens entre les deux pays, en particulier pour le transport de passagers et de marchandises, et de pr\u00e9voir des dispositions pour la s\u00e9curit\u00e9 a\u00e9rienne et la coop\u00e9ration entre les autorit\u00e9s comp\u00e9tentes. Cr\u00e9\u00e9e en 2015 au N\u00e9pal, la <a href=\"https:\/\/www.google.com\/url?sa=t&amp;source=web&amp;rct=j&amp;opi=89978449&amp;url=https:\/\/nepalswisschamber.org\/v2\/&amp;ved=2ahUKEwjw26bY2NuNAxVK9gIHHR7rDkAQFnoECBcQAQ&amp;usg=AOvVaw07taLOQJDykgcf5NuWqrF7\">Chambre de commerce et d\u2019industrie N\u00e9pal-Suisse<\/a> promeut le commerce et les investissements entre les deux pays, tandis que la <a href=\"https:\/\/www.sncc.ch\/\">Chambre de commerce Suisse-N\u00e9pal<\/a> en Suisse a \u00e9t\u00e9 fond\u00e9e plus r\u00e9cemment, en 2023. L\u2019ambassade de Suisse au N\u00e9pal collabore \u00e9troitement avec ces deux organisations.<\/p>\n<p>La coop\u00e9ration \u00e9conomique entre la Suisse et le N\u00e9pal poursuit sa transformation. Le N\u00e9pal reste cependant vuln\u00e9rable aux al\u00e9as climatiques, \u00e9conomiques et g\u00e9opolitiques et continuera \u00e0 l\u2019avenir \u00e0 avoir besoin de partenaires fiables et engag\u00e9s tels que la Suisse pour consolider son d\u00e9veloppement.<\/p>\n<ol class=\"footnote\"><li id=\"footnote_1\" class=\"footnote--item\">Selon les donn\u00e9es collect\u00e9es par IIN.&nbsp;<a href=\"#footnote-anchor_1\" class=\"inline-footnote__anchor hidden-print\">[<span class=\"icon-arrow-up\"><\/span>]<\/a><\/li><li id=\"footnote_2\" class=\"footnote--item\">Voir <a href=\"https:\/\/www.worldbank.org\/en\/country\/nepal\/publication\/unlocking-nepal-s-growth-potential\">Unlocking Nepal\u2019s Growth Potential, Nepal Country Economic Memorandum 2025<\/a>, sur le site de la Banque mondiale.&nbsp;<a href=\"#footnote-anchor_2\" class=\"inline-footnote__anchor hidden-print\">[<span class=\"icon-arrow-up\"><\/span>]<\/a><\/li><li id=\"footnote_3\" class=\"footnote--item\">Voir les <a href=\"https:\/\/www.bazg.admin.ch\/bazg\/fr\/home\/themes\/statistique-du-commerce-exterieur-suisse\/daten\/handelspartner.html\">donn\u00e9es<\/a> de l\u2019administration f\u00e9d\u00e9rale des douanes.&nbsp;<a href=\"#footnote-anchor_3\" class=\"inline-footnote__anchor hidden-print\">[<span class=\"icon-arrow-up\"><\/span>]<\/a><\/li><li id=\"footnote_4\" class=\"footnote--item\">Plus d\u2019informations sur ce projet sur le site Internet de <a href=\"https:\/\/corporatesolutions.swissre.com\/insights\/knowledge\/parametric-renewable-energy-nepal.html\">Swiss Re<\/a>.&nbsp;<a href=\"#footnote-anchor_4\" class=\"inline-footnote__anchor hidden-print\">[<span class=\"icon-arrow-up\"><\/span>]<\/a><\/li><\/ol>","protected":false},"excerpt":{"rendered":"<p>Depuis l\u2019\u00e9tablissement des relations diplomatiques entre la Suisse et le N\u00e9pal en 1956, les deux pays ont constamment renforc\u00e9 leurs liens au niveau politique et \u00e9conomique. Au cours des derni\u00e8res d\u00e9cennies, la Suisse s\u2019est montr\u00e9 un partenaire fiable du N\u00e9pal; elle a ainsi maintenu son engagement pendant le conflit arm\u00e9 qui a s\u00e9vi au N\u00e9pal [&hellip;]<\/p>","protected":false},"author":2875,"featured_media":211971,"comment_status":"open","ping_status":"open","sticky":false,"template":"","format":"standard","meta":{"_acf_changed":false,"om_disable_all_campaigns":false,"ep_exclude_from_search":false,"footnotes":""},"post__type":[83],"post_opinion":[],"post_serie":[],"post_content_category":[106],"post_content_subject":[134],"acf":{"seco_author":2875,"seco_co_author":[13384],"author_override":"","seco_author_post_ocupation_year":"","seco_author_post_occupation_de":"Beraterin (Senior Advisor) am Schweizer Exekutivb\u00fcro bei der Weltbank, Washington DC","seco_author_post_occupation_fr":"Ambassadrice, Ambassade de Suisse au N\u00e9pal, Katmandou","seco_co_authors_post_ocupation":[{"seco_co_author":13384,"seco_co_author_post_occupation_year":"","seco_co_author_post_occupation_de":"","seco_co_author_post_occupation_fr":"Charg\u00e9e de programme, Ambassade de Suisse au N\u00e9pal, Katmandou"}],"short_title":"","post_lead":"En 2026, le N\u00e9pal sortira de la cat\u00e9gorie des pays les moins avanc\u00e9s. Partenaire de longue date, la Suisse accompagne cette transition en misant sur les investissements et le renforcement des relations \u00e9conomiques bilat\u00e9rales.","post_hero_image_description":"Le commerce entre la Suisse et le N\u00e9pal s'est intensifi\u00e9 ces derni\u00e8res ann\u00e9es. Des t\u00e9l\u00e9ph\u00e9riques dans la ville de Katmandou, avec l\u2019Himalaya \u00e0 l\u2019arri\u00e8re-plan.","post_hero_image_description_copyright_de":"","post_hero_image_description_copyright_fr":"Keystone","post_references_literature":"","post_kasten":null,"post_notes_for_print":"","first_teaser_header_de":"","first_teaser_header_fr":"","first_teaser_text_de":"","first_teaser_text_fr":"","second_teaser_header_de":"","second_teaser_header_fr":"","second_teaser_text_de":"","second_teaser_text_fr":"","kseason_de":"","kseason_fr":"","post_in_pdf":"","main_focus":"","serie_email":"","frontpage_slider_bild":"","artikel_bild-slider":null,"legacy_id":"","post_abstract":"","magazine_issue":null,"seco_author_reccomended_post":"","redaktoren":"","korrektor":"","planned_publication_date":"2025-07-03 05:00:38","original_files":null,"external_release_for_author":"20250703","external_release_for_author_time":"00:05:00","link_for_external_authors":"https:\/\/dievolkswirtschaft.ch\/fr\/exedit\/684a97bfbfc19"},"_links":{"self":[{"href":"https:\/\/dievolkswirtschaft.ch\/fr\/wp-json\/wp\/v2\/posts\/211170"}],"collection":[{"href":"https:\/\/dievolkswirtschaft.ch\/fr\/wp-json\/wp\/v2\/posts"}],"about":[{"href":"https:\/\/dievolkswirtschaft.ch\/fr\/wp-json\/wp\/v2\/types\/post"}],"author":[{"embeddable":true,"href":"https:\/\/dievolkswirtschaft.ch\/fr\/wp-json\/wp\/v2\/users\/2875"}],"replies":[{"embeddable":true,"href":"https:\/\/dievolkswirtschaft.ch\/fr\/wp-json\/wp\/v2\/comments?post=211170"}],"version-history":[{"count":19,"href":"https:\/\/dievolkswirtschaft.ch\/fr\/wp-json\/wp\/v2\/posts\/211170\/revisions"}],"predecessor-version":[{"id":212023,"href":"https:\/\/dievolkswirtschaft.ch\/fr\/wp-json\/wp\/v2\/posts\/211170\/revisions\/212023"}],"acf:user":[{"embeddable":true,"href":"https:\/\/dievolkswirtschaft.ch\/fr\/wp-json\/wp\/v2\/users\/13384"},{"embeddable":true,"href":"https:\/\/dievolkswirtschaft.ch\/fr\/wp-json\/wp\/v2\/users\/2875"}],"wp:featuredmedia":[{"embeddable":true,"href":"https:\/\/dievolkswirtschaft.ch\/fr\/wp-json\/wp\/v2\/media\/211971"}],"wp:attachment":[{"href":"https:\/\/dievolkswirtschaft.ch\/fr\/wp-json\/wp\/v2\/media?parent=211170"}],"wp:term":[{"taxonomy":"post__type","embeddable":true,"href":"https:\/\/dievolkswirtschaft.ch\/fr\/wp-json\/wp\/v2\/post__type?post=211170"},{"taxonomy":"post_opinion","embeddable":true,"href":"https:\/\/dievolkswirtschaft.ch\/fr\/wp-json\/wp\/v2\/post_opinion?post=211170"},{"taxonomy":"post_serie","embeddable":true,"href":"https:\/\/dievolkswirtschaft.ch\/fr\/wp-json\/wp\/v2\/post_serie?post=211170"},{"taxonomy":"post_content_category","embeddable":true,"href":"https:\/\/dievolkswirtschaft.ch\/fr\/wp-json\/wp\/v2\/post_content_category?post=211170"},{"taxonomy":"post_content_subject","embeddable":true,"href":"https:\/\/dievolkswirtschaft.ch\/fr\/wp-json\/wp\/v2\/post_content_subject?post=211170"}],"curies":[{"name":"wp","href":"https:\/\/api.w.org\/{rel}","templated":true}]}}